{"id":10368,"date":"2020-09-12T11:31:34","date_gmt":"2020-09-12T11:31:34","guid":{"rendered":"http:\/\/aeaf.edu.pt\/?p=10368"},"modified":"2020-09-21T13:06:41","modified_gmt":"2020-09-21T13:06:41","slug":"rececao-aos-alunos-e-encarregados-de-educacao-da-esaf","status":"publish","type":"post","link":"http:\/\/aeaf.edu.pt\/?p=10368","title":{"rendered":"Rece\u00e7\u00e3o aos alunos e encarregados de educa\u00e7\u00e3o da ESAF"},"content":{"rendered":"\n<hr class=\"wp-block-separator is-style-default\"\/>\n\n\n\n<p style=\"font-size:18px\"><strong><span style=\"color:#000000\" class=\"has-inline-color\">15 de setembro (ter\u00e7a-feira)<\/span><\/strong>:<\/p>\n\n\n\n<div class=\"wp-block-file aligncenter\"><a href=\"http:\/\/aeaf.edu.pt\/wp-content\/uploads\/2020\/09\/Rece\u00e7\u00e3o-aos-EE-8\u00ba9\u00ba11\u00ba-e-12\u00ba-anos-da-ESAF-2020.pdf\" target=\"_blank\" rel=\"noreferrer noopener\"><u><strong><span style=\"color:#000000\" class=\"has-inline-color\">Rece\u00e7\u00e3o aos EE dos 8\u00ba, 9\u00ba, 11\u00ba e 12\u00ba anos da ESAF &#8211; 2020<\/span><\/strong><\/u><\/a><a href=\"http:\/\/aeaf.edu.pt\/wp-content\/uploads\/2020\/09\/Rece\u00e7\u00e3o-aos-EE-8\u00ba9\u00ba11\u00ba-e-12\u00ba-anos-da-ESAF-2020.pdf\" class=\"wp-block-file__button\" download>Descarregar<\/a><\/div>\n\n\n\n<hr class=\"wp-block-separator is-style-default\"\/>\n\n\n\n<p style=\"font-size:18px\"><strong><span style=\"color:#000000\" class=\"has-inline-color\">16 de setembro (quarta-feira)<\/span><\/strong>:<\/p>\n\n\n\n<div class=\"wp-block-file aligncenter\"><a href=\"http:\/\/aeaf.edu.pt\/wp-content\/uploads\/2020\/09\/Rece\u00e7\u00e3o-aos-alunos-e-EE-7\u00ba-e-10\u00ba-anos-da-ESAF-2020.pdf\" target=\"_blank\" rel=\"noreferrer noopener\"><u><strong><span style=\"color:#000000\" class=\"has-inline-color\">Rece\u00e7\u00e3o aos alunos e EE do 7\u00ba e 10\u00ba anos da ESAF &#8211; 2020<\/span><\/strong><\/u><\/a><a href=\"http:\/\/aeaf.edu.pt\/wp-content\/uploads\/2020\/09\/Rece\u00e7\u00e3o-aos-alunos-e-EE-7\u00ba-e-10\u00ba-anos-da-ESAF-2020.pdf\" class=\"wp-block-file__button\" download>Descarregar<\/a><\/div>\n\n\n\n<p><\/p>\n","protected":false},"excerpt":{"rendered":"<p>15 de setembro (ter\u00e7a-feira): 16 de setembro (quarta-feira):<\/p>\n","protected":false},"author":5,"featured_media":10002,"comment_status":"closed","ping_status":"closed","sticky":false,"template":"","format":"standard","meta":[],"categories":[60],"tags":[],"_links":{"self":[{"href":"http:\/\/aeaf.edu.pt\/index.php?rest_route=\/wp\/v2\/posts\/10368"}],"collection":[{"href":"http:\/\/aeaf.edu.pt\/index.php?rest_route=\/wp\/v2\/posts"}],"about":[{"href":"http:\/\/aeaf.edu.pt\/index.php?rest_route=\/wp\/v2\/types\/post"}],"author":[{"embeddable":true,"href":"http:\/\/aeaf.edu.pt\/index.php?rest_route=\/wp\/v2\/users\/5"}],"replies":[{"embeddable":true,"href":"http:\/\/aeaf.edu.pt\/index.php?rest_route=%2Fwp%2Fv2%2Fcomments&post=10368"}],"version-history":[{"count":2,"href":"http:\/\/aeaf.edu.pt\/index.php?rest_route=\/wp\/v2\/posts\/10368\/revisions"}],"predecessor-version":[{"id":10372,"href":"http:\/\/aeaf.edu.pt\/index.php?rest_route=\/wp\/v2\/posts\/10368\/revisions\/10372"}],"wp:featuredmedia":[{"embeddable":true,"href":"http:\/\/aeaf.edu.pt\/index.php?rest_route=\/wp\/v2\/media\/10002"}],"wp:attachment":[{"href":"http:\/\/aeaf.edu.pt\/index.php?rest_route=%2Fwp%2Fv2%2Fmedia&parent=10368"}],"wp:term":[{"taxonomy":"category","embeddable":true,"href":"http:\/\/aeaf.edu.pt\/index.php?rest_route=%2Fwp%2Fv2%2Fcategories&post=10368"},{"taxonomy":"post_tag","embeddable":true,"href":"http:\/\/aeaf.edu.pt\/index.php?rest_route=%2Fwp%2Fv2%2Ftags&post=10368"}],"curies":[{"name":"wp","href":"https:\/\/api.w.org\/{rel}","templated":true}]}}