{"id":10727,"date":"2021-02-13T18:47:53","date_gmt":"2021-02-13T18:47:53","guid":{"rendered":"http:\/\/aeaf.edu.pt\/?p=10727"},"modified":"2024-02-15T20:52:34","modified_gmt":"2024-02-15T20:52:34","slug":"rightful-perception-of-reality-erasmus-tr01-ka-229-059125_4","status":"publish","type":"post","link":"http:\/\/aeaf.edu.pt\/?p=10727","title":{"rendered":"Projetos &#8211; Erasmus+ &#8211; AEAF"},"content":{"rendered":"\n<p style=\"font-size:30px\"><strong>I<span class=\"has-inline-color has-black-color\">nterc\u00e2mbios Anuais ou Bianuais:<\/span><\/strong><\/p>\n\n\n\n<div class=\"wp-block-image\"><figure class=\"alignright size-full is-resized\"><a href=\"http:\/\/aeaf.edu.pt\/wp-content\/uploads\/2022\/02\/aeaf_preto.png\"><img loading=\"lazy\" src=\"http:\/\/aeaf.edu.pt\/wp-content\/uploads\/2022\/02\/aeaf_preto.png\" alt=\"\" class=\"wp-image-11936\" width=\"109\" height=\"39\"\/><\/a><\/figure><\/div>\n\n\n\n<p class=\"has-medium-font-size\"><strong><span class=\"has-inline-color has-black-color\"><br><em>Pa\u00edses Baixos<\/em> \u2013 <\/span><span style=\"color:#2111e7\" class=\"has-inline-color\">Theresialyceum, de Tilburg<\/span><span class=\"has-inline-color has-black-color\"><br><em>Pol\u00f3nia<\/em> \u2013 <\/span><span style=\"color:#2111e7\" class=\"has-inline-color\">Gymnasium de Bialystok<\/span><span class=\"has-inline-color has-black-color\"><br><em>Let\u00f3nia<\/em> \u2013 <\/span><span style=\"color:#2111e7\" class=\"has-inline-color\">Gulbene Gymnasium<\/span><span class=\"has-inline-color has-black-color\"><br><em>Dinamarca<\/em> \u2013 <\/span><span style=\"color:#2111e7\" class=\"has-inline-color\">Kalundborg Gymnasium<\/span><\/strong><\/p>\n\n\n\n<div style=\"height:43px\" aria-hidden=\"true\" class=\"wp-block-spacer\"><\/div>\n\n\n\n<hr class=\"wp-block-separator\"\/>\n\n\n\n<p style=\"font-size:30px\"><strong> <span class=\"has-inline-color has-black-color\">Erasmus+<\/span> <\/strong><\/p>\n\n\n\n<div class=\"wp-block-image\"><figure class=\"alignright size-full is-resized\"><a href=\"http:\/\/aeaf.edu.pt\/wp-content\/uploads\/2022\/05\/imagemerasmus1.png\"><img loading=\"lazy\" src=\"http:\/\/aeaf.edu.pt\/wp-content\/uploads\/2022\/05\/imagemerasmus1.png\" alt=\"\" class=\"wp-image-12222\" width=\"183\" height=\"48\" srcset=\"http:\/\/aeaf.edu.pt\/wp-content\/uploads\/2022\/05\/imagemerasmus1.png 400w, http:\/\/aeaf.edu.pt\/wp-content\/uploads\/2022\/05\/imagemerasmus1-300x79.png 300w\" sizes=\"(max-width: 183px) 100vw, 183px\" \/><\/a><\/figure><\/div>\n\n\n\n<div style=\"height:43px\" aria-hidden=\"true\" class=\"wp-block-spacer\"><\/div>\n\n\n\n<p class=\"has-medium-font-size\">2020-2023: <\/p>\n\n\n\n<p class=\"has-medium-font-size\"><strong>Increasing Student Competencies in Mobile Applications and Diversifying Digital Skills &#8211; <span class=\"has-inline-color has-black-color\">Erasmus+<\/span><\/strong>  2020-1-DE03-KA229-077283_1<\/p>\n\n\n\n<div style=\"height:43px\" aria-hidden=\"true\" class=\"wp-block-spacer\"><\/div>\n\n\n\n<p class=\"has-medium-font-size\">2020-2023: <\/p>\n\n\n\n<p class=\"has-medium-font-size\"><strong>PROFISSIONAL-ERASMUS+ \u00abBET- Bridging education and training by real experiences in labour market \u00bb<\/strong> &#8211; <strong>2019-1-PT01-KA102-060101<\/strong><\/p>\n\n\n\n<p>O <strong>A<\/strong>grupamento de <strong>E<\/strong>scolas <strong>A<\/strong>lcaides de <strong>F<\/strong>aria faz parte de um cons\u00f3rcio Erasmus+ coordenado pelo <strong>Munic\u00edpio de Barcelos<\/strong> e de que fazem parte tamb\u00e9m o Agrupamento de Escolas de Barcelos, o Agrupamento de Escolas Vale D\u00b4\u00c9ste e a Escola Secund\u00e1ria de Barcelinhos.<\/p>\n\n\n\n<p>O cons\u00f3rcio prev\u00ea neste projeto a atribui\u00e7\u00e3o de 80 bolsas de mobilidade, tendo sido atribu\u00eddas 30 bolsas para o Agrupamento de Escolas Alcaides de Faria, que ser\u00e3o repartidas pelos seus cursos profissionais.<\/p>\n\n\n\n<p><strong><u>DESTINAT\u00c1RIOS<\/u><\/strong> As bolsas de mobilidade do <strong>A<\/strong>grupamento de <strong>E<\/strong>scolas <strong>A<\/strong>lcaides de <strong>F<\/strong>aria destinam-se a formandos do 12\u00baano dos cursos profissionais de <strong>T<\/strong>\u00e9cnico de <strong>G<\/strong>est\u00e3o e <strong>P<\/strong>rograma\u00e7\u00e3o de <strong>S<\/strong>istemas <strong>I<\/strong>nform\u00e1ticos e <strong>T<\/strong>\u00e9cnicos de <strong>M<\/strong>ultim\u00e9dia. Caso n\u00e3o haja candidatos suficientes poder\u00e3o participar alunos dos outros cursos.<\/p>\n\n\n\n<div class=\"wp-block-file\"><a href=\"http:\/\/aeaf.edu.pt\/wp-content\/uploads\/2022\/11\/Regulamento-mobilidades-ERASMUS-BET.pdf\" target=\"_blank\" rel=\"noreferrer noopener\"><strong><span style=\"text-decoration: underline;\"><span class=\"has-inline-color has-black-color\">Regulamento Mobilidades &#8211; ERASMUS BET<\/span><\/span><\/strong><\/a><a href=\"http:\/\/aeaf.edu.pt\/wp-content\/uploads\/2022\/11\/Regulamento-mobilidades-ERASMUS-BET.pdf\" class=\"wp-block-file__button\" download>Descarregar<\/a><\/div>\n\n\n\n<div class=\"wp-block-file\"><a href=\"http:\/\/aeaf.edu.pt\/wp-content\/uploads\/2022\/11\/ATA_selecao-alunos-Erasmus_Bet_2021.pdf\" target=\"_blank\" rel=\"noreferrer noopener\"><strong><span style=\"text-decoration: underline;\"><span class=\"has-inline-color has-black-color\">ATA &#8211; Sele\u00e7\u00e3o alunos &#8211; Erasmus_Bet_2021<\/span><\/span><\/strong><\/a><a href=\"http:\/\/aeaf.edu.pt\/wp-content\/uploads\/2022\/11\/ATA_selecao-alunos-Erasmus_Bet_2021.pdf\" class=\"wp-block-file__button\" download>Descarregar<\/a><\/div>\n\n\n\n<div class=\"wp-block-file\"><a href=\"http:\/\/aeaf.edu.pt\/wp-content\/uploads\/2022\/11\/Ata-selecao-alunos-AEAF_ERASMUS_BET.pdf\" target=\"_blank\" rel=\"noreferrer noopener\"><strong><span style=\"text-decoration: underline;\"><span class=\"has-inline-color has-black-color\">Ata Selecao alunos AEAF &#8211; ERASMUS_BET<\/span><\/span><\/strong><\/a><a href=\"http:\/\/aeaf.edu.pt\/wp-content\/uploads\/2022\/11\/Ata-selecao-alunos-AEAF_ERASMUS_BET.pdf\" class=\"wp-block-file__button\" download>Descarregar<\/a><\/div>\n\n\n\n<div style=\"height:43px\" aria-hidden=\"true\" class=\"wp-block-spacer\"><\/div>\n\n\n\n<p class=\"has-medium-font-size\">2020-2022: <\/p>\n\n\n\n<p class=\"has-medium-font-size\"><strong>STOP violence through dance and outdoor activities<\/strong> &#8211;<strong> <strong><span class=\"has-inline-color has-black-color\">Erasmus+<\/span><\/strong> <\/strong>2020-1-RO01-KA105-079608<\/p>\n\n\n\n<div style=\"height:43px\" aria-hidden=\"true\" class=\"wp-block-spacer\"><\/div>\n\n\n\n<p class=\"has-medium-font-size\">2020-2022: <\/p>\n\n\n\n<p class=\"has-medium-font-size\"><strong>21st Century active Citizenship<\/strong> &#8211;<strong> <strong><span class=\"has-inline-color has-black-color\">Erasmus+<\/span><\/strong> <\/strong>2020-1-RO01-KA105-079608<\/p>\n\n\n\n<div style=\"height:43px\" aria-hidden=\"true\" class=\"wp-block-spacer\"><\/div>\n\n\n\n<p class=\"has-medium-font-size\">2018-2021: <\/p>\n\n\n\n<p class=\"has-medium-font-size\"><strong><span class=\"has-inline-color has-black-color\">WE ARE BETTER FRI<\/span>ENDS WITH OUR STORIES<\/strong>  <strong><span class=\"has-inline-color has-black-color\">&#8211; Erasmus+<\/span><\/strong> 2018-1-PT01-KA229-047400_1<\/p>\n\n\n\n<p>A ideia do projeto foi desenvolvida como resultado das necessidades identificadas pelas escolas parceiras \u2013 Rom\u00e9nia, Eslov\u00e1quia, Pol\u00f3nia e Turquia \u2013 coordenadas pela Escola Secund\u00e1ria Alcaides de Faria, tendo por base as lendas e hist\u00f3rias de cada pa\u00eds.<\/p>\n\n\n\n<div class=\"wp-block-media-text alignwide is-stacked-on-mobile\"><figure class=\"wp-block-media-text__media\"><img loading=\"lazy\" width=\"729\" height=\"1030\" src=\"http:\/\/aeaf.edu.pt\/wp-content\/uploads\/2022\/03\/Erasmus-Poster_cartaz_better-friends_portugal-1-1-729x1030.png\" alt=\"\" class=\"wp-image-12014 size-full\" srcset=\"http:\/\/aeaf.edu.pt\/wp-content\/uploads\/2022\/03\/Erasmus-Poster_cartaz_better-friends_portugal-1-1-729x1030.png 729w, http:\/\/aeaf.edu.pt\/wp-content\/uploads\/2022\/03\/Erasmus-Poster_cartaz_better-friends_portugal-1-1-212x300.png 212w, http:\/\/aeaf.edu.pt\/wp-content\/uploads\/2022\/03\/Erasmus-Poster_cartaz_better-friends_portugal-1-1-768x1085.png 768w, http:\/\/aeaf.edu.pt\/wp-content\/uploads\/2022\/03\/Erasmus-Poster_cartaz_better-friends_portugal-1-1-499x705.png 499w, http:\/\/aeaf.edu.pt\/wp-content\/uploads\/2022\/03\/Erasmus-Poster_cartaz_better-friends_portugal-1-1-450x636.png 450w, http:\/\/aeaf.edu.pt\/wp-content\/uploads\/2022\/03\/Erasmus-Poster_cartaz_better-friends_portugal-1-1.png 900w\" sizes=\"(max-width: 729px) 100vw, 729px\" \/><\/figure><div class=\"wp-block-media-text__content\">\n<p>O mundo das hist\u00f3rias \u00e9 um mundo sem fronteiras. As hist\u00f3rias representam abordagens hol\u00edsticas ao ensino e aprendizagem que permitem o envolvimento dos alunos com material rico e aut\u00eantico. As hist\u00f3rias s\u00e3o um instrumento de comunica\u00e7\u00e3o essencial para a aprendizagem experimental, permitindo aos alunos conhecer a sua heran\u00e7a cultural e o patrim\u00f3nio cultural europeu, promovendo a criatividade atrav\u00e9s do meio das hist\u00f3rias e a cria\u00e7\u00e3o de uma cultura de aceita\u00e7\u00e3o e respeito m\u00fatuo.<\/p>\n\n\n\n<p class=\"has-medium-font-size\"><strong>Site Projeto:<\/strong> <\/p>\n\n\n\n<p class=\"has-text-align-center\"><a href=\"https:\/\/sites.google.com\/erakolejleri.k12.tr\/eraortaokulerasmus\/home\" target=\"_blank\" rel=\"noreferrer noopener\"><strong><em><u><span style=\"color:#180ceb\" class=\"has-inline-color\">&#8220;WE ARE BETTER FRIENDS WITH OUR STORIES&#8221;<\/span><\/u><\/em><\/strong><\/a><\/p>\n<\/div><\/div>\n\n\n\n<div style=\"height:32px\" aria-hidden=\"true\" class=\"wp-block-spacer\"><\/div>\n\n\n\n<hr class=\"wp-block-separator\"\/>\n\n\n\n<div style=\"height:43px\" aria-hidden=\"true\" class=\"wp-block-spacer\"><\/div>\n\n\n\n<p class=\"has-medium-font-size\">2018-2021: <\/p>\n\n\n\n<p class=\"has-medium-font-size\"><strong><span class=\"has-inline-color has-black-color\">RIGHTFUL PERCEPTION OF REALITY &#8211; Erasmus+ <\/span><\/strong><span class=\"has-inline-color has-black-color\">TR01-KA-229-059125_4<\/span><\/p>\n\n\n\n<figure class=\"wp-block-image size-large\"><img loading=\"lazy\" width=\"960\" height=\"604\" src=\"http:\/\/aeaf.edu.pt\/wp-content\/uploads\/2021\/02\/Poster_Erasmus_Espanha.jpg\" alt=\"\" class=\"wp-image-10728\" srcset=\"http:\/\/aeaf.edu.pt\/wp-content\/uploads\/2021\/02\/Poster_Erasmus_Espanha.jpg 960w, http:\/\/aeaf.edu.pt\/wp-content\/uploads\/2021\/02\/Poster_Erasmus_Espanha-300x189.jpg 300w, http:\/\/aeaf.edu.pt\/wp-content\/uploads\/2021\/02\/Poster_Erasmus_Espanha-768x483.jpg 768w, http:\/\/aeaf.edu.pt\/wp-content\/uploads\/2021\/02\/Poster_Erasmus_Espanha-705x444.jpg 705w, http:\/\/aeaf.edu.pt\/wp-content\/uploads\/2021\/02\/Poster_Erasmus_Espanha-450x283.jpg 450w\" sizes=\"(max-width: 960px) 100vw, 960px\" \/><\/figure>\n\n\n\n<div class=\"wp-block-file aligncenter\"><a href=\"http:\/\/aeaf.edu.pt\/wp-content\/uploads\/2021\/02\/ERASMUS_Spain_Final-weekly-Program.pdf\" target=\"_blank\" rel=\"noreferrer noopener\"><u><strong><span style=\"color:#000000\" class=\"has-inline-color\">ERASMUS_Spain_Final-weekly-Program<\/span><\/strong><\/u><\/a><a href=\"http:\/\/aeaf.edu.pt\/wp-content\/uploads\/2021\/02\/ERASMUS_Spain_Final-weekly-Program.pdf\" class=\"wp-block-file__button\" download>Descarregar<\/a><\/div>\n\n\n\n<div class=\"wp-block-image\"><figure class=\"aligncenter size-full\"><a href=\"https:\/\/www.storyjumper.com\/book\/read\/108294586\/60e7f90502686\"><img loading=\"lazy\" width=\"647\" height=\"515\" src=\"http:\/\/aeaf.edu.pt\/wp-content\/uploads\/2022\/04\/Livro.png\" alt=\"\" class=\"wp-image-12083\" srcset=\"http:\/\/aeaf.edu.pt\/wp-content\/uploads\/2022\/04\/Livro.png 647w, http:\/\/aeaf.edu.pt\/wp-content\/uploads\/2022\/04\/Livro-300x239.png 300w, http:\/\/aeaf.edu.pt\/wp-content\/uploads\/2022\/04\/Livro-450x358.png 450w\" sizes=\"(max-width: 647px) 100vw, 647px\" \/><\/a><\/figure><\/div>\n\n\n\n<hr class=\"wp-block-separator\"\/>\n\n\n\n<div style=\"height:43px\" aria-hidden=\"true\" class=\"wp-block-spacer\"><\/div>\n\n\n\n<p class=\"has-medium-font-size\">2018-2020: <\/p>\n\n\n\n<p class=\"has-medium-font-size\"><strong>\u201cVET me today, JOB me tomorrow\u201d &#8211; <strong>Erasmus+<\/strong><\/strong> 2018-1-PT01-KA102-047086<\/p>\n\n\n\n<hr class=\"wp-block-separator\"\/>\n\n\n\n<div style=\"height:43px\" aria-hidden=\"true\" class=\"wp-block-spacer\"><\/div>\n\n\n\n<p class=\"has-medium-font-size\">2016-2018: <\/p>\n\n\n\n<p class=\"has-medium-font-size\"><strong>&#8220;Combating discrimination and bullying&#8221; &#8211; <strong>Erasmus+<\/strong><\/strong><\/p>\n\n\n\n<p class=\"has-text-align-center\"><strong><a href=\"https:\/\/live.etwinning.net\/projects\/project\/140175\" target=\"_blank\" rel=\"noreferrer noopener\"><span style=\"text-decoration: underline;\"><span style=\"color:#1a0fe6\" class=\"has-inline-color\">Etwinning<\/span><\/span><\/a><\/strong><\/p>\n\n\n\n<p class=\"has-text-align-center\"><strong><a href=\"https:\/\/www.facebook.com\/Combating-discrimination-and-bullying-Erasmus-170211453462675\/\" target=\"_blank\" rel=\"noreferrer noopener\"><span style=\"text-decoration: underline;\"><span style=\"color:#1a0fe6\" class=\"has-inline-color\">Facebook<\/span><\/span><\/a><\/strong><\/p>\n\n\n\n<hr class=\"wp-block-separator\"\/>\n\n\n\n<div class=\"wp-block-image\"><figure class=\"alignright size-full is-resized\"><a href=\"http:\/\/aeaf.edu.pt\/wp-content\/uploads\/2022\/02\/erasmus.jpg\"><img loading=\"lazy\" src=\"http:\/\/aeaf.edu.pt\/wp-content\/uploads\/2022\/02\/erasmus.jpg\" alt=\"\" class=\"wp-image-11935\" width=\"125\" height=\"37\"\/><\/a><\/figure><\/div>\n\n\n\n<figure class=\"wp-block-image size-full is-resized\"><a href=\"http:\/\/aeaf.edu.pt\/wp-content\/uploads\/2021\/02\/erasmus_AgenciaNac_preto1.jpg\"><img loading=\"lazy\" src=\"http:\/\/aeaf.edu.pt\/wp-content\/uploads\/2021\/02\/erasmus_AgenciaNac_preto1.jpg\" alt=\"\" class=\"wp-image-12221\" width=\"112\" height=\"71\"\/><\/a><\/figure>\n","protected":false},"excerpt":{"rendered":"<p>Interc\u00e2mbios Anuais ou Bianuais: Pa\u00edses Baixos \u2013 Theresialyceum, de TilburgPol\u00f3nia \u2013 Gymnasium de BialystokLet\u00f3nia \u2013 Gulbene GymnasiumDinamarca \u2013 Kalundborg Gymnasium Erasmus+ 2020-2023: Increasing Student Competencies in Mobile Applications and Diversifying Digital Skills &#8211; Erasmus+ 2020-1-DE03-KA229-077283_1 2020-2023: PROFISSIONAL-ERASMUS+ \u00abBET- Bridging education and training by real experiences in labour market \u00bb &#8211; 2019-1-PT01-KA102-060101 O Agrupamento de Escolas [&hellip;]<\/p>\n","protected":false},"author":5,"featured_media":10006,"comment_status":"closed","ping_status":"closed","sticky":false,"template":"","format":"standard","meta":[],"categories":[1],"tags":[],"_links":{"self":[{"href":"http:\/\/aeaf.edu.pt\/index.php?rest_route=\/wp\/v2\/posts\/10727"}],"collection":[{"href":"http:\/\/aeaf.edu.pt\/index.php?rest_route=\/wp\/v2\/posts"}],"about":[{"href":"http:\/\/aeaf.edu.pt\/index.php?rest_route=\/wp\/v2\/types\/post"}],"author":[{"embeddable":true,"href":"http:\/\/aeaf.edu.pt\/index.php?rest_route=\/wp\/v2\/users\/5"}],"replies":[{"embeddable":true,"href":"http:\/\/aeaf.edu.pt\/index.php?rest_route=%2Fwp%2Fv2%2Fcomments&post=10727"}],"version-history":[{"count":11,"href":"http:\/\/aeaf.edu.pt\/index.php?rest_route=\/wp\/v2\/posts\/10727\/revisions"}],"predecessor-version":[{"id":13754,"href":"http:\/\/aeaf.edu.pt\/index.php?rest_route=\/wp\/v2\/posts\/10727\/revisions\/13754"}],"wp:featuredmedia":[{"embeddable":true,"href":"http:\/\/aeaf.edu.pt\/index.php?rest_route=\/wp\/v2\/media\/10006"}],"wp:attachment":[{"href":"http:\/\/aeaf.edu.pt\/index.php?rest_route=%2Fwp%2Fv2%2Fmedia&parent=10727"}],"wp:term":[{"taxonomy":"category","embeddable":true,"href":"http:\/\/aeaf.edu.pt\/index.php?rest_route=%2Fwp%2Fv2%2Fcategories&post=10727"},{"taxonomy":"post_tag","embeddable":true,"href":"http:\/\/aeaf.edu.pt\/index.php?rest_route=%2Fwp%2Fv2%2Ftags&post=10727"}],"curies":[{"name":"wp","href":"https:\/\/api.w.org\/{rel}","templated":true}]}}