{"id":10922,"date":"2022-06-22T11:04:00","date_gmt":"2022-06-22T11:04:00","guid":{"rendered":"http:\/\/aeaf.edu.pt\/?p=10922"},"modified":"2023-03-03T16:13:25","modified_gmt":"2023-03-03T16:13:25","slug":"calendarizacao-para-a-devolucao-dos-manuais-escolares","status":"publish","type":"post","link":"http:\/\/aeaf.edu.pt\/?p=10922","title":{"rendered":"Calendariza\u00e7\u00e3o para a Devolu\u00e7\u00e3o dos Manuais Escolares &#8211; AEAF"},"content":{"rendered":"\n<hr class=\"wp-block-separator\"\/>\n\n\n\n<h2><span class=\"has-inline-color has-black-color\">EB Manhente:<\/span><\/h2>\n\n\n\n<div class=\"wp-block-file aligncenter\"><a href=\"http:\/\/aeaf.edu.pt\/wp-content\/uploads\/2022\/06\/Calendario-para-Devolucao-Manuais-Escolares-2021-2022-Manhente.pdf\" target=\"_blank\" rel=\"noreferrer noopener\"><strong><span style=\"text-decoration: underline;\"><span class=\"has-inline-color has-black-color\">Calend\u00e1rio para Devolu\u00e7\u00e3o Manuais Escolares 2021-2022 &#8211; Manhente<\/span><\/span><\/strong><\/a><a href=\"http:\/\/aeaf.edu.pt\/wp-content\/uploads\/2022\/06\/Calendario-para-Devolucao-Manuais-Escolares-2021-2022-Manhente.pdf\" class=\"wp-block-file__button\" download>Descarregar<\/a><\/div>\n\n\n\n<div style=\"height:63px\" aria-hidden=\"true\" class=\"wp-block-spacer\"><\/div>\n\n\n\n<h2><span class=\"has-inline-color has-black-color\">ESAF:<\/span><\/h2>\n\n\n\n<p class=\"has-medium-font-size\"><strong>Para os 7\u00ba, 9\u00ba, 11\u00ba e 12\u00ba anos:<\/strong><\/p>\n\n\n\n<div class=\"wp-block-file aligncenter\"><a href=\"http:\/\/aeaf.edu.pt\/wp-content\/uploads\/2022\/06\/Calendario-para-Devolucao-Manuais-Escolares-2021-2022.pdf\" target=\"_blank\" rel=\"noreferrer noopener\"><strong><span style=\"text-decoration: underline;\"><span class=\"has-inline-color has-black-color\">Calend\u00e1rio para Devolu\u00e7\u00e3o Manuais Escolares 2021\/2022<\/span><\/span><span class=\"has-inline-color has-black-color\"> &#8211; 7\u00ba\/9\u00ba\/11\u00ba\/12\u00ba &#8211; ESAF<\/span><\/strong><\/a><a href=\"http:\/\/aeaf.edu.pt\/wp-content\/uploads\/2022\/06\/Calendario-para-Devolucao-Manuais-Escolares-2021-2022.pdf\" class=\"wp-block-file__button\" download>Descarregar<\/a><\/div>\n\n\n\n<div style=\"height:25px\" aria-hidden=\"true\" class=\"wp-block-spacer\"><\/div>\n\n\n\n<p class=\"has-medium-font-size\"><strong>Para os 8\u00ba e 10\u00ba anos:<\/strong><\/p>\n\n\n\n<div class=\"wp-block-file aligncenter\"><a href=\"http:\/\/aeaf.edu.pt\/wp-content\/uploads\/2022\/06\/Calendario-para-Devolucao-Manuais-Escolares-2021-2022-8o-e-10o-anos_-ESAF.pdf\" target=\"_blank\" rel=\"noreferrer noopener\"><strong><span style=\"text-decoration: underline;\"><span class=\"has-inline-color has-black-color\">Calend\u00e1rio para Devolu\u00e7\u00e3o Manuais Escolares 2021\/2022 &#8211; 8\u00ba\/10\u00ba &#8211; ESAF<\/span><\/span><\/strong><\/a><a href=\"http:\/\/aeaf.edu.pt\/wp-content\/uploads\/2022\/06\/Calendario-para-Devolucao-Manuais-Escolares-2021-2022-8o-e-10o-anos_-ESAF.pdf\" class=\"wp-block-file__button\" download>Descarregar<\/a><\/div>\n\n\n\n<div style=\"height:23px\" aria-hidden=\"true\" class=\"wp-block-spacer\"><\/div>\n\n\n\n<p class=\"has-medium-font-size\"><strong>Para o Ensino Profissional:<\/strong><\/p>\n\n\n\n<div class=\"wp-block-file aligncenter\"><a href=\"http:\/\/aeaf.edu.pt\/wp-content\/uploads\/2022\/06\/Calendario-para-Devolucao-Manuais-Escolares-2021-2022-Ensino-Profissional.pdf\" target=\"_blank\" rel=\"noreferrer noopener\"><strong><span style=\"text-decoration: underline;\"><span class=\"has-inline-color has-black-color\">Calend\u00e1rio para Devolu\u00e7\u00e3o Manuais Escolares 2021\/2022 &#8211; Ensino Profissional<\/span><\/span><\/strong><\/a><a href=\"http:\/\/aeaf.edu.pt\/wp-content\/uploads\/2022\/06\/Calendario-para-Devolucao-Manuais-Escolares-2021-2022-Ensino-Profissional.pdf\" class=\"wp-block-file__button\" download>Descarregar<\/a><\/div>\n","protected":false},"excerpt":{"rendered":"<p>EB Manhente: ESAF: Para os 7\u00ba, 9\u00ba, 11\u00ba e 12\u00ba anos: Para os 8\u00ba e 10\u00ba anos: Para o Ensino Profissional:<\/p>\n","protected":false},"author":5,"featured_media":10002,"comment_status":"closed","ping_status":"closed","sticky":false,"template":"","format":"standard","meta":[],"categories":[33],"tags":[],"_links":{"self":[{"href":"http:\/\/aeaf.edu.pt\/index.php?rest_route=\/wp\/v2\/posts\/10922"}],"collection":[{"href":"http:\/\/aeaf.edu.pt\/index.php?rest_route=\/wp\/v2\/posts"}],"about":[{"href":"http:\/\/aeaf.edu.pt\/index.php?rest_route=\/wp\/v2\/types\/post"}],"author":[{"embeddable":true,"href":"http:\/\/aeaf.edu.pt\/index.php?rest_route=\/wp\/v2\/users\/5"}],"replies":[{"embeddable":true,"href":"http:\/\/aeaf.edu.pt\/index.php?rest_route=%2Fwp%2Fv2%2Fcomments&post=10922"}],"version-history":[{"count":4,"href":"http:\/\/aeaf.edu.pt\/index.php?rest_route=\/wp\/v2\/posts\/10922\/revisions"}],"predecessor-version":[{"id":12288,"href":"http:\/\/aeaf.edu.pt\/index.php?rest_route=\/wp\/v2\/posts\/10922\/revisions\/12288"}],"wp:featuredmedia":[{"embeddable":true,"href":"http:\/\/aeaf.edu.pt\/index.php?rest_route=\/wp\/v2\/media\/10002"}],"wp:attachment":[{"href":"http:\/\/aeaf.edu.pt\/index.php?rest_route=%2Fwp%2Fv2%2Fmedia&parent=10922"}],"wp:term":[{"taxonomy":"category","embeddable":true,"href":"http:\/\/aeaf.edu.pt\/index.php?rest_route=%2Fwp%2Fv2%2Fcategories&post=10922"},{"taxonomy":"post_tag","embeddable":true,"href":"http:\/\/aeaf.edu.pt\/index.php?rest_route=%2Fwp%2Fv2%2Ftags&post=10922"}],"curies":[{"name":"wp","href":"https:\/\/api.w.org\/{rel}","templated":true}]}}