{"id":10942,"date":"2023-07-04T17:54:00","date_gmt":"2023-07-04T17:54:00","guid":{"rendered":"http:\/\/aeaf.edu.pt\/?p=10942"},"modified":"2024-06-28T16:16:48","modified_gmt":"2024-06-28T16:16:48","slug":"manuais-escolares-adotados-no-agrupamento-de-escolas-alcaides-de-faria-para-o-ano-letivo-2021-2022","status":"publish","type":"post","link":"http:\/\/aeaf.edu.pt\/?p=10942","title":{"rendered":"Manuais Escolares Adotados no Agrupamento de Escolas Alcaides de Faria para o ano letivo 2023\/2024"},"content":{"rendered":"\n<hr class=\"wp-block-separator\"\/>\n\n\n\n<p style=\"font-size:18px\"><strong><span style=\"color:#000000\" class=\"has-inline-color\">Escolas B\u00e1sicas:<\/span><\/strong> <\/p>\n\n\n\n<div class=\"wp-block-file aligncenter\"><a href=\"http:\/\/aeaf.edu.pt\/wp-content\/uploads\/2023\/07\/EB-Areias-Manuais_Escolares_Adotados-2023-24.pdf\" target=\"_blank\" rel=\"noreferrer noopener\"><strong><span class=\"has-inline-color has-black-color\"><u>EB Areias &#8211; Manuais Escolares Adotados &#8211; 2023-24<\/u><\/span><\/strong><\/a><a href=\"http:\/\/aeaf.edu.pt\/wp-content\/uploads\/2023\/07\/EB-Areias-Manuais_Escolares_Adotados-2023-24.pdf\" class=\"wp-block-file__button\" download>Descarregar<\/a><\/div>\n\n\n\n<div class=\"wp-block-file aligncenter\"><a href=\"http:\/\/aeaf.edu.pt\/wp-content\/uploads\/2023\/07\/EB-Caminhos-Manuais_Escolares_Adotados-2023-24.pdf\" target=\"_blank\" rel=\"noreferrer noopener\"><strong><span class=\"has-inline-color has-black-color\"><u>EB Caminhos Manuais Escolares Adotados &#8211; 2023-24<\/u><\/span><\/strong><\/a><a href=\"http:\/\/aeaf.edu.pt\/wp-content\/uploads\/2023\/07\/EB-Caminhos-Manuais_Escolares_Adotados-2023-24.pdf\" class=\"wp-block-file__button\" download>Descarregar<\/a><\/div>\n\n\n\n<div class=\"wp-block-file aligncenter\"><a href=\"http:\/\/aeaf.edu.pt\/wp-content\/uploads\/2023\/07\/EB-Galegos-S.-Martinho-Manuais_Escolares_Adotados-2023-24.pdf\" target=\"_blank\" rel=\"noreferrer noopener\"><strong><span class=\"has-inline-color has-black-color\"><u>EB Galegos S. Martinho &#8211; Manuais Escolares Adotados &#8211; 2023-24<\/u><\/span><\/strong><\/a><a href=\"http:\/\/aeaf.edu.pt\/wp-content\/uploads\/2023\/07\/EB-Galegos-S.-Martinho-Manuais_Escolares_Adotados-2023-24.pdf\" class=\"wp-block-file__button\" download>Descarregar<\/a><\/div>\n\n\n\n<div class=\"wp-block-file aligncenter\"><a href=\"http:\/\/aeaf.edu.pt\/wp-content\/uploads\/2023\/07\/EB-Galegos-Sta-Maria-Manuais_Escolares_Adotados-2023-24.pdf\" target=\"_blank\" rel=\"noreferrer noopener\"><strong><span class=\"has-inline-color has-black-color\"><u>EB Galegos Sta Maria &#8211; Manuais Escolares Adotados &#8211; 2023-24<\/u><\/span><\/strong><\/a><a href=\"http:\/\/aeaf.edu.pt\/wp-content\/uploads\/2023\/07\/EB-Galegos-Sta-Maria-Manuais_Escolares_Adotados-2023-24.pdf\" class=\"wp-block-file__button\" download>Descarregar<\/a><\/div>\n\n\n\n<div class=\"wp-block-file aligncenter\"><a href=\"http:\/\/aeaf.edu.pt\/wp-content\/uploads\/2023\/07\/EB-Oliveira-Manuais_Escolares_Adotados-2023-24.pdf\" target=\"_blank\" rel=\"noreferrer noopener\"><strong><span class=\"has-inline-color has-black-color\"><u>EB Oliveira &#8211; Manuais Escolares Adotados &#8211; 2023-24<\/u><\/span><\/strong><\/a><a href=\"http:\/\/aeaf.edu.pt\/wp-content\/uploads\/2023\/07\/EB-Oliveira-Manuais_Escolares_Adotados-2023-24.pdf\" class=\"wp-block-file__button\" download>Descarregar<\/a><\/div>\n\n\n\n<div class=\"wp-block-file aligncenter\"><a href=\"http:\/\/aeaf.edu.pt\/wp-content\/uploads\/2023\/07\/EB-Ucha-Manuais_Escolares_Adotados-2023-24.pdf\" target=\"_blank\" rel=\"noreferrer noopener\"><strong><span class=\"has-inline-color has-black-color\"><u>EB Ucha &#8211; Manuais Escolares Adotados &#8211; 2023-24<\/u><\/span><\/strong><\/a><a href=\"http:\/\/aeaf.edu.pt\/wp-content\/uploads\/2023\/07\/EB-Ucha-Manuais_Escolares_Adotados-2023-24.pdf\" class=\"wp-block-file__button\" download>Descarregar<\/a><\/div>\n\n\n\n<div style=\"height:30px\" aria-hidden=\"true\" class=\"wp-block-spacer\"><\/div>\n\n\n\n<hr class=\"wp-block-separator\"\/>\n\n\n\n<p class=\"has-text-align-left\" style=\"font-size:18px\"><strong><span style=\"color:#000000\" class=\"has-inline-color\">Escola B\u00e1sica de Manhente<\/span>:<\/strong><\/p>\n\n\n\n<div class=\"wp-block-file aligncenter\"><a href=\"http:\/\/aeaf.edu.pt\/wp-content\/uploads\/2023\/07\/Manuais_escolares_adotados-Manhente-2023-2024.pdf\" target=\"_blank\" rel=\"noreferrer noopener\"><strong><u><span class=\"has-inline-color has-black-color\">Manuais Escolares Adotados &#8211; Manhente &#8211; 2023-2024<\/span><\/u><\/strong><\/a><a href=\"http:\/\/aeaf.edu.pt\/wp-content\/uploads\/2023\/07\/Manuais_escolares_adotados-Manhente-2023-2024.pdf\" class=\"wp-block-file__button\" download>Descarregar<\/a><\/div>\n\n\n\n<div style=\"height:30px\" aria-hidden=\"true\" class=\"wp-block-spacer\"><\/div>\n\n\n\n<hr class=\"wp-block-separator\"\/>\n\n\n\n<p class=\"has-text-align-left\" style=\"font-size:18px\"><strong><span style=\"color:#000000\" class=\"has-inline-color\">Escola Secund\u00e1ria Alcaides de Faria:<\/span><\/strong><\/p>\n\n\n\n<div class=\"wp-block-file aligncenter\"><a href=\"http:\/\/aeaf.edu.pt\/wp-content\/uploads\/2023\/07\/Manuais_escolares_adotados-ESAF-2023-2024.pdf\" target=\"_blank\" rel=\"noreferrer noopener\"><strong><span class=\"has-inline-color has-black-color\"><u>Manuais Escolares Adotados &#8211; ESAF &#8211; 2023-2024<\/u><\/span><\/strong><\/a><a href=\"http:\/\/aeaf.edu.pt\/wp-content\/uploads\/2023\/07\/Manuais_escolares_adotados-ESAF-2023-2024.pdf\" class=\"wp-block-file__button\" download>Descarregar<\/a><\/div>\n\n\n\n<div class=\"wp-block-file aligncenter\"><a href=\"http:\/\/aeaf.edu.pt\/wp-content\/uploads\/2023\/07\/Manuais_Escolares_Adotados-ENSINO-PROFISSIONAL.pdf\" target=\"_blank\" rel=\"noreferrer noopener\"><strong><span class=\"has-inline-color has-black-color\"><u>Manuais Escolares Adotados &#8211; ENSINO PROFISSIONAL<\/u><\/span><\/strong><\/a><a href=\"http:\/\/aeaf.edu.pt\/wp-content\/uploads\/2023\/07\/Manuais_Escolares_Adotados-ENSINO-PROFISSIONAL.pdf\" class=\"wp-block-file__button\" download>Descarregar<\/a><\/div>\n\n\n\n<div class=\"wp-block-group\"><div class=\"wp-block-group__inner-container\"><\/div><\/div>\n\n\n\n<div style=\"height:30px\" aria-hidden=\"true\" class=\"wp-block-spacer\"><\/div>\n","protected":false},"excerpt":{"rendered":"<p>Escolas B\u00e1sicas: Escola B\u00e1sica de Manhente: Escola Secund\u00e1ria Alcaides de Faria:<\/p>\n","protected":false},"author":5,"featured_media":10002,"comment_status":"closed","ping_status":"closed","sticky":false,"template":"","format":"standard","meta":[],"categories":[33],"tags":[],"_links":{"self":[{"href":"http:\/\/aeaf.edu.pt\/index.php?rest_route=\/wp\/v2\/posts\/10942"}],"collection":[{"href":"http:\/\/aeaf.edu.pt\/index.php?rest_route=\/wp\/v2\/posts"}],"about":[{"href":"http:\/\/aeaf.edu.pt\/index.php?rest_route=\/wp\/v2\/types\/post"}],"author":[{"embeddable":true,"href":"http:\/\/aeaf.edu.pt\/index.php?rest_route=\/wp\/v2\/users\/5"}],"replies":[{"embeddable":true,"href":"http:\/\/aeaf.edu.pt\/index.php?rest_route=%2Fwp%2Fv2%2Fcomments&post=10942"}],"version-history":[{"count":16,"href":"http:\/\/aeaf.edu.pt\/index.php?rest_route=\/wp\/v2\/posts\/10942\/revisions"}],"predecessor-version":[{"id":13250,"href":"http:\/\/aeaf.edu.pt\/index.php?rest_route=\/wp\/v2\/posts\/10942\/revisions\/13250"}],"wp:featuredmedia":[{"embeddable":true,"href":"http:\/\/aeaf.edu.pt\/index.php?rest_route=\/wp\/v2\/media\/10002"}],"wp:attachment":[{"href":"http:\/\/aeaf.edu.pt\/index.php?rest_route=%2Fwp%2Fv2%2Fmedia&parent=10942"}],"wp:term":[{"taxonomy":"category","embeddable":true,"href":"http:\/\/aeaf.edu.pt\/index.php?rest_route=%2Fwp%2Fv2%2Fcategories&post=10942"},{"taxonomy":"post_tag","embeddable":true,"href":"http:\/\/aeaf.edu.pt\/index.php?rest_route=%2Fwp%2Fv2%2Ftags&post=10942"}],"curies":[{"name":"wp","href":"https:\/\/api.w.org\/{rel}","templated":true}]}}