{"id":11770,"date":"2021-12-27T18:10:23","date_gmt":"2021-12-27T18:10:23","guid":{"rendered":"http:\/\/aeaf.edu.pt\/?p=11770"},"modified":"2022-03-10T23:34:37","modified_gmt":"2022-03-10T23:34:37","slug":"programa-de-educacao-estetica-e-artistica-peea","status":"publish","type":"post","link":"http:\/\/aeaf.edu.pt\/?p=11770","title":{"rendered":"Programa de Educa\u00e7\u00e3o Est\u00e9tica e Art\u00edstica (PEEA)"},"content":{"rendered":"\n<hr class=\"wp-block-separator\"\/>\n\n\n\n<div class=\"wp-block-media-text alignwide is-stacked-on-mobile\"><figure class=\"wp-block-media-text__media\"><img loading=\"lazy\" width=\"800\" height=\"655\" src=\"http:\/\/aeaf.edu.pt\/wp-content\/uploads\/2021\/12\/Imagem1.gif\" alt=\"\" class=\"wp-image-11774 size-full\"\/><\/figure><div class=\"wp-block-media-text__content\">\n<p>O <a href=\"http:\/\/educacaoartistica.dge.mec.pt\/\">Programa de Educa\u00e7\u00e3o Est\u00e9tica e Art\u00edstica<\/a> (PEEA), iniciativa da Dire\u00e7\u00e3o-Geral da Educa\u00e7\u00e3o, pretende enriquecer as experi\u00eancias de educa\u00e7\u00e3o, propondo metodologias inovadoras de aprendizagem nas \u00e1reas de Artes Visuais, Dan\u00e7a, Express\u00e3o Dram\u00e1tica\/Teatro e M\u00fasica.<\/p>\n<\/div><\/div>\n\n\n\n<p> Neste contexto, acompanha os educadores e professores, de forma continuada, atrav\u00e9s de planos sequenciados, com forma\u00e7\u00e3o docente, iniciativas com parceiros culturais, projetos de a\u00e7\u00f5es educativas e realiza\u00e7\u00e3o de eventos no \u00e2mbito da Educa\u00e7\u00e3o Art\u00edstica \u2013 a fim de ser constru\u00edda uma rede de conhecimentos e recursos, de acordo com cada contexto escolar. <\/p>\n\n\n\n<p>Considerando as parcerias estabelecidas com agrupamentos de escolas, centros de forma\u00e7\u00e3o de associa\u00e7\u00e3o de escolas, institui\u00e7\u00f5es culturais e autarquias, o PEEA prop\u00f5e um plano de iniciativas conjuntas e mutuamente enriquecedoras, no territ\u00f3rio nacional, para o desenvolvimento profissional e uma atitude docente mais aut\u00f3noma, respondendo \u00e0 necessidade de transformar e reajustar as pr\u00e1ticas educativas na escola de hoje. Para al\u00e9m da Equipa de Educa\u00e7\u00e3o Art\u00edstica, estrutura central, o PEEA conta ainda com um grupo de Embaixadores Regionais e Locais que junto das escolas estabelecem uma rela\u00e7\u00e3o de proximidade. Esta rede de professores realiza a\u00e7\u00f5es sequenciadas que reconhecem a Arte como forma de conhecimento e valorizam as culturas locais e globais para a constru\u00e7\u00e3o de uma marca de identidade.<\/p>\n\n\n\n<div class=\"wp-block-image\"><figure class=\"alignright size-full is-resized\"><a href=\"http:\/\/aeaf.edu.pt\/wp-content\/uploads\/2021\/12\/RP-DGE-EEA_Mono_Azul.png\"><img loading=\"lazy\" src=\"http:\/\/aeaf.edu.pt\/wp-content\/uploads\/2021\/12\/RP-DGE-EEA_Mono_Azul.png\" alt=\"\" class=\"wp-image-11777\" width=\"266\" height=\"43\" srcset=\"http:\/\/aeaf.edu.pt\/wp-content\/uploads\/2021\/12\/RP-DGE-EEA_Mono_Azul.png 919w, http:\/\/aeaf.edu.pt\/wp-content\/uploads\/2021\/12\/RP-DGE-EEA_Mono_Azul-300x50.png 300w, http:\/\/aeaf.edu.pt\/wp-content\/uploads\/2021\/12\/RP-DGE-EEA_Mono_Azul-768x127.png 768w, http:\/\/aeaf.edu.pt\/wp-content\/uploads\/2021\/12\/RP-DGE-EEA_Mono_Azul-705x117.png 705w, http:\/\/aeaf.edu.pt\/wp-content\/uploads\/2021\/12\/RP-DGE-EEA_Mono_Azul-450x74.png 450w\" sizes=\"(max-width: 266px) 100vw, 266px\" \/><\/a><\/figure><\/div>\n\n\n\n<hr class=\"wp-block-separator\"\/>\n\n\n\n<p style=\"font-size:30px\"><strong>Iniciativas do PEEA do AEAF<\/strong>:<\/p>\n\n\n\n<p class=\"has-text-align-center\"><u><strong><a href=\"http:\/\/aeaf.edu.pt\/?p=11977\" target=\"_blank\" rel=\"noreferrer noopener\">&#8220;Feliz Ano Novo outra vez!&#8221; &#8211; 2022<\/a><\/strong><\/u><\/p>\n","protected":false},"excerpt":{"rendered":"<p>O Programa de Educa\u00e7\u00e3o Est\u00e9tica e Art\u00edstica (PEEA), iniciativa da Dire\u00e7\u00e3o-Geral da Educa\u00e7\u00e3o, pretende enriquecer as experi\u00eancias de educa\u00e7\u00e3o, propondo metodologias inovadoras de aprendizagem nas \u00e1reas de Artes Visuais, Dan\u00e7a, Express\u00e3o Dram\u00e1tica\/Teatro e M\u00fasica. Neste contexto, acompanha os educadores e professores, de forma continuada, atrav\u00e9s de planos sequenciados, com forma\u00e7\u00e3o docente, iniciativas com parceiros culturais, [&hellip;]<\/p>\n","protected":false},"author":5,"featured_media":11779,"comment_status":"closed","ping_status":"closed","sticky":false,"template":"","format":"standard","meta":[],"categories":[1],"tags":[],"_links":{"self":[{"href":"http:\/\/aeaf.edu.pt\/index.php?rest_route=\/wp\/v2\/posts\/11770"}],"collection":[{"href":"http:\/\/aeaf.edu.pt\/index.php?rest_route=\/wp\/v2\/posts"}],"about":[{"href":"http:\/\/aeaf.edu.pt\/index.php?rest_route=\/wp\/v2\/types\/post"}],"author":[{"embeddable":true,"href":"http:\/\/aeaf.edu.pt\/index.php?rest_route=\/wp\/v2\/users\/5"}],"replies":[{"embeddable":true,"href":"http:\/\/aeaf.edu.pt\/index.php?rest_route=%2Fwp%2Fv2%2Fcomments&post=11770"}],"version-history":[{"count":8,"href":"http:\/\/aeaf.edu.pt\/index.php?rest_route=\/wp\/v2\/posts\/11770\/revisions"}],"predecessor-version":[{"id":11997,"href":"http:\/\/aeaf.edu.pt\/index.php?rest_route=\/wp\/v2\/posts\/11770\/revisions\/11997"}],"wp:featuredmedia":[{"embeddable":true,"href":"http:\/\/aeaf.edu.pt\/index.php?rest_route=\/wp\/v2\/media\/11779"}],"wp:attachment":[{"href":"http:\/\/aeaf.edu.pt\/index.php?rest_route=%2Fwp%2Fv2%2Fmedia&parent=11770"}],"wp:term":[{"taxonomy":"category","embeddable":true,"href":"http:\/\/aeaf.edu.pt\/index.php?rest_route=%2Fwp%2Fv2%2Fcategories&post=11770"},{"taxonomy":"post_tag","embeddable":true,"href":"http:\/\/aeaf.edu.pt\/index.php?rest_route=%2Fwp%2Fv2%2Ftags&post=11770"}],"curies":[{"name":"wp","href":"https:\/\/api.w.org\/{rel}","templated":true}]}}