{"id":11926,"date":"2022-02-16T23:08:31","date_gmt":"2022-02-16T23:08:31","guid":{"rendered":"http:\/\/aeaf.edu.pt\/?p=11926"},"modified":"2022-04-11T23:16:43","modified_gmt":"2022-04-11T23:16:43","slug":"abertura-de-candidaturas-para-a-participacao-de-alunos-no-projeto-erasmus-increasing-student-competencies-in-mobile-applications-and-diversifying-digital-skills","status":"publish","type":"post","link":"http:\/\/aeaf.edu.pt\/?p=11926","title":{"rendered":"Abertura de candidaturas para a participa\u00e7\u00e3o de alunos  no projeto Erasmus \u201cIncreasing Student Competencies in Mobile Applications and Diversifying Digital Skills\u201d"},"content":{"rendered":"\n<hr class=\"wp-block-separator\"\/>\n\n\n\n<figure class=\"wp-block-image size-full\"><a href=\"http:\/\/aeaf.edu.pt\/wp-content\/uploads\/2022\/02\/erasmus.jpg\"><img loading=\"lazy\" width=\"200\" height=\"59\" src=\"http:\/\/aeaf.edu.pt\/wp-content\/uploads\/2022\/02\/erasmus.jpg\" alt=\"\" class=\"wp-image-11935\"\/><\/a><\/figure>\n\n\n\n<p><\/p>\n\n\n\n<p>Informam-se os&nbsp;alunos&nbsp;e encarregados de educa\u00e7\u00e3o dos 10\u00b0 anos do <strong><em>cursos cientifico<\/em>&#8211;<em>human\u00edsticos<\/em><\/strong> do seguinte:<\/p>\n\n\n\n<p>Est\u00e3o abertas as&nbsp;candidaturas&nbsp;para a participa\u00e7\u00e3o de&nbsp;alunos&nbsp;&nbsp;no projeto Erasmus&nbsp;\u201c<em><strong>Increasing Student Competencies in Mobile Applications and Diversifying Digital Skills<\/strong><\/em>\u201d para a mobilidade a decorrer em <strong>It\u00e1lia <\/strong>(<strong>21-25 mar\u00e7o\/2022<\/strong>).<\/p>\n\n\n\n<p>Os&nbsp;alunos&nbsp;interessados devem preencher o seguinte formul\u00e1rio:<\/p>\n\n\n\n<p class=\"has-text-align-right\">&nbsp;<a href=\"https:\/\/forms.gle\/E4dLfwFqxSEZEeXw8\" target=\"_blank\" rel=\"noreferrer noopener\"><strong><u><span style=\"color:#0400a3\" class=\"has-inline-color\">https:\/\/forms.gle\/E4dLfwFqxSEZEeXw8<\/span><\/u><\/strong><\/a>&nbsp;.<\/p>\n\n\n\n<div class=\"wp-block-image\"><figure class=\"alignright size-full\"><a href=\"http:\/\/aeaf.edu.pt\/wp-content\/uploads\/2022\/02\/aeaf_preto.png\"><img loading=\"lazy\" width=\"200\" height=\"72\" src=\"http:\/\/aeaf.edu.pt\/wp-content\/uploads\/2022\/02\/aeaf_preto.png\" alt=\"\" class=\"wp-image-11936\"\/><\/a><\/figure><\/div>\n\n\n\n<hr class=\"wp-block-separator\"\/>\n\n\n\n<div class=\"wp-block-file aligncenter\"><a href=\"http:\/\/aeaf.edu.pt\/wp-content\/uploads\/2019\/10\/Regulamento-de-Sele\u00e7\u00e3o-de-Alunos-Candidatos-a-Interc\u00e2mbios-e-Projetos-Erasmus.pdf\" target=\"_blank\" rel=\"noreferrer noopener\"><span style=\"color:#0400a3\" class=\"has-inline-color\"><strong>Regulamento de Sele\u00e7\u00e3o para Interc\u00e2mbios e Projetos Erasmus<\/strong><\/span><\/a><a href=\"http:\/\/aeaf.edu.pt\/wp-content\/uploads\/2019\/10\/Regulamento-de-Sele\u00e7\u00e3o-de-Alunos-Candidatos-a-Interc\u00e2mbios-e-Projetos-Erasmus.pdf\" class=\"wp-block-file__button\" download>Descarregar<\/a><\/div>\n\n\n\n<hr class=\"wp-block-separator\"\/>\n\n\n\n<p>As inscri\u00e7\u00f5es terminam no dia&nbsp;&nbsp;21\/02\/2022&nbsp; . Ap\u00f3s o processo de seria\u00e7\u00e3o, os&nbsp;alunos&nbsp;pr\u00e9-selecionados ser\u00e3o convidados a participar numa reuni\u00e3o em formato online.<\/p>\n\n\n\n<p>Para qualquer esclarecimento adicional, pode contactar-se o Clube de Projetos Europeus atrav\u00e9s do email:&nbsp;&nbsp;<\/p>\n\n\n\n<p class=\"has-text-align-right\"><a href=\"mailto:clube-proj-europeus@aeaf.edu.pt\" target=\"_blank\" rel=\"noreferrer noopener\"><span style=\"color:#0400a3\" class=\"has-inline-color\"><strong><u>clube-proj-europeus@aeaf.edu.pt<\/u><\/strong><\/span><\/a><\/p>\n\n\n\n<figure class=\"wp-block-image size-full is-resized\"><a href=\"http:\/\/aeaf.edu.pt\/wp-content\/uploads\/2022\/02\/imagemerasmus1.png\"><img loading=\"lazy\" src=\"http:\/\/aeaf.edu.pt\/wp-content\/uploads\/2022\/02\/imagemerasmus1.png\" alt=\"\" class=\"wp-image-11933\" width=\"232\" height=\"232\" srcset=\"http:\/\/aeaf.edu.pt\/wp-content\/uploads\/2022\/02\/imagemerasmus1.png 400w, http:\/\/aeaf.edu.pt\/wp-content\/uploads\/2022\/02\/imagemerasmus1-300x300.png 300w, http:\/\/aeaf.edu.pt\/wp-content\/uploads\/2022\/02\/imagemerasmus1-80x80.png 80w, http:\/\/aeaf.edu.pt\/wp-content\/uploads\/2022\/02\/imagemerasmus1-36x36.png 36w, http:\/\/aeaf.edu.pt\/wp-content\/uploads\/2022\/02\/imagemerasmus1-180x180.png 180w, http:\/\/aeaf.edu.pt\/wp-content\/uploads\/2022\/02\/imagemerasmus1-120x120.png 120w\" sizes=\"(max-width: 232px) 100vw, 232px\" \/><\/a><\/figure>\n","protected":false},"excerpt":{"rendered":"<p>Informam-se os&nbsp;alunos&nbsp;e encarregados de educa\u00e7\u00e3o dos 10\u00b0 anos do cursos cientifico&#8211;human\u00edsticos do seguinte: Est\u00e3o abertas as&nbsp;candidaturas&nbsp;para a participa\u00e7\u00e3o de&nbsp;alunos&nbsp;&nbsp;no projeto Erasmus&nbsp;\u201cIncreasing Student Competencies in Mobile Applications and Diversifying Digital Skills\u201d para a mobilidade a decorrer em It\u00e1lia (21-25 mar\u00e7o\/2022). Os&nbsp;alunos&nbsp;interessados devem preencher o seguinte formul\u00e1rio: &nbsp;https:\/\/forms.gle\/E4dLfwFqxSEZEeXw8&nbsp;. As inscri\u00e7\u00f5es terminam no dia&nbsp;&nbsp;21\/02\/2022&nbsp; . Ap\u00f3s o processo [&hellip;]<\/p>\n","protected":false},"author":5,"featured_media":10002,"comment_status":"closed","ping_status":"closed","sticky":false,"template":"","format":"standard","meta":[],"categories":[46],"tags":[],"_links":{"self":[{"href":"http:\/\/aeaf.edu.pt\/index.php?rest_route=\/wp\/v2\/posts\/11926"}],"collection":[{"href":"http:\/\/aeaf.edu.pt\/index.php?rest_route=\/wp\/v2\/posts"}],"about":[{"href":"http:\/\/aeaf.edu.pt\/index.php?rest_route=\/wp\/v2\/types\/post"}],"author":[{"embeddable":true,"href":"http:\/\/aeaf.edu.pt\/index.php?rest_route=\/wp\/v2\/users\/5"}],"replies":[{"embeddable":true,"href":"http:\/\/aeaf.edu.pt\/index.php?rest_route=%2Fwp%2Fv2%2Fcomments&post=11926"}],"version-history":[{"count":14,"href":"http:\/\/aeaf.edu.pt\/index.php?rest_route=\/wp\/v2\/posts\/11926\/revisions"}],"predecessor-version":[{"id":12072,"href":"http:\/\/aeaf.edu.pt\/index.php?rest_route=\/wp\/v2\/posts\/11926\/revisions\/12072"}],"wp:featuredmedia":[{"embeddable":true,"href":"http:\/\/aeaf.edu.pt\/index.php?rest_route=\/wp\/v2\/media\/10002"}],"wp:attachment":[{"href":"http:\/\/aeaf.edu.pt\/index.php?rest_route=%2Fwp%2Fv2%2Fmedia&parent=11926"}],"wp:term":[{"taxonomy":"category","embeddable":true,"href":"http:\/\/aeaf.edu.pt\/index.php?rest_route=%2Fwp%2Fv2%2Fcategories&post=11926"},{"taxonomy":"post_tag","embeddable":true,"href":"http:\/\/aeaf.edu.pt\/index.php?rest_route=%2Fwp%2Fv2%2Ftags&post=11926"}],"curies":[{"name":"wp","href":"https:\/\/api.w.org\/{rel}","templated":true}]}}