{"id":12289,"date":"2022-06-30T16:59:17","date_gmt":"2022-06-30T16:59:17","guid":{"rendered":"http:\/\/aeaf.edu.pt\/?p=12289"},"modified":"2022-07-10T22:10:12","modified_gmt":"2022-07-10T22:10:12","slug":"baile-de-gala-do-11oano-da-esaf-2022","status":"publish","type":"post","link":"http:\/\/aeaf.edu.pt\/?p=12289","title":{"rendered":"Baile de Gala do 11\u00baano da ESAF &#8211; 2022"},"content":{"rendered":"\n<hr class=\"wp-block-separator\"\/>\n\n\n\n<p>No dia <strong>8 de julho de 2022<\/strong>, realizar-se-\u00e1 pela primeira vez na <strong>Quinta das Princesas<\/strong> um <strong>Baile de Gal<\/strong>a para os alunos do <strong>11\u00baano<\/strong> do ensino regular da <strong><em>ESAF<\/em><\/strong>. <\/p>\n\n\n\n<p>Com a realiza\u00e7\u00e3o deste evento pretende-se fortalecer as rela\u00e7\u00f5es interpessoais entre os intervenientes, bem como enriquecer a articula\u00e7\u00e3o escola-meio, promovendo a participa\u00e7\u00e3o dos pais e encarregados de educa\u00e7\u00e3o e a comunidade educativa no seu todo.<\/p>\n","protected":false},"excerpt":{"rendered":"<p>No dia 8 de julho de 2022, realizar-se-\u00e1 pela primeira vez na Quinta das Princesas um Baile de Gala para os alunos do 11\u00baano do ensino regular da ESAF. Com a realiza\u00e7\u00e3o deste evento pretende-se fortalecer as rela\u00e7\u00f5es interpessoais entre os intervenientes, bem como enriquecer a articula\u00e7\u00e3o escola-meio, promovendo a participa\u00e7\u00e3o dos pais e encarregados [&hellip;]<\/p>\n","protected":false},"author":5,"featured_media":10006,"comment_status":"closed","ping_status":"closed","sticky":false,"template":"","format":"standard","meta":[],"categories":[60],"tags":[],"_links":{"self":[{"href":"http:\/\/aeaf.edu.pt\/index.php?rest_route=\/wp\/v2\/posts\/12289"}],"collection":[{"href":"http:\/\/aeaf.edu.pt\/index.php?rest_route=\/wp\/v2\/posts"}],"about":[{"href":"http:\/\/aeaf.edu.pt\/index.php?rest_route=\/wp\/v2\/types\/post"}],"author":[{"embeddable":true,"href":"http:\/\/aeaf.edu.pt\/index.php?rest_route=\/wp\/v2\/users\/5"}],"replies":[{"embeddable":true,"href":"http:\/\/aeaf.edu.pt\/index.php?rest_route=%2Fwp%2Fv2%2Fcomments&post=12289"}],"version-history":[{"count":2,"href":"http:\/\/aeaf.edu.pt\/index.php?rest_route=\/wp\/v2\/posts\/12289\/revisions"}],"predecessor-version":[{"id":12291,"href":"http:\/\/aeaf.edu.pt\/index.php?rest_route=\/wp\/v2\/posts\/12289\/revisions\/12291"}],"wp:featuredmedia":[{"embeddable":true,"href":"http:\/\/aeaf.edu.pt\/index.php?rest_route=\/wp\/v2\/media\/10006"}],"wp:attachment":[{"href":"http:\/\/aeaf.edu.pt\/index.php?rest_route=%2Fwp%2Fv2%2Fmedia&parent=12289"}],"wp:term":[{"taxonomy":"category","embeddable":true,"href":"http:\/\/aeaf.edu.pt\/index.php?rest_route=%2Fwp%2Fv2%2Fcategories&post=12289"},{"taxonomy":"post_tag","embeddable":true,"href":"http:\/\/aeaf.edu.pt\/index.php?rest_route=%2Fwp%2Fv2%2Ftags&post=12289"}],"curies":[{"name":"wp","href":"https:\/\/api.w.org\/{rel}","templated":true}]}}