{"id":12905,"date":"2023-03-23T00:10:00","date_gmt":"2023-03-23T00:10:00","guid":{"rendered":"http:\/\/aeaf.edu.pt\/?p=12905"},"modified":"2024-02-08T22:45:03","modified_gmt":"2024-02-08T22:45:03","slug":"plano-anual-de-atividades-do-agrupamento-de-escolas-alcaides-de-faria-2022-23","status":"publish","type":"post","link":"http:\/\/aeaf.edu.pt\/?p=12905","title":{"rendered":"Plano Anual de Atividades do Agrupamento de Escolas Alcaides de Faria \u2013 2022\/23"},"content":{"rendered":"\n<hr class=\"wp-block-separator\"\/>\n\n\n\n<p>O Plano Anual de Atividades \u00e9 o documento que elenca, \u00e0 data, as v\u00e1rias iniciativas e atividades a levar a cabo nas escolas do Agrupamento. \u00c9 um documento din\u00e2mico e em constru\u00e7\u00e3o, uma vez que vai sendo, quando oportuno, paulatinamente enriquecido com atividades entretanto propostas pelos agentes educativos.<\/p>\n\n\n\n<div style=\"height:32px\" aria-hidden=\"true\" class=\"wp-block-spacer\"><\/div>\n\n\n\n<p class=\"has-text-align-center has-medium-font-size\"><strong><span class=\"has-inline-color has-black-color\">Atividades a Desenvolver no Ano Letivo 2022\/23:<\/span><\/strong><\/p>\n\n\n\n<div class=\"wp-block-file aligncenter\"><a href=\"http:\/\/aeaf.edu.pt\/wp-content\/uploads\/2023\/03\/PAA-VS.04.2223.pdf\" target=\"_blank\" rel=\"noreferrer noopener\"><strong><span class=\"has-inline-color has-black-color\"><u>PAA-VS.04.2223<\/u><\/span><\/strong><\/a><a href=\"http:\/\/aeaf.edu.pt\/wp-content\/uploads\/2023\/03\/PAA-VS.04.2223.pdf\" class=\"wp-block-file__button\" download>Descarregar<\/a><\/div>\n\n\n\n<div style=\"height:32px\" aria-hidden=\"true\" class=\"wp-block-spacer\"><\/div>\n\n\n\n<p>Para a apresenta\u00e7\u00e3o de propostas de atividades, a altera\u00e7\u00e3o de atividades j\u00e1 inscritas no PAA e o relat\u00f3rio de avalia\u00e7\u00e3o das atividades\/visitas de estudo dever\u00e1 ser utilizada a plataforma existente no seguinte endere\u00e7o:<\/p>\n\n\n\n<p class=\"has-text-align-right\"><a href=\"https:\/\/paa.aeaf.edu.pt\/paa-esaf\/public\/\"><strong><span style=\"color:#1e0cdb\" class=\"has-inline-color\">https:\/\/paa.aeaf.edu.pt\/paa-esaf\/public\/<\/span><\/strong><\/a><\/p>\n\n\n\n<div style=\"height:23px\" aria-hidden=\"true\" class=\"wp-block-spacer\"><\/div>\n\n\n\n<p class=\"has-text-align-center\">Com os melhores cumprimentos<br>A Comiss\u00e3o do PAA<\/p>\n\n\n\n<p class=\"has-text-align-center\">Em\u00edlia Salgado e Domingos Alves<\/p>\n","protected":false},"excerpt":{"rendered":"<p>O Plano Anual de Atividades \u00e9 o documento que elenca, \u00e0 data, as v\u00e1rias iniciativas e atividades a levar a cabo nas escolas do Agrupamento. \u00c9 um documento din\u00e2mico e em constru\u00e7\u00e3o, uma vez que vai sendo, quando oportuno, paulatinamente enriquecido com atividades entretanto propostas pelos agentes educativos. Atividades a Desenvolver no Ano Letivo 2022\/23: [&hellip;]<\/p>\n","protected":false},"author":5,"featured_media":9991,"comment_status":"closed","ping_status":"closed","sticky":false,"template":"","format":"standard","meta":[],"categories":[33],"tags":[],"_links":{"self":[{"href":"http:\/\/aeaf.edu.pt\/index.php?rest_route=\/wp\/v2\/posts\/12905"}],"collection":[{"href":"http:\/\/aeaf.edu.pt\/index.php?rest_route=\/wp\/v2\/posts"}],"about":[{"href":"http:\/\/aeaf.edu.pt\/index.php?rest_route=\/wp\/v2\/types\/post"}],"author":[{"embeddable":true,"href":"http:\/\/aeaf.edu.pt\/index.php?rest_route=\/wp\/v2\/users\/5"}],"replies":[{"embeddable":true,"href":"http:\/\/aeaf.edu.pt\/index.php?rest_route=%2Fwp%2Fv2%2Fcomments&post=12905"}],"version-history":[{"count":4,"href":"http:\/\/aeaf.edu.pt\/index.php?rest_route=\/wp\/v2\/posts\/12905\/revisions"}],"predecessor-version":[{"id":12962,"href":"http:\/\/aeaf.edu.pt\/index.php?rest_route=\/wp\/v2\/posts\/12905\/revisions\/12962"}],"wp:featuredmedia":[{"embeddable":true,"href":"http:\/\/aeaf.edu.pt\/index.php?rest_route=\/wp\/v2\/media\/9991"}],"wp:attachment":[{"href":"http:\/\/aeaf.edu.pt\/index.php?rest_route=%2Fwp%2Fv2%2Fmedia&parent=12905"}],"wp:term":[{"taxonomy":"category","embeddable":true,"href":"http:\/\/aeaf.edu.pt\/index.php?rest_route=%2Fwp%2Fv2%2Fcategories&post=12905"},{"taxonomy":"post_tag","embeddable":true,"href":"http:\/\/aeaf.edu.pt\/index.php?rest_route=%2Fwp%2Fv2%2Ftags&post=12905"}],"curies":[{"name":"wp","href":"https:\/\/api.w.org\/{rel}","templated":true}]}}