{"id":12932,"date":"2023-03-28T15:44:00","date_gmt":"2023-03-28T15:44:00","guid":{"rendered":"http:\/\/aeaf.edu.pt\/?p=12932"},"modified":"2023-04-20T07:48:05","modified_gmt":"2023-04-20T07:48:05","slug":"orcamento-participativo-escolas-2023-aeaf","status":"publish","type":"post","link":"http:\/\/aeaf.edu.pt\/?p=12932","title":{"rendered":"Or\u00e7amento Participativo Escolas e Assembleia Municipal Jovem &#8211; Barcelos 2023 &#8211; AEAF"},"content":{"rendered":"\n<p class=\"has-text-align-center has-medium-font-size\"><strong><span style=\"color:#000000\" class=\"has-inline-color\">Agrupamento de Escolas Alcaides de Faria<\/span><\/strong><\/p>\n\n\n\n<hr class=\"wp-block-separator\"\/>\n\n\n\n<p class=\"has-text-align-center\" style=\"font-size:30px\"><strong><span style=\"color:#0e18d5\" class=\"has-inline-color\">Resultado da Vota\u00e7\u00e3o do Or\u00e7amento Participativo Escolas 2023 &#8211; ESAF<\/span><\/strong><\/p>\n\n\n\n<p>Votaram um total de trezentos e oito alunos, de entre uma popula\u00e7\u00e3o estudantil de mil quinhentos e cinquenta e sete alunos, tendo a:<\/p>\n\n\n\n<p><strong>Proposta A<\/strong> &#8211; cento e oitenta e nove votos, o que perfaz uma percentagem de sessenta e um porcento, virgula tr\u00eas;<\/p>\n\n\n\n<p><strong>Proposta B<\/strong> &#8211; cento e dezasseis votos, o que perfaz uma percentagem de trinta e sete porcento, virgula sete. <\/p>\n\n\n\n<p>Tivemos ainda dois votos em branco e um nulo. <\/p>\n\n\n\n<div style=\"height:21px\" aria-hidden=\"true\" class=\"wp-block-spacer\"><\/div>\n\n\n\n<figure class=\"wp-block-table is-style-stripes\"><table><tbody><tr><td><strong>Totais<\/strong><\/td><\/tr><tr><td><span class=\"has-inline-color has-black-color\">Proposta A<\/span><\/td><td><strong><span class=\"has-inline-color has-black-color\">189<\/span><\/strong><\/td><\/tr><tr><td><span class=\"has-inline-color has-black-color\">Proposta B<\/span><\/td><td><strong><span class=\"has-inline-color has-black-color\">116<\/span><\/strong><\/td><\/tr><tr><td><span class=\"has-inline-color has-black-color\">Brancos<\/span><\/td><td><span class=\"has-inline-color has-black-color\">2<\/span><\/td><\/tr><tr><td><span class=\"has-inline-color has-black-color\">Nulos<\/span><\/td><td><span class=\"has-inline-color has-black-color\">1<\/span><\/td><\/tr><tr><td><strong><span class=\"has-inline-color has-black-color\">Total<\/span><\/strong><\/td><td><span class=\"has-inline-color has-black-color\">308<\/span><\/td><\/tr><\/tbody><\/table><\/figure>\n\n\n\n<p>A <strong>Proposta A &#8211; Clube 100 \u00e0 hora e de Patinagem\/Sobre Rodas<\/strong> &#8211; aquisi\u00e7\u00e3o de material desportivo para os alunos para o Clube 100 \u00e0 hora e para o Clube de Patinagem foi ent\u00e3o aprovada, j\u00e1 que obteve mais de cinquenta por cento dos votos.<\/p>\n\n\n\n<div style=\"height:41px\" aria-hidden=\"true\" class=\"wp-block-spacer\"><\/div>\n\n\n\n<hr class=\"wp-block-separator\"\/>\n\n\n\n<p class=\"has-text-align-center has-large-font-size\"><strong><span style=\"color:#1b09e2\" class=\"has-inline-color\">Vota\u00e7\u00e3o das Propostas &#8211; ESAF<\/span><\/strong><\/p>\n\n\n\n<p class=\"has-text-align-center\" style=\"font-size:24px\"><strong><span class=\"has-inline-color has-black-color\">24 de mar\u00e7o de 2023 (6\u00aa feira)<\/span><\/strong> <\/p>\n\n\n\n<p class=\"has-text-align-center\" style=\"font-size:24px\"><span class=\"has-inline-color has-black-color\"><strong>das  9.30h \u00e0s 17.00h<\/strong><\/span>   <\/p>\n\n\n\n<p class=\"has-text-align-center has-medium-font-size\"><strong><em><span class=\"has-inline-color has-black-color\">Biblioteca da ESAF<\/span><\/em><\/strong><\/p>\n\n\n\n<div style=\"height:29px\" aria-hidden=\"true\" class=\"wp-block-spacer\"><\/div>\n\n\n\n<p class=\"has-medium-font-size\"><em><span style=\"color:#0c0aa2\" class=\"has-inline-color\"><strong>Or\u00e7amento Participativo Escolas<\/strong>:<\/span><\/em><\/p>\n\n\n\n<p style=\"font-size:26px\"><strong><span class=\"has-inline-color has-black-color\">A) Clube 100 \u00e0 hora e de Patinagem<\/span><\/strong><\/p>\n\n\n\n<p class=\"has-text-align-right has-medium-font-size\">Proponentes: Diogo Lemos 8E-AF <\/p>\n\n\n\n<p style=\"font-size:26px\"><strong><span class=\"has-inline-color has-black-color\">B) Sala de Exposi\u00e7\u00f5es Informal<\/span><\/strong><\/p>\n\n\n\n<p class=\"has-text-align-right has-medium-font-size\">Proponentes: 4 alunas do 11K<\/p>\n\n\n\n<div style=\"height:35px\" aria-hidden=\"true\" class=\"wp-block-spacer\"><\/div>\n\n\n\n<p class=\"has-medium-font-size\"><strong><em><span style=\"color:#0c0aa2\" class=\"has-inline-color\">Assembleia Municipal Jovem &#8211; Barcelos<\/span><\/em><\/strong><\/p>\n\n\n\n<p style=\"font-size:26px\">A) <strong>Caminho de Santiago \u2013 \u201cA Heran\u00e7a\u201d<\/strong><\/p>\n\n\n\n<p class=\"has-text-align-right has-medium-font-size\">Proponentes: v\u00e1rios alunos Ensino Secund\u00e1rio<\/p>\n\n\n\n<div style=\"height:37px\" aria-hidden=\"true\" class=\"wp-block-spacer\"><\/div>\n\n\n\n<hr class=\"wp-block-separator\"\/>\n\n\n\n<p class=\"has-text-align-center has-medium-font-size\"><strong><span style=\"color:#000000\" class=\"has-inline-color\">ALUNOS <\/span><\/strong><\/p>\n\n\n\n<p>O Or\u00e7amento Participativo de Escolas (OPE) foi um projeto criado pelo Minist\u00e9rio da Educa\u00e7\u00e3o, o qual atribuiu uma verba monet\u00e1ria por estabelecimento de ensino, de acordo com o n\u00famero de alunos da escola.<\/p>\n\n\n\n<p>Os alunos, individualmente ou em grupo, podem elaborar uma proposta para aquisi\u00e7\u00e3o de bens ou servi\u00e7os, com vista a melhorar o funcionamento da escola ou do processo ensino \u2013 aprendizagem.<\/p>\n\n\n\n<p>As propostas v\u00e3o ser posteriormente analisadas e, ap\u00f3s validadas e divulgadas, ser\u00e3o alvo de vota\u00e7\u00e3o por parte de todos os alunos do estabelecimento de ensino (24 de mar\u00e7o \u2013 dia do estudante)<\/p>\n\n\n\n<p>&nbsp;A(s) proposta(s) mais votada(s) ser\u00e1 atribu\u00edda a verba disponibilizada pelo Minist\u00e9rio da Educa\u00e7\u00e3o, para execu\u00e7\u00e3o do projeto (1577,00\u20ac na ESAF e 500,00\u20ac na EB23 Manhente).<\/p>\n\n\n\n<p>Com o OPE do AEAF pretende-se:<\/p>\n\n\n\n<p>a)&nbsp;&nbsp;&nbsp;&nbsp;&nbsp; que os alunos possam participar mais ativa e civicamente, de uma forma democr\u00e1tica, nas decis\u00f5es relativas \u00e0 gest\u00e3o e funcionamento do seu estabelecimento de ensino, com vista \u00e0 introdu\u00e7\u00e3o de melhorias, de acordo com as suas necessidades e interesses,<\/p>\n\n\n\n<p>b)&nbsp;&nbsp;&nbsp;&nbsp;&nbsp; proporcionar aos alunos a possibilidade de apresentarem as suas preocupa\u00e7\u00f5es, de aprenderem a negociar, a articular, a debater e a formular opini\u00f5es, desenvolvendo o sentido de cidadania e o esp\u00edrito cr\u00edtico, contribuindo para a resolu\u00e7\u00e3o dos problemas da sua escola.<\/p>\n\n\n\n<p>Reconhecida a import\u00e2ncia do OPE como instrumento para o envolvimento dos alunos na experi\u00eancia democr\u00e1tica, nos princ\u00edpios da representa\u00e7\u00e3o e da constru\u00e7\u00e3o de projetos para o bem comum, este ser\u00e1 mais uma vez<strong>, neste ano letivo, tematicamente direcionado para a inclus\u00e3o<\/strong>, desafiando os estudantes a apresentar propostas dirigidas \u00e0 inclus\u00e3o de todos, sobretudo dos mais afetados pela pandemia.<\/p>\n\n\n\n<p>Assim, no contexto do <strong>OPEscolas-Inclui<\/strong>, dever\u00e3o os alunos apresentar propostas que relevem, nomeadamente, para Inclus\u00e3o e Bem-estar, com a\u00e7\u00f5es espec\u00edficas que fomentem a inclus\u00e3o dos alunos mais vulner\u00e1veis tendo em vista a promo\u00e7\u00e3o de uma escola inclusiva e promotora de bem-estar individual e coletivo.<\/p>\n\n\n\n<p>As propostas s\u00e3o elaboradas por estudantes do 3.\u00ba ciclo do ensino b\u00e1sico e\/ou do ensino secund\u00e1rio, devendo identificar claramente uma melhoria pretendida na escola, atrav\u00e9s da aquisi\u00e7\u00e3o de bens e\/ou servi\u00e7os que sejam necess\u00e1rios ou convenientes para a beneficia\u00e7\u00e3o do espa\u00e7o escolar e\/ou da forma da sua utiliza\u00e7\u00e3o ou destinados a melhorar os processos de ensino-aprendizagem e do qual possa beneficiar ou vir a beneficiar toda a comunidade escolar.<\/p>\n\n\n\n<p>Os alunos t\u00eam de fazer a candidatura atrav\u00e9s do preenchimento da ficha de candidatura, devidamente preenchida, tendo em conta as datas e considera\u00e7\u00f5es emanadas no regulamento espec\u00edfico deste or\u00e7amento participativo das escolas.<\/p>\n\n\n\n<p>\u00c9 poss\u00edvel apresentar diretamente as candidaturas&nbsp;em&nbsp;<a href=\"http:\/\/www.opescolas.pt\/\" target=\"_blank\" rel=\"noreferrer noopener\"><strong>www.opescolas.pt<\/strong><\/a>, no separador \u201cInscri\u00e7\u00e3o\u201d.&nbsp;Esta op\u00e7\u00e3o n\u00e3o exclui a possibilidade de entrega da candidatura em papel na secretaria, sendo que, neste caso, caber\u00e1 \u00e0 escola introduzi-la nesta mesma p\u00e1gina, respeitando os prazos regulamentados.<\/p>\n\n\n\n<hr class=\"wp-block-separator\"\/>\n\n\n\n<div class=\"wp-block-file\"><a href=\"http:\/\/aeaf.edu.pt\/wp-content\/uploads\/2023\/03\/Regulamento-Orcamento-Participativo.pdf\" target=\"_blank\" rel=\"noreferrer noopener\"><strong><span class=\"has-inline-color has-black-color\"><u>Regulamento Or\u00e7amento Participativo<\/u><\/span><\/strong><\/a><a href=\"http:\/\/aeaf.edu.pt\/wp-content\/uploads\/2023\/03\/Regulamento-Orcamento-Participativo.pdf\" class=\"wp-block-file__button\" download>Descarregar<\/a><\/div>\n\n\n\n<div class=\"wp-block-file\"><a href=\"http:\/\/aeaf.edu.pt\/wp-content\/uploads\/2023\/03\/Regulamento-OPE-anexo-1.pdf\" target=\"_blank\" rel=\"noreferrer noopener\"><strong><span class=\"has-inline-color has-black-color\"><u>Regulamento OPE &#8211; Anexo1<\/u><\/span><\/strong><\/a><a href=\"http:\/\/aeaf.edu.pt\/wp-content\/uploads\/2023\/03\/Regulamento-OPE-anexo-1.pdf\" class=\"wp-block-file__button\" download>Descarregar<\/a><\/div>\n\n\n\n<div class=\"wp-block-file\"><a href=\"http:\/\/aeaf.edu.pt\/wp-content\/uploads\/2023\/03\/Regulamento-OPE-anexo-2.pdf\" target=\"_blank\" rel=\"noreferrer noopener\"><strong><span class=\"has-inline-color has-black-color\"><u>Regulamento OPE &#8211; Anexo2<\/u><\/span><\/strong><\/a><a href=\"http:\/\/aeaf.edu.pt\/wp-content\/uploads\/2023\/03\/Regulamento-OPE-anexo-2.pdf\" class=\"wp-block-file__button\" download>Descarregar<\/a><\/div>\n\n\n\n<div class=\"wp-block-file\"><a href=\"http:\/\/aeaf.edu.pt\/wp-content\/uploads\/2023\/03\/OPE-reg-Ministerio-Educacao.pdf\" target=\"_blank\" rel=\"noreferrer noopener\"><strong><span class=\"has-inline-color has-black-color\"><u>OPE &#8211; Regulamento Minist\u00e9rio Educa\u00e7\u00e3o<\/u><\/span><\/strong><\/a><a href=\"http:\/\/aeaf.edu.pt\/wp-content\/uploads\/2023\/03\/OPE-reg-Ministerio-Educacao.pdf\" class=\"wp-block-file__button\" download>Descarregar<\/a><\/div>\n\n\n\n<hr class=\"wp-block-separator\"\/>\n\n\n\n<div class=\"wp-block-image\"><figure class=\"aligncenter size-full\"><a href=\"http:\/\/aeaf.edu.pt\/wp-content\/uploads\/2023\/03\/OPEscolas2023_Cartaz1.png\"><img loading=\"lazy\" width=\"200\" height=\"282\" src=\"http:\/\/aeaf.edu.pt\/wp-content\/uploads\/2023\/03\/OPEscolas2023_Cartaz1.png\" alt=\"\" class=\"wp-image-12937\"\/><\/a><\/figure><\/div>\n","protected":false},"excerpt":{"rendered":"<p>Agrupamento de Escolas Alcaides de Faria Resultado da Vota\u00e7\u00e3o do Or\u00e7amento Participativo Escolas 2023 &#8211; ESAF Votaram um total de trezentos e oito alunos, de entre uma popula\u00e7\u00e3o estudantil de mil quinhentos e cinquenta e sete alunos, tendo a: Proposta A &#8211; cento e oitenta e nove votos, o que perfaz uma percentagem de sessenta [&hellip;]<\/p>\n","protected":false},"author":5,"featured_media":12937,"comment_status":"closed","ping_status":"closed","sticky":false,"template":"","format":"standard","meta":[],"categories":[33],"tags":[],"_links":{"self":[{"href":"http:\/\/aeaf.edu.pt\/index.php?rest_route=\/wp\/v2\/posts\/12932"}],"collection":[{"href":"http:\/\/aeaf.edu.pt\/index.php?rest_route=\/wp\/v2\/posts"}],"about":[{"href":"http:\/\/aeaf.edu.pt\/index.php?rest_route=\/wp\/v2\/types\/post"}],"author":[{"embeddable":true,"href":"http:\/\/aeaf.edu.pt\/index.php?rest_route=\/wp\/v2\/users\/5"}],"replies":[{"embeddable":true,"href":"http:\/\/aeaf.edu.pt\/index.php?rest_route=%2Fwp%2Fv2%2Fcomments&post=12932"}],"version-history":[{"count":4,"href":"http:\/\/aeaf.edu.pt\/index.php?rest_route=\/wp\/v2\/posts\/12932\/revisions"}],"predecessor-version":[{"id":12964,"href":"http:\/\/aeaf.edu.pt\/index.php?rest_route=\/wp\/v2\/posts\/12932\/revisions\/12964"}],"wp:featuredmedia":[{"embeddable":true,"href":"http:\/\/aeaf.edu.pt\/index.php?rest_route=\/wp\/v2\/media\/12937"}],"wp:attachment":[{"href":"http:\/\/aeaf.edu.pt\/index.php?rest_route=%2Fwp%2Fv2%2Fmedia&parent=12932"}],"wp:term":[{"taxonomy":"category","embeddable":true,"href":"http:\/\/aeaf.edu.pt\/index.php?rest_route=%2Fwp%2Fv2%2Fcategories&post=12932"},{"taxonomy":"post_tag","embeddable":true,"href":"http:\/\/aeaf.edu.pt\/index.php?rest_route=%2Fwp%2Fv2%2Ftags&post=12932"}],"curies":[{"name":"wp","href":"https:\/\/api.w.org\/{rel}","templated":true}]}}