{"id":13203,"date":"2023-07-04T22:19:43","date_gmt":"2023-07-04T22:19:43","guid":{"rendered":"http:\/\/aeaf.edu.pt\/?p=13203"},"modified":"2025-10-07T00:43:11","modified_gmt":"2025-10-07T00:43:11","slug":"aeaf-epas-european-parliament-ambassador-schools","status":"publish","type":"post","link":"http:\/\/aeaf.edu.pt\/?p=13203","title":{"rendered":"AEAF &#8211; EPAS (European Parliament Ambassador Schools)"},"content":{"rendered":"\n<hr class=\"wp-block-separator\"\/>\n\n\n\n<p>O Agrupamento de Escolas Alcaides de Faria integra a rede <a href=\"https:\/\/youth.europarl.europa.eu\/pt\/more-information\/ambassador-school\/the-epas-network.html\" target=\"_blank\" rel=\"noreferrer noopener\"><span style=\"color:#1a10e1\" class=\"has-inline-color\"><strong>EPAS (European Parliament Ambassador Schools<\/strong>)<\/span><\/a> &#8211; Escolas Embaixadoras do Parlamento Europeu), desde o ano letivo 2020\/2021.<\/p>\n\n\n\n<p class=\"has-text-align-center has-medium-font-size\"><strong>Plano de Atividades<\/strong><\/p>\n\n\n\n<p>O Agrupamento de Escolas Alcaides de Faria, situado em Barcelos, em colabora\u00e7\u00e3o com o Clube dos Projetos Europeus, apresenta o plano de atividades para o ano letivo 2025\/2026:<\/p>\n\n\n\n<p>&#8211; <strong>Projeto Euroweek \u201cEncontro de Escolas Europeias\u201d<\/strong> \u2013 decorreu de 9-16 de setembro 2025 na Escola Secund\u00e1ria Alcaides de Faria. Com a tem\u00e1tica definida para este ano \u201cUnidos na Diversidade\u201d, consiste num encontro de 230 participantes (8 alunos e de professores de cada pa\u00eds), de 23 escolas europeias, que se encontram anualmente numa escola\/pa\u00eds diferente. O AEAF organizou pela segunda vez, 20 anos depois. Durante essa semana, os alunos e professores desenvolvem atividades criativas, desportivas, debate de ideias, apresentam performances culturais e a agastronomia de cada pa\u00eds, al\u00e9m das visitas culturais e a monumentos e recolha de lixo marinho, no Parque Natural de Esposende.<\/p>\n\n\n\n<p>&#8211; <strong>Celebra\u00e7\u00e3o do Dia Europeu das L\u00ednguas (26\/09)<\/strong> \u2013 com atividades em sala de aula e na Biblioteca escolar<\/p>\n\n\n\n<p>&#8211; Participa\u00e7\u00e3o com turmas do 10\u00baano do ensino cient\u00edfico-human\u00edstico nas atividades propostas pelo \u201c<strong>Climate action Project<\/strong>\u201d, desenvolvido ao longo de seis semanas e envolvendo escolas de todo o mundo. As atividades permitem identificar os problemas que afetam o ambiente e delinear estrat\u00e9gias para reduzir o impacto das nossas atividades di\u00e1rias.<\/p>\n\n\n\n<p>&#8211; <strong>Atividades Erasmus Days (13-16 outubro)<\/strong> \u2013 dissemina\u00e7\u00e3o de atividades dos projetos junto de alunos e professores do Agrupamento<\/p>\n\n\n\n<p>&#8211; <strong>Mobilidade e acolhimento<\/strong> de professores em <em>job-shadowing<\/em> e de alunos em mobilidade Erasmus, de escolas europeias, ao longo do ano letivo \u2013 frequ\u00eancia de aulas e intera\u00e7\u00e3o com os alunos.<\/p>\n\n\n\n<p>&#8211; <strong>European Youth Week <\/strong>(previsto para dezembro)\u2013 Celebra\u00e7\u00e3o do Dia Europeu do Voluntariado \u2013 em colabora\u00e7\u00e3o com a\u00a0 associa\u00e7\u00e3o SOPRO e Banco Alimentar.<\/p>\n\n\n\n<p>&#8211; <strong>Interc\u00e2mbios<\/strong> no \u00e2mbito do <strong>projeto Erasmus Acredita\u00e7\u00e3o<\/strong> com a mobilidade de cerca de 50 alunos e acolhimento dos respetivos pares \u2013 datas e escolas\/pa\u00edses a definir.<\/p>\n\n\n\n<p>&#8211; <strong>Projeto Erasmus VET<\/strong> \u2013 com cerca de 40 alunos do ensino profissional em mobilidade para est\u00e1gio profissional (maio 2026)<\/p>\n\n\n\n<p>&#8211; Participa\u00e7\u00e3o em <strong>Encontro EPAS<\/strong><\/p>\n\n\n\n<p>&#8211; Celebra\u00e7\u00e3o do <strong>Dia da Europa<\/strong> &#8211; com atividades em sala de aula e na Biblioteca escolar<\/p>\n\n\n\n<div style=\"height:25px\" aria-hidden=\"true\" class=\"wp-block-spacer\"><\/div>\n\n\n\n<p><strong>INFORMA\u00c7\u00c3O:<\/strong><\/p>\n\n\n\n<blockquote class=\"wp-block-quote\"><p><strong>Diretora<\/strong>: Professora Maria Alice Rodrigues Ferreira<\/p><p><strong>Embaixadores seniores:<\/strong> Anabela Campos, Daniela Costa, Isabel Ara\u00fajo, Joana Leite, Lu\u00edsa Martins, Gra\u00e7a Gomes, Regina Parente, Patr\u00edcia Vale, Olinda Martins<\/p><p><strong>Embaixadores juniores:<\/strong> a definir<\/p><\/blockquote>\n\n\n\n<blockquote class=\"wp-block-quote has-text-align-right\"><p>AEAF, 02\/10\/2025 <\/p><p><strong><em>A coordenadora dos projetos europeus<\/em><\/strong> Prof\u00aa Olinda Martins<\/p><\/blockquote>\n\n\n\n<hr class=\"wp-block-separator\"\/>\n\n\n\n<div style=\"height:52px\" aria-hidden=\"true\" class=\"wp-block-spacer\"><\/div>\n\n\n\n<p>Ao longo do ano letivo 2022\/23, as atividades enquadradas nos valores Europeus Europa e na tem\u00e1tica \u201c<strong>Unidos na Biodiversidade\u201d<\/strong> foram desenvolvidas na sequ\u00eancia dos projetos associados ao <a href=\"https:\/\/www.instagram.com\/euroesafclub\/\" target=\"_blank\" rel=\"noreferrer noopener\"><strong><u><span style=\"color:#1a10e1\" class=\"has-inline-color\">Clube dos Projetos Europeus<\/span><\/u><\/strong><\/a>, envolvendo v\u00e1rios docentes e alunos do 9\u00ba, 10\u00ba, 11\u00ba e 12\u00ba anos do ensino secund\u00e1rio cient\u00edfico-human\u00edstico e profissional. Em seguida, apresentam-se os projetos desenvolvidos e que est\u00e3o alinhados com os valores da Uni\u00e3o Europeia, o Projeto Educativo do Agrupamento e os conte\u00fados program\u00e1ticos de v\u00e1rias disciplinas e alinhados com os objetivos da Educa\u00e7\u00e3o para a Cidadania:<\/p>\n\n\n\n<ol type=\"1\"><li><strong>Projeto Euroweek<\/strong> \u2013 participa\u00e7\u00e3o com 8 alunos na mobilidade para a Su\u00e9cia e Dinamarca, subordinado ao mote da prote\u00e7\u00e3o ambiental &#8211; (setembro\/2022) (<a href=\"https:\/\/www.instagram.com\/p\/CjJHVqwsWUO\/\"><strong><span style=\"color:#1a10e1\" class=\"has-inline-color\">https:\/\/www.instagram.com\/p\/CjJHVqwsWUO\/<\/span><\/strong><\/a> );<\/li><li><strong>Erasmus Days<\/strong> &#8211; evento para a dissemina\u00e7\u00e3o de resultados do Projeto Erasmus+ e que resultou em a\u00e7\u00f5es e workshops com algumas turmas e na Biblioteca da ESAF (outubro\/2022) (<a href=\"https:\/\/www.instagram.com\/p\/CjggzSsM7M3\/\" target=\"_blank\" rel=\"noreferrer noopener\"><span style=\"color:#1a10e1\" class=\"has-inline-color\"><strong>https:\/\/www.instagram.com\/p\/CjggzSsM7M3\/ <\/strong><\/span><\/a>);<\/li><li><strong>Buy Nothing Day<\/strong> &#8211; Inserido na tem\u00e1tica da prote\u00e7\u00e3o ambiental, a \u00c1rea Disciplinar de Ingl\u00eas promoveu a atividade &#8220;Buy Nothing Day&#8221;, visando alertar para o consumismo excessivo e para a necessidade de adotar h\u00e1bitos de consumo mais sustent\u00e1veis e de reutiliza\u00e7\u00e3o. As atividades inclu\u00edram uma workshop de literacia financeira e sustentabilidade, a exibi\u00e7\u00e3o do document\u00e1rio &#8220;Fast Fashion&#8221; e troca de artigos, dando-lhes nova vida e utilidade, envolvendo toda a comunidade. (novembro\/23) (<a href=\"https:\/\/www.instagram.com\/p\/ClT9n-DoDJW\/\" target=\"_blank\" rel=\"noreferrer noopener\"><strong><span style=\"color:#1a10e1\" class=\"has-inline-color\">https:\/\/www.instagram.com\/p\/ClT9n-DoDJW\/<\/span><\/strong><\/a>)<\/li><li><strong>Projeto Erasmus+VET, Ensino Profissional<\/strong>, parceria com a C\u00e2mara de Barcelos &#8211; mobilidade de est\u00e1gio em empresas eslovenas. O projeto envolveu 4 professores e 34 alunos dos cursos profissionais de Mecatr\u00f3nica, Multim\u00e9dia, GPSI e Contabilidade. Estes dois projetos envolveram uma prepara\u00e7\u00e3o dos participantes para a imers\u00e3o cultural a que iriam estar sujeitos no contacto direto com a realidade laboral, cultural e social dos respetivos pa\u00edses, de respeito pela diferen\u00e7a e apre\u00e7o pela diversidade europeia. (novembro\/22 e maio\/23) (<strong><a href=\"https:\/\/www.instagram.com\/p\/CsTt4GtMfrL\/\" target=\"_blank\" rel=\"noreferrer noopener\"><span style=\"color:#1a10e1\" class=\"has-inline-color\">https:\/\/www.instagram.com\/p\/CsTt4GtMfrL\/<\/span><\/a> <\/strong>);<\/li><li><strong>Projeto de interc\u00e2mbio com escola Checa de Klatovy<\/strong>, ao abrigo de protocolo com o Instituto Cam\u00f5es e Embaixada de Portugal, tendo envolvido v\u00e1rias sess\u00f5es de videoconfer\u00eancia com alunos do 10\u00baI e projeto acerca dos pa\u00edses;<\/li><li><strong>Projeto de interc\u00e2mbio \u201cOur planet, our life\u201d <\/strong>com escola IES Elcano, de Sanlucar de Barrameda, Espanha &#8211; envolveu 28 alunos, com acolhimento na ESAF em fevereiro e mobilidade em abril\/2023 (<a href=\"https:\/\/www.instagram.com\/p\/CrO7U2Is37e\/\" target=\"_blank\" rel=\"noreferrer noopener\"><strong><span style=\"color:#1a10e1\" class=\"has-inline-color\">https:\/\/www.instagram.com\/p\/CrO7U2Is37e\/ <\/span><\/strong><\/a>);<\/li><li><strong>Acolhimento de 42 alunos Erasmus+<\/strong> de escolas belga e polaca: foram envolvidas turmas em atividades de grupo (subordinadas \u00e0 prote\u00e7\u00e3o ambiental, preserva\u00e7\u00e3o de esp\u00e9cies e habitats e a sustentabilidade) e com visita de estudo ao Parque Natural do Litoral Norte, em Esposende, e ao Centro Interpretativo de S. Louren\u00e7o (mar\u00e7o\/23) (<a href=\"https:\/\/www.instagram.com\/p\/CqNiR7RMLWl\/\" target=\"_blank\" rel=\"noreferrer noopener\"><strong><span style=\"color:#1a10e1\" class=\"has-inline-color\">https:\/\/www.instagram.com\/p\/CqNiR7RMLWl\/<\/span><\/strong><\/a> );<\/li><li><strong>EPAS -European Parliament Ambassador Schools<\/strong> &#8211; participa\u00e7\u00e3o no <strong>2\u00baEncontro Nacional EPAS &#8211; Famalic\u00e3o<\/strong> com 3 alunas juniores. Esta foi uma excelente oportunidade para conhecermos presencialmente os parceiros EPAS, para partilhar experi\u00eancias, enriquecendo e fortalecendo os la\u00e7os da cidadania europeia. (maio\/23) (<a href=\"https:\/\/www.instagram.com\/p\/Cr-h2zrMJ3o\/\" target=\"_blank\" rel=\"noreferrer noopener\"><strong><span style=\"color:#1a10e1\" class=\"has-inline-color\">https:\/\/www.instagram.com\/p\/Cr-h2zrMJ3o\/ <\/span><\/strong><\/a>);<\/li><li><strong>Celebra\u00e7\u00e3o do Dia da Europa<\/strong>: com evento musical, durante as atividades do projeto Erasmus \u201cApps for students\u201d, a decorrer na Turquia (<a href=\"https:\/\/www.instagram.com\/p\/CsTdfiXtYBd\/\" target=\"_blank\" rel=\"noreferrer noopener\"><strong><span style=\"color:#1a10e1\" class=\"has-inline-color\">https:\/\/www.instagram.com\/p\/CsTdfiXtYBd\/ ; https:\/\/www.instagram.com\/p\/CsEuhDZMxjW\/<\/span><\/strong><\/a> )<\/li><li><strong>Confer\u00eancia \u201cUnidos na biodiversidade<\/strong>\u201d, com a presen\u00e7a da coordenadora nacional, <strong>Dr\u00aa Isabel Baltazar<\/strong>. Decorreu no espa\u00e7o da Biblioteca da ESAF e com a presen\u00e7a das turmas 8\u00baB, 11\u00baB e 11\u00baF (maio\/2023) (<a href=\"https:\/\/www.instagram.com\/p\/CspN-ZToOTv\/?utm_source=ig_web_copy_link&amp;igshid=MzRlODBiNWFlZA==\" target=\"_blank\" rel=\"noreferrer noopener\"><strong><span style=\"color:#1a10e1\" class=\"has-inline-color\">https:\/\/www.instagram.com\/p\/CspN-ZToOTv\/?utm_source=ig_web_copy_link&amp;igshid=MzRlODBiNWFlZA==<\/span><\/strong><\/a>);<\/li><li><strong>Erasmus+ job-shadowing<\/strong> \u2013 acolhimento de professores da B\u00e9lgica, Rom\u00e9nia, Pol\u00f3nia, Espanha, It\u00e1lia, Eslov\u00e9nia em visita \u00e0 escola para conhecer o sistema de ensino, o funcionamento das aulas e tecnologias usadas, os projetos desenvolvidos, etc. (ao longo do ano);<\/li><li>Colabora\u00e7\u00e3o no projeto promovido pelos <strong>Clubes Europeus da DGE<\/strong>, subordinado \u00e0 tem\u00e1tica \u00ab<strong>Juventude \u2013 futuro da Europa<\/strong>\u00bb, com a dinamiza\u00e7\u00e3o de atividades nas turmas do 10\u00baano (ao longo do ano.<\/li><\/ol>\n\n\n\n<p class=\"has-text-align-right\"><span class=\"has-inline-color has-black-color\">A coordenadora EPAS,<\/span><\/p>\n\n\n\n<p class=\"has-text-align-right\"><span class=\"has-inline-color has-black-color\">Prof\u00aa Olinda Martins<\/span><\/p>\n","protected":false},"excerpt":{"rendered":"<p>O Agrupamento de Escolas Alcaides de Faria integra a rede EPAS (European Parliament Ambassador Schools) &#8211; Escolas Embaixadoras do Parlamento Europeu), desde o ano letivo 2020\/2021. Plano de Atividades O Agrupamento de Escolas Alcaides de Faria, situado em Barcelos, em colabora\u00e7\u00e3o com o Clube dos Projetos Europeus, apresenta o plano de atividades para o ano [&hellip;]<\/p>\n","protected":false},"author":5,"featured_media":13205,"comment_status":"closed","ping_status":"closed","sticky":false,"template":"","format":"standard","meta":[],"categories":[33,1],"tags":[],"_links":{"self":[{"href":"http:\/\/aeaf.edu.pt\/index.php?rest_route=\/wp\/v2\/posts\/13203"}],"collection":[{"href":"http:\/\/aeaf.edu.pt\/index.php?rest_route=\/wp\/v2\/posts"}],"about":[{"href":"http:\/\/aeaf.edu.pt\/index.php?rest_route=\/wp\/v2\/types\/post"}],"author":[{"embeddable":true,"href":"http:\/\/aeaf.edu.pt\/index.php?rest_route=\/wp\/v2\/users\/5"}],"replies":[{"embeddable":true,"href":"http:\/\/aeaf.edu.pt\/index.php?rest_route=%2Fwp%2Fv2%2Fcomments&post=13203"}],"version-history":[{"count":5,"href":"http:\/\/aeaf.edu.pt\/index.php?rest_route=\/wp\/v2\/posts\/13203\/revisions"}],"predecessor-version":[{"id":15588,"href":"http:\/\/aeaf.edu.pt\/index.php?rest_route=\/wp\/v2\/posts\/13203\/revisions\/15588"}],"wp:featuredmedia":[{"embeddable":true,"href":"http:\/\/aeaf.edu.pt\/index.php?rest_route=\/wp\/v2\/media\/13205"}],"wp:attachment":[{"href":"http:\/\/aeaf.edu.pt\/index.php?rest_route=%2Fwp%2Fv2%2Fmedia&parent=13203"}],"wp:term":[{"taxonomy":"category","embeddable":true,"href":"http:\/\/aeaf.edu.pt\/index.php?rest_route=%2Fwp%2Fv2%2Fcategories&post=13203"},{"taxonomy":"post_tag","embeddable":true,"href":"http:\/\/aeaf.edu.pt\/index.php?rest_route=%2Fwp%2Fv2%2Ftags&post=13203"}],"curies":[{"name":"wp","href":"https:\/\/api.w.org\/{rel}","templated":true}]}}