{"id":13554,"date":"2023-11-09T22:27:00","date_gmt":"2023-11-09T22:27:00","guid":{"rendered":"http:\/\/aeaf.edu.pt\/?p=13554"},"modified":"2024-09-19T21:07:54","modified_gmt":"2024-09-19T21:07:54","slug":"criterios-de-avaliacao-2023-2024-aeaf","status":"publish","type":"post","link":"http:\/\/aeaf.edu.pt\/?p=13554","title":{"rendered":"Crit\u00e9rios de avalia\u00e7\u00e3o 2023\/2024 \u2013 AEAF"},"content":{"rendered":"\n<hr class=\"wp-block-separator\"\/>\n\n\n<div id=\"accordions-13393\" class=\"accordions-13393 accordions\">\r\n                <div id=\"accordions-lazy-13393\" class=\"accordions-lazy\">\r\n                    <\/div>\r\n        <script>\r\n            (function($) {\r\n                $(window).on(\"load\",function(){\r\n                    $('#accordions-lazy-13393').fadeOut();\r\n                    $('#accordions-13393 .items').fadeIn();\r\n                })\r\n        })(jQuery);\r\n        <\/script><style type='text\/css'>\r\n        @media only screen and (min-width: 1024px) {\r\n            #accordions-13393 {\r\n                width: 100%;\r\n                            }\r\n        }\r\n        @media only screen and (min-width: 768px) and (max-width: 1023px) {\r\n            #accordions-13393 {\r\n                width: 100%;\r\n                            }\r\n        }\r\n        @media only screen and (min-width: 0px) and (max-width: 767px) {\r\n            #accordions-13393 {\r\n                width: 100%;\r\n                            }\r\n        }\r\n        #accordions-13393 .items {\r\n            display: none;\r\n        }\r\n\r\n        #accordions-13393 .accordions-lazy {\r\n            text-align: center;\r\n            position: absolute;\r\n            top: 50%;\r\n            left: 50%;\r\n            transform: translate(-50%, -50%);\r\n        }\r\n\r\n        #accordions-13393 {\r\n            text-align: left;\r\n            background: #ffffff url() repeat scroll 0 0;\r\n            position: relative;\r\n        }\r\n\r\n        #accordions-13393 .accordions-head {\r\n            background: #bcbcbc none repeat scroll 0 0;\r\n            \r\n                        outline: none;\r\n        }\r\n\r\n        #accordions-13393 .accordions-head-title {\r\n            color: #000000;\r\n            font-size: 16px;\r\n                    }\r\n\r\n        #accordions-13393 .accordions-head-title-toggle {\r\n            color: #000000;\r\n            font-size: 16px;\r\n                    }\r\n\r\n        #accordions-13393 .accordions-head:hover .accordions-head-title {\r\n            color: #ffffff;\r\n                    }\r\n\r\n        #accordions-13393 .ui-state-active {\r\n            background: #bcbcbc;\r\n            border: none;\r\n        }\r\n\r\n        #accordions-13393 .accordion-content {\r\n            background: #ffffff none repeat scroll 0 0;\r\n            border: none;\r\n        }\r\n\r\n        #accordions-13393 .accordion-icons {\r\n            color: #000000;\r\n                    }\r\n\r\n        #accordions-13393 .accordions-head:hover .accordion-icons span {\r\n            color: #000000;\r\n                    }\r\n\r\n            <\/style>\r\n<div class=\"items\">\r\n                        <div post_id=\"13393\" itemcount=\"0\" header_id=\"header-1636052358472\" id=\"header-1636052358472\" style=\"\" class=\"accordions-head head1636052358472 border-none\" toggle-text=\"\" main-text=\"Educa\u00e7\u00e3o Pr\u00e9-Escolar\">\r\n                                            <span id=\"accordion-icons-1636052358472\" class=\"accordion-icons\">\r\n                            <span class=\"accordion-icon-active accordion-plus\"><i class=\"fas fa-chevron-up\"><\/i><\/span>\r\n                            <span class=\"accordion-icon-inactive accordion-minus\"><i class=\"fas fa-chevron-right\"><\/i><\/span>\r\n                        <\/span>\r\n                        <span id=\"header-text-1636052358472\" class=\"accordions-head-title\">Educa\u00e7\u00e3o Pr\u00e9-Escolar<\/span>\r\n                                    <\/div>\r\n                <div class=\"accordion-content content1636052358472 \">\r\n                    <p style=\"text-align: center\"><a href=\"http:\/\/aeaf.edu.pt\/wp-content\/uploads\/2023\/11\/DCEPE-23-24-Orientacoes-Gerais-de-Avaliacao.pdf\"><span style=\"text-decoration: underline\"><strong>DCEPE-23-24 Orienta\u00e7\u00f5es Gerais de Avalia\u00e7\u00e3o<\/strong><\/span><\/a><\/p>                <\/div>\r\n                        <div post_id=\"13393\" itemcount=\"1\" header_id=\"header-1607524090361\" id=\"header-1607524090361\" style=\"\" class=\"accordions-head head1607524090361 border-none\" toggle-text=\"\" main-text=\"1\u00ba Ciclo\">\r\n                                            <span id=\"accordion-icons-1607524090361\" class=\"accordion-icons\">\r\n                            <span class=\"accordion-icon-active accordion-plus\"><i class=\"fas fa-chevron-up\"><\/i><\/span>\r\n                            <span class=\"accordion-icon-inactive accordion-minus\"><i class=\"fas fa-chevron-right\"><\/i><\/span>\r\n                        <\/span>\r\n                        <span id=\"header-text-1607524090361\" class=\"accordions-head-title\">1\u00ba Ciclo<\/span>\r\n                                    <\/div>\r\n                <div class=\"accordion-content content1607524090361 \">\r\n                    <p style=\"text-align: center\"><a href=\"http:\/\/aeaf.edu.pt\/wp-content\/uploads\/2023\/11\/1.o-Ciclo-Criterios-de-Avaliacao-de-PLNM-2023-2024-1.pdf\"><span style=\"text-decoration: underline\"><strong>1.\u00ba-Ciclo-Criterios-de-Avaliacao-de-PLNM-2023-2024<\/strong><\/span><\/a><\/p>\r\n<p style=\"text-align: center\"><span style=\"text-decoration: underline\"><strong><a href=\"http:\/\/aeaf.edu.pt\/wp-content\/uploads\/2023\/11\/1.o-Ciclo-Criterios-de-Avaliacao-de-Cidadania-e-Desenvolvimento-2023-2024-1.pdf\">1.\u00ba-Ciclo-Criterios-de-Avaliacao-de-Cidadania-e-Desenvolvimento-2023-2024<\/a><\/strong><\/span><\/p>\r\n\r\n\r\n<hr \/>\r\n<p style=\"text-align: center\"><span style=\"text-decoration: underline\"><strong><a href=\"http:\/\/aeaf.edu.pt\/wp-content\/uploads\/2023\/11\/1.o-Ano-Criterios-de-avaliacao-Apoio-ao-Estudo-2023-2024.pdf\">1.\u00ba-Ano-Criterios-de-avaliacao-Apoio-ao-Estudo-2023-2024<\/a><\/strong><\/span><\/p>\r\n<p style=\"text-align: center\"><span style=\"text-decoration: underline\"><strong><a href=\"http:\/\/aeaf.edu.pt\/wp-content\/uploads\/2023\/11\/1.o-Ano-Criterios-de-Avaliacao-de-Educacao-Fisica-2023-2024.pdf\">1.\u00ba-Ano-Criterios-de-Avaliacao-de-Educacao-Fisica-2023-2024<\/a><\/strong><\/span><\/p>\r\n<p style=\"text-align: center\"><span style=\"text-decoration: underline\"><strong><a href=\"http:\/\/aeaf.edu.pt\/wp-content\/uploads\/2023\/11\/1.o-Ano-Criterios-de-Avaliacao-de-Estudo-do-Meio-2023-2024.pdf\">1.\u00ba-Ano-Criterios-de-Avaliacao-de-Estudo-do-Meio-2023-2024<\/a><\/strong><\/span><\/p>\r\n<p style=\"text-align: center\"><span style=\"text-decoration: underline\"><strong><a href=\"http:\/\/aeaf.edu.pt\/wp-content\/uploads\/2023\/11\/1.o-Ano-Criterios-de-Avaliacao-de-Matematica-2023-2024.pdf\">1.\u00ba-Ano-Criterios-de-Avaliacao-de-Matematica-2023-2024<\/a><\/strong><\/span><\/p>\r\n<p style=\"text-align: center\"><span style=\"text-decoration: underline\"><strong><a href=\"http:\/\/aeaf.edu.pt\/wp-content\/uploads\/2023\/11\/1.o-Ano-Criterios-de-Avaliacao-de-Portugues-2023-2024.pdf\">1.\u00ba-Ano-Criterios-de-Avaliacao-de-Portugues-2023-2024<\/a><\/strong><\/span><\/p>\r\n<p style=\"text-align: center\"><span style=\"text-decoration: underline\"><strong><a href=\"http:\/\/aeaf.edu.pt\/wp-content\/uploads\/2023\/11\/1.o-Ano-Criterios-de-Avaliacao-Educacao-Artistica-2023-2024.pdf\">1.\u00ba-Ano-Criterios-de-Avaliacao-Educacao-Artistica-2023-2024<\/a><\/strong><\/span><\/p>\r\n<p style=\"text-align: center\"><span style=\"text-decoration: underline\"><strong><a href=\"http:\/\/aeaf.edu.pt\/wp-content\/uploads\/2023\/11\/1.o-Ano-Criterios-de-Avaliacao-Oferta-Complementar-2023-2024.pdf\">1.\u00ba-Ano-Criterios-de-Avaliacao-Oferta-Complementar-2023-2024<\/a><\/strong><\/span><\/p>\r\n\r\n\r\n<hr \/>\r\n<p style=\"text-align: center\"><span style=\"text-decoration: underline\"><strong><a href=\"http:\/\/aeaf.edu.pt\/wp-content\/uploads\/2023\/11\/2..o-Ano-Criterios-de-Avaliacao-de-Educacao-Artistica-2023-2024.pdf\">2..\u00ba-Ano-Criterios-de-Avaliacao-de-Educacao-Artistica-2023-2024<\/a><\/strong><\/span><\/p>\r\n<p style=\"text-align: center\"><span style=\"text-decoration: underline\"><strong><a href=\"http:\/\/aeaf.edu.pt\/wp-content\/uploads\/2023\/11\/2..o-Ano-Criterios-de-Avaliacao-de-Educacao-Fisica-2023-2024.pdf\">2..\u00ba-Ano-Criterios-de-Avaliacao-de-Educacao-Fisica-2023-2024<\/a><\/strong><\/span><\/p>\r\n<p style=\"text-align: center\"><span style=\"text-decoration: underline\"><strong><a href=\"http:\/\/aeaf.edu.pt\/wp-content\/uploads\/2023\/11\/2.o-Ano-Criterios-de-avaliacao-Apoio-ao-Estudo-2023-2024.pdf\">2.\u00ba-Ano-Criterios-de-avaliacao-Apoio-ao-Estudo-2023-2024<\/a><\/strong><\/span><\/p>\r\n<p style=\"text-align: center\"><span style=\"text-decoration: underline\"><strong><a href=\"http:\/\/aeaf.edu.pt\/wp-content\/uploads\/2023\/11\/2.o-Ano-Criterios-de-Avaliacao-de-Estudo-do-Meio-2023-2024.pdf\">2.\u00ba-Ano-Criterios-de-Avaliacao-de-Estudo-do-Meio-2023-2024<\/a><\/strong><\/span><\/p>\r\n<p style=\"text-align: center\"><span style=\"text-decoration: underline\"><strong><a href=\"http:\/\/aeaf.edu.pt\/wp-content\/uploads\/2023\/11\/2.o-Ano-Criterios-de-Avaliacao-de-Matematica-2023-2024.pdf\">2.\u00ba-Ano-Criterios-de-Avaliacao-de-Matematica-2023-2024<\/a><\/strong><\/span><\/p>\r\n<p style=\"text-align: center\"><span style=\"text-decoration: underline\"><strong><a href=\"http:\/\/aeaf.edu.pt\/wp-content\/uploads\/2023\/11\/2.o-Ano-Criterios-de-Avaliacao-de-Portugues-2023-2024.pdf\">2.\u00ba-Ano-Criterios-de-Avaliacao-de-Portugues-2023-2024<\/a><\/strong><\/span><\/p>\r\n<p style=\"text-align: center\"><span style=\"text-decoration: underline\"><strong><a href=\"http:\/\/aeaf.edu.pt\/wp-content\/uploads\/2023\/11\/2.o-Ano-Criterios-de-Avaliacao-Oferta-Complementar-2023-2024.pdf\">2.\u00ba-Ano-Criterios-de-Avaliacao-Oferta-Complementar-2023-2024<\/a><\/strong><\/span><\/p>\r\n\r\n\r\n<hr \/>\r\n<p style=\"text-align: center\"><span style=\"text-decoration: underline\"><strong><a href=\"http:\/\/aeaf.edu.pt\/wp-content\/uploads\/2023\/11\/3.o-Ano-Criterios-de-Avaliacao-de-Apoio-ao-Estudo-2023-2024.pdf\">3.\u00ba-Ano-Criterios-de-Avaliacao-de-Apoio-ao-Estudo-2023-2024<\/a><\/strong><\/span><\/p>\r\n<p style=\"text-align: center\"><span style=\"text-decoration: underline\"><strong><a href=\"http:\/\/aeaf.edu.pt\/wp-content\/uploads\/2023\/11\/3.o-Ano-Criterios-de-Avaliacao-de-Educacao-Artistica-2023-2024.pdf\">3.\u00ba-Ano-Criterios-de-Avaliacao-de-Educacao-Artistica-2023-2024<\/a><\/strong><\/span><\/p>\r\n<p style=\"text-align: center\"><span style=\"text-decoration: underline\"><strong><a href=\"http:\/\/aeaf.edu.pt\/wp-content\/uploads\/2023\/11\/3.o-Ano-Criterios-de-Avaliacao-de-Educacao-Fisica-2023-2024.pdf\">3.\u00ba-Ano-Criterios-de-Avaliacao-de-Educacao-Fisica-2023-2024<\/a><\/strong><\/span><\/p>\r\n<p style=\"text-align: center\"><span style=\"text-decoration: underline\"><strong><a href=\"http:\/\/aeaf.edu.pt\/wp-content\/uploads\/2023\/11\/3.o-ano-Criterios-de-Avaliacao-de-Estudo-do-Meio-2023-2024.pdf\">3.\u00ba-ano-Criterios-de-Avaliacao-de-Estudo-do-Meio-2023-2024<\/a><\/strong><\/span><\/p>\r\n<p style=\"text-align: center\"><span style=\"text-decoration: underline\"><strong><a href=\"http:\/\/aeaf.edu.pt\/wp-content\/uploads\/2023\/11\/3.o-ano-Criterios-de-Avaliacao-de-Matematica-2023-2024.pdf\">3.\u00ba-ano-Criterios-de-Avaliacao-de-Matematica-2023-2024<\/a><\/strong><\/span><\/p>\r\n<p style=\"text-align: center\"><span style=\"text-decoration: underline\"><strong><a href=\"http:\/\/aeaf.edu.pt\/wp-content\/uploads\/2023\/11\/3.o-Ano-Criterios-de-Avaliacao-de-Oferta-Complementar-2023-2024.pdf\">3.\u00ba-Ano-Criterios-de-Avaliacao-de-Oferta-Complementar-2023-2024<\/a><\/strong><\/span><\/p>\r\n<p style=\"text-align: center\"><span style=\"text-decoration: underline\"><strong><a href=\"http:\/\/aeaf.edu.pt\/wp-content\/uploads\/2023\/11\/3.o-Ano-Criterios-de-Avaliacao-de-Portugues-2023-2024.pdf\">3.\u00ba-Ano-Criterios-de-Avaliacao-de-Portugues-2023-2024<\/a><\/strong><\/span><\/p>\r\n\r\n\r\n<hr \/>\r\n<p style=\"text-align: center\"><span style=\"text-decoration: underline\"><strong><a href=\"http:\/\/aeaf.edu.pt\/wp-content\/uploads\/2023\/11\/4.o-Ano-Criterios-de-Avaliacao-Apoio-ao-Estudo-2023-2024.pdf\">4.\u00ba-Ano-Criterios-de-Avaliacao-Apoio-ao-Estudo-2023-2024<\/a><\/strong><\/span><\/p>\r\n<p style=\"text-align: center\"><span style=\"text-decoration: underline\"><strong><a href=\"http:\/\/aeaf.edu.pt\/wp-content\/uploads\/2023\/11\/4.o-Ano-Criterios-de-Avaliacao-de-Educacao-Fisica-2023-2024.pdf\">4.\u00ba-Ano-Criterios-de-Avaliacao-de-Educacao-Fisica-2023-2024<\/a><\/strong><\/span><\/p>\r\n<p style=\"text-align: center\"><span style=\"text-decoration: underline\"><strong><a href=\"http:\/\/aeaf.edu.pt\/wp-content\/uploads\/2023\/11\/4.o-Ano-Criterios-de-Avaliacao-de-Estudo-do-Meio-2023-2024.pdf\">4.\u00ba-Ano-Criterios-de-Avaliacao-de-Estudo-do-Meio - 2023-2024<\/a><\/strong><\/span><\/p>\r\n<p style=\"text-align: center\"><span style=\"text-decoration: underline\"><strong><a href=\"http:\/\/aeaf.edu.pt\/wp-content\/uploads\/2023\/11\/4.o-ano-Criterios-de-Avaliacao-de-Matematica-2023-2024.pdf\">4.\u00ba-ano-Criterios-de-Avaliacao-de-Matematica-2023-2024<\/a><\/strong><\/span><\/p>\r\n<p style=\"text-align: center\"><span style=\"text-decoration: underline\"><strong><a href=\"http:\/\/aeaf.edu.pt\/wp-content\/uploads\/2023\/11\/4.o-Ano-Criterios-de-Avaliacao-de-Portugues-2023-2024.pdf\">4.\u00ba-Ano-Criterios-de-Avaliacao-de-Portugues-2023-2024<\/a><\/strong><\/span><\/p>\r\n<p style=\"text-align: center\"><span style=\"text-decoration: underline\"><strong><a href=\"http:\/\/aeaf.edu.pt\/wp-content\/uploads\/2023\/11\/4.o-Ano-Criterios-de-Avaliacao-Educacao-Artistica-2023-2024.pdf\">4.\u00ba-Ano-Criterios-de-Avaliacao-Educacao-Artistica-2023-2024<\/a><\/strong><\/span><\/p>\r\n<p style=\"text-align: center\"><span style=\"text-decoration: underline\"><strong><a href=\"http:\/\/aeaf.edu.pt\/wp-content\/uploads\/2023\/11\/4.o-Anos-Criterios-de-Avaliacao-Oferta-Complementar-2023-2024.pdf\">4.\u00ba-Anos-Criterios-de-Avaliacao-Oferta-Complementar-2023-2024<\/a><\/strong><\/span><\/p>                <\/div>\r\n                        <div post_id=\"13393\" itemcount=\"2\" header_id=\"header-1607524462814\" id=\"header-1607524462814\" style=\"\" class=\"accordions-head head1607524462814 border-none\" toggle-text=\"\" main-text=\"\u00c1rea Integra\u00e7\u00e3o (cursos profissionais)\">\r\n                                            <span id=\"accordion-icons-1607524462814\" class=\"accordion-icons\">\r\n                            <span class=\"accordion-icon-active accordion-plus\"><i class=\"fas fa-chevron-up\"><\/i><\/span>\r\n                            <span class=\"accordion-icon-inactive accordion-minus\"><i class=\"fas fa-chevron-right\"><\/i><\/span>\r\n                        <\/span>\r\n                        <span id=\"header-text-1607524462814\" class=\"accordions-head-title\">\u00c1rea Integra\u00e7\u00e3o (cursos profissionais)<\/span>\r\n                                    <\/div>\r\n                <div class=\"accordion-content content1607524462814 \">\r\n                    <p style=\"text-align: center\"><a href=\"http:\/\/aeaf.edu.pt\/wp-content\/uploads\/2023\/11\/2023_24-Crit.-Area-Integracao.pdf\"><span style=\"text-decoration: underline\"><strong>2023_24 Crit. \u00c1rea Integra\u00e7\u00e3o<\/strong><\/span><\/a><\/p>                <\/div>\r\n                        <div post_id=\"13393\" itemcount=\"3\" header_id=\"header-1607524514416\" id=\"header-1607524514416\" style=\"\" class=\"accordions-head head1607524514416 border-none\" toggle-text=\"\" main-text=\"Artes Visuais\">\r\n                                            <span id=\"accordion-icons-1607524514416\" class=\"accordion-icons\">\r\n                            <span class=\"accordion-icon-active accordion-plus\"><i class=\"fas fa-chevron-up\"><\/i><\/span>\r\n                            <span class=\"accordion-icon-inactive accordion-minus\"><i class=\"fas fa-chevron-right\"><\/i><\/span>\r\n                        <\/span>\r\n                        <span id=\"header-text-1607524514416\" class=\"accordions-head-title\">Artes Visuais<\/span>\r\n                                    <\/div>\r\n                <div class=\"accordion-content content1607524514416 \">\r\n                    <p style=\"text-align: center\"><a href=\"http:\/\/aeaf.edu.pt\/wp-content\/uploads\/2023\/11\/DESENHO-A-GRELHA-DOS-CRITERIOS.pdf\"><span style=\"text-decoration: underline\"><strong>DESENHO A GRELHA DOS CRITERIOS<\/strong><\/span><\/a><\/p>\r\n<p style=\"text-align: center\"><span style=\"text-decoration: underline\"><strong><a href=\"http:\/\/aeaf.edu.pt\/wp-content\/uploads\/2023\/11\/DESENHO-A-DL54-GRELHA-DOS-CRITERIOS.pdf\">DESENHO A DL54 GRELHA DOS CRITERIOS<\/a> <\/strong><\/span><\/p>\r\n<p style=\"text-align: center\"><span style=\"text-decoration: underline\"><strong><a href=\"http:\/\/aeaf.edu.pt\/wp-content\/uploads\/2023\/11\/ED.VISUAL-AEAF-GRELHA-DOS-CRITERIOS-DE-AVALIACAO-POR-DISCIPLINA_.pdf\">ED.VISUAL AEAF - GRELHA DOS CRITERIOS DE AVALIA\u00c7AO POR DISCIPLINA_<\/a> <\/strong><\/span><\/p>\r\n<p style=\"text-align: center\"><span style=\"text-decoration: underline\"><strong><a href=\"http:\/\/aeaf.edu.pt\/wp-content\/uploads\/2023\/11\/ED.VISUAL-AEAF-GRELHA-DOS-CRITERIOS-DE-AVALIACAO-POR-DISCIPLINA_-DL-54.pdf\">ED.VISUAL AEAF -GRELHA DOS CRITERIOS DE AVALIA\u00c7AO POR DISCIPLINA_- DL 54<\/a> <\/strong><\/span><\/p>\r\n<p style=\"text-align: center\"><span style=\"text-decoration: underline\"><strong><a href=\"http:\/\/aeaf.edu.pt\/wp-content\/uploads\/2023\/11\/GD-A_CRITERIOS_A.pdf\">GD A_CRITERIOS_A<\/a> <\/strong><\/span><\/p>\r\n<p style=\"text-align: center\"><span style=\"text-decoration: underline\"><strong><a href=\"http:\/\/aeaf.edu.pt\/wp-content\/uploads\/2023\/11\/OFICINA-DE-ARTES_Criterios-Av.pdf\">OFICINA DE ARTES_Criterios Av<\/a><\/strong><\/span><\/p>\r\n\r\n\r\n<hr \/>\r\n<p style=\"text-align: center\"><a href=\"http:\/\/aeaf.edu.pt\/wp-content\/uploads\/2023\/11\/DCG-10-11-e-12-GRELHA-DOS-CRITERIOS.pdf\"><span style=\"text-decoration: underline\"><strong>DCG 10 11 e 12 GRELHA DOS CRITERIOS<\/strong><\/span><\/a><\/p>\r\n<p style=\"text-align: center\"><span style=\"text-decoration: underline\"><strong><a href=\"http:\/\/aeaf.edu.pt\/wp-content\/uploads\/2023\/11\/Desenho-de-Comunicacao-criterios.pdf\">Desenho de Comunica\u00e7\u00e3o crit\u00e9rios<\/a> <\/strong><\/span><\/p>\r\n<p style=\"text-align: center\"><span style=\"text-decoration: underline\"><strong><a href=\"http:\/\/aeaf.edu.pt\/wp-content\/uploads\/2023\/11\/TECNICAS-GRAFICAS-10-11-e-12-GRELHA-DOS-CRITERIOS.pdf\">TECNICAS GRAFICAS 10 11 e 12 GRELHA DOS CRITERIOS<\/a><\/strong><\/span><\/p>\r\n\r\n\r\n<hr \/>\r\n<p style=\"text-align: center\"><a href=\"http:\/\/aeaf.edu.pt\/wp-content\/uploads\/2023\/11\/Crit.Aval_.por-ufcds_DCA_11oP3A_23-24.pdf\"><span style=\"text-decoration: underline\"><strong>Crit.Aval.por ufcds_DCA_11\u00baP3A_23-24<\/strong><\/span><\/a><\/p>\r\n<p style=\"text-align: center\"><span style=\"text-decoration: underline\"><strong><a href=\"http:\/\/aeaf.edu.pt\/wp-content\/uploads\/2023\/11\/Crit.Aval_.por-ufcds_DCA_12oP3_23-24.pdf\">Crit.Aval.por ufcds_DCA_12\u00baP3_23-24<\/a> <\/strong><\/span><\/p>\r\n<p style=\"text-align: center\"><span style=\"text-decoration: underline\"><strong><a href=\"http:\/\/aeaf.edu.pt\/wp-content\/uploads\/2023\/11\/Crit.Aval_.por-ufcds_DCA10oP3A_23-24.pdf\">Crit.Aval.por ufcds_DCA10\u00baP3A_23-24<\/a> <\/strong><\/span><\/p>\r\n<p style=\"text-align: center\"><span style=\"text-decoration: underline\"><strong><a href=\"http:\/\/aeaf.edu.pt\/wp-content\/uploads\/2023\/11\/Criterios-gerais-de-avaliacao-multimedia-2023-2024-11oano.pdf\">Criterios gerais de avalia\u00e7\u00e3o multim\u00e9dia - 2023-2024 - 11\u00baano<\/a> <\/strong><\/span><\/p>\r\n<p style=\"text-align: center\"><span style=\"text-decoration: underline\"><strong><a href=\"http:\/\/aeaf.edu.pt\/wp-content\/uploads\/2023\/11\/Criterios-gerais-de-avaliacao-multimedia-2023-2024-12oano-.pdf\">Criterios gerais de avalia\u00e7\u00e3o multim\u00e9dia - 2023-2024 - 12\u00baano -<\/a> <\/strong><\/span><\/p>\r\n<p style=\"text-align: center\"><span style=\"text-decoration: underline\"><strong><a href=\"http:\/\/aeaf.edu.pt\/wp-content\/uploads\/2023\/11\/DCA_10-11-12_Criterios_Aval_2023-24.pdf\">DCA_10-11-12_Criterios_Aval_2023-24<\/a><\/strong><\/span><\/p>\r\n<p style=\"text-align: center\"><span style=\"text-decoration: underline\"><strong><a href=\"http:\/\/aeaf.edu.pt\/wp-content\/uploads\/2023\/11\/PPM-CRITERIOS-1.pdf\">PPM CRITERIOS<\/a> <\/strong><\/span><\/p>\r\n<p style=\"text-align: center\"><span style=\"text-decoration: underline\"><strong><a href=\"http:\/\/aeaf.edu.pt\/wp-content\/uploads\/2023\/11\/TM_12_GRELHA-DOS-CRITERIOS2023_2024-1.pdf\">TM_12_GRELHA DOS CRITERIOS2023_2024<\/a><\/strong><\/span><\/p>                <\/div>\r\n                        <div post_id=\"13393\" itemcount=\"4\" header_id=\"header-1607524732056\" id=\"header-1607524732056\" style=\"\" class=\"accordions-head head1607524732056 border-none\" toggle-text=\"\" main-text=\"Biologia, Geologia e Ci\u00eancias Naturais\">\r\n                                            <span id=\"accordion-icons-1607524732056\" class=\"accordion-icons\">\r\n                            <span class=\"accordion-icon-active accordion-plus\"><i class=\"fas fa-chevron-up\"><\/i><\/span>\r\n                            <span class=\"accordion-icon-inactive accordion-minus\"><i class=\"fas fa-chevron-right\"><\/i><\/span>\r\n                        <\/span>\r\n                        <span id=\"header-text-1607524732056\" class=\"accordions-head-title\">Biologia, Geologia e Ci\u00eancias Naturais<\/span>\r\n                                    <\/div>\r\n                <div class=\"accordion-content content1607524732056 \">\r\n                    <p style=\"text-align: center\"><span style=\"text-decoration: underline\"><strong><a href=\"http:\/\/aeaf.edu.pt\/wp-content\/uploads\/2023\/11\/CRITERIOS-DE-AVALIACAO_Ciencias-Naturais_5o6o7o-8o-9o_Aprovado-CFP-19-10-2022.pdf\">CRITERIOS DE AVALIA\u00c7AO_Ci\u00eancias Naturais_5\u00ba,6\u00ba,7\u00ba, 8\u00ba, 9\u00ba_Aprovado CFP 19-10-2022<\/a><\/strong><\/span><\/p>\r\n\r\n\r\n<hr \/>\r\n<p style=\"text-align: center\"><a href=\"http:\/\/aeaf.edu.pt\/wp-content\/uploads\/2023\/11\/CRITERIOS-DE-AVALIACAO-_BG_10o-11o-12o_Aprovados-CP-19-10-2022-2.pdf\"><span style=\"text-decoration: underline\"><strong>CRITERIOS DE AVALIA\u00c7AO _BG_10\u00ba 11\u00ba 12\u00ba_Aprovados CP 19-10-2022 (2)<\/strong><\/span><\/a><\/p>                <\/div>\r\n                        <div post_id=\"13393\" itemcount=\"5\" header_id=\"header-1636051216816\" id=\"header-1636051216816\" style=\"\" class=\"accordions-head head1636051216816 border-none\" toggle-text=\"\" main-text=\"Cidadania e Desenvolvimento\">\r\n                                            <span id=\"accordion-icons-1636051216816\" class=\"accordion-icons\">\r\n                            <span class=\"accordion-icon-active accordion-plus\"><i class=\"fas fa-chevron-up\"><\/i><\/span>\r\n                            <span class=\"accordion-icon-inactive accordion-minus\"><i class=\"fas fa-chevron-right\"><\/i><\/span>\r\n                        <\/span>\r\n                        <span id=\"header-text-1636051216816\" class=\"accordions-head-title\">Cidadania e Desenvolvimento<\/span>\r\n                                    <\/div>\r\n                <div class=\"accordion-content content1636051216816 \">\r\n                    <p style=\"text-align: center\"><a href=\"http:\/\/aeaf.edu.pt\/wp-content\/uploads\/2023\/11\/1oCICLO_CRITERIOS-AVALIACAO-CD_23-2024.pdf\"><span style=\"text-decoration: underline\"><strong>1\u00baCICLO_CRIT\u00c9RIOS AVALIA\u00c7\u00c3O CD_23-2024<\/strong><\/span><\/a><\/p>\r\n<p style=\"text-align: center\"><span style=\"text-decoration: underline\"><strong><a href=\"http:\/\/aeaf.edu.pt\/wp-content\/uploads\/2023\/11\/2o-e-3o-CEB_CRITERIOS-DE-AVALIACAO-CD-23-24.pdf\">2\u00ba e 3\u00ba CEB_CRIT\u00c9RIOS DE AVALIA\u00c7\u00c3O CD 23 24<\/a><\/strong><\/span><\/p>\r\n<p style=\"text-align: center\"><span style=\"text-decoration: underline\"><strong> <a href=\"http:\/\/aeaf.edu.pt\/wp-content\/uploads\/2023\/11\/CeD_SEC_CCH-CRITERIOS-DE-AVALIACAO-23_24.pdf\">CeD_SEC_CCH-CRIT\u00c9RIOS DE AVALIA\u00c7\u00c3O 23_24<\/a><\/strong><\/span><\/p>\r\n<p style=\"text-align: center\"><span style=\"text-decoration: underline\"><strong> <a href=\"http:\/\/aeaf.edu.pt\/wp-content\/uploads\/2023\/11\/CeD_SEC_CP_CRITERIOS-DE-AVALIACAO_23_24.pdf\">CeD_SEC_CP_CRIT\u00c9RIOS DE AVALIA\u00c7\u00c3O_23_24<\/a><\/strong><\/span><\/p>                <\/div>\r\n                        <div post_id=\"13393\" itemcount=\"6\" header_id=\"header-1607524877510\" id=\"header-1607524877510\" style=\"\" class=\"accordions-head head1607524877510 border-none\" toggle-text=\"\" main-text=\"Economia e Contabilidade\">\r\n                                            <span id=\"accordion-icons-1607524877510\" class=\"accordion-icons\">\r\n                            <span class=\"accordion-icon-active accordion-plus\"><i class=\"fas fa-chevron-up\"><\/i><\/span>\r\n                            <span class=\"accordion-icon-inactive accordion-minus\"><i class=\"fas fa-chevron-right\"><\/i><\/span>\r\n                        <\/span>\r\n                        <span id=\"header-text-1607524877510\" class=\"accordions-head-title\">Economia e Contabilidade<\/span>\r\n                                    <\/div>\r\n                <div class=\"accordion-content content1607524877510 \">\r\n                    <p style=\"text-align: center\"><span style=\"text-decoration: underline\"><strong><a href=\"http:\/\/aeaf.edu.pt\/wp-content\/uploads\/2023\/11\/CRITERIOS-ECONOMIA-C-AEAF-2023-2024-Def.pdf\">CRIT\u00c9RIOS ECONOMIA C AEAF 2023-2024 Def<\/a> <\/strong><\/span><\/p>\r\n<p style=\"text-align: center\"><span style=\"text-decoration: underline\"><strong><a href=\"http:\/\/aeaf.edu.pt\/wp-content\/uploads\/2023\/11\/CRITERIOS_ECONOMIA_A-10o-ano_AEAF_2022_2023_V3.pdf\">CRIT\u00c9RIOS_ECONOMIA_A-10\u00ba ano_AEAF_2022_2023_V3<\/a><\/strong><\/span><\/p>\r\n\r\n\r\n<hr \/>\r\n<p style=\"text-align: center\"><a href=\"http:\/\/aeaf.edu.pt\/wp-content\/uploads\/2023\/11\/2022_23-Area-Integracao_Grelhacriterios-de-avaliacao-Historia.pdf\"><span style=\"text-decoration: underline\"><strong>2022_23 \u00c1rea Integra\u00e7\u00e3o_Grelha(crit\u00e9rios de avalia\u00e7\u00e3o Hist\u00f3ria)<\/strong><\/span><\/a><\/p>\r\n<p style=\"text-align: center\"><span style=\"text-decoration: underline\"><strong><a href=\"http:\/\/aeaf.edu.pt\/wp-content\/uploads\/2023\/11\/Grelha-dos-Criterios-de-avaliacao-CT-Ensino-Profissional.pdf\">Grelha dos Crit\u00e9rios de avalia\u00e7\u00e3o CT - Ensino Profissional<\/a><\/strong><\/span><\/p>\r\n<p style=\"text-align: center\"><span style=\"text-decoration: underline\"><strong> <a href=\"http:\/\/aeaf.edu.pt\/wp-content\/uploads\/2023\/11\/Grelha-dos-Criterios-de-avaliacao-de-Economia-do-Prof-Atual.pdf\">Grelha dos Crit\u00e9rios de avalia\u00e7\u00e3o de Economia do Prof- Atual<\/a><\/strong><\/span><\/p>                <\/div>\r\n                        <div post_id=\"13393\" itemcount=\"7\" header_id=\"header-1607535332206\" id=\"header-1607535332206\" style=\"\" class=\"accordions-head head1607535332206 border-none\" toggle-text=\"\" main-text=\"Educa\u00e7\u00e3o Especial\">\r\n                                            <span id=\"accordion-icons-1607535332206\" class=\"accordion-icons\">\r\n                            <span class=\"accordion-icon-active accordion-plus\"><i class=\"fas fa-chevron-up\"><\/i><\/span>\r\n                            <span class=\"accordion-icon-inactive accordion-minus\"><i class=\"fas fa-chevron-right\"><\/i><\/span>\r\n                        <\/span>\r\n                        <span id=\"header-text-1607535332206\" class=\"accordions-head-title\">Educa\u00e7\u00e3o Especial<\/span>\r\n                                    <\/div>\r\n                <div class=\"accordion-content content1607535332206 \">\r\n                    <p style=\"text-align: center\"><a href=\"http:\/\/aeaf.edu.pt\/wp-content\/uploads\/2023\/11\/GRELHA-DOS-CRITERIOS-DE-AVALIACAO-medidas-adicionais-2023-2024-vfinal.pdf\"><span style=\"text-decoration: underline\"><strong>GRELHA DOS CRIT\u00c9RIOS DE AVALIA\u00c7\u00c3O medidas adicionais 2023-2024<\/strong><\/span><\/a><\/p>                <\/div>\r\n                        <div post_id=\"13393\" itemcount=\"8\" header_id=\"header-1607525086755\" id=\"header-1607525086755\" style=\"\" class=\"accordions-head head1607525086755 border-none\" toggle-text=\"\" main-text=\"Educa\u00e7\u00e3o F\u00edsica\">\r\n                                            <span id=\"accordion-icons-1607525086755\" class=\"accordion-icons\">\r\n                            <span class=\"accordion-icon-active accordion-plus\"><i class=\"fas fa-chevron-up\"><\/i><\/span>\r\n                            <span class=\"accordion-icon-inactive accordion-minus\"><i class=\"fas fa-chevron-right\"><\/i><\/span>\r\n                        <\/span>\r\n                        <span id=\"header-text-1607525086755\" class=\"accordions-head-title\">Educa\u00e7\u00e3o F\u00edsica<\/span>\r\n                                    <\/div>\r\n                <div class=\"accordion-content content1607525086755 \">\r\n                    <p style=\"text-align: center\"><span style=\"text-decoration: underline\"><strong><a href=\"http:\/\/aeaf.edu.pt\/wp-content\/uploads\/2023\/11\/CRITERIOS-DE-AVALIACAO-ED.-FISICA-23-24-2.oCiclo.pdf\">CRITERIOS DE AVALIA\u00c7AO ED. FISICA 23- 24 2.\u00baCiclo<\/a><\/strong><\/span><\/p>\r\n\r\n\r\n<hr \/>\r\n<p style=\"text-align: center\"><span style=\"text-decoration: underline\"><strong><a href=\"http:\/\/aeaf.edu.pt\/wp-content\/uploads\/2023\/11\/CRITERIOS-DE-AVALIACAO-ED-FISICA-23-24-3o-CEB.pdf\">CRITERIOS DE AVALIA\u00c7AO ED FISICA 23 24 3\u00ba CEB<\/a><\/strong><\/span><\/p>\r\n\r\n\r\n<hr \/>\r\n<p style=\"text-align: center\"><span style=\"text-decoration: underline\"><strong><a href=\"http:\/\/aeaf.edu.pt\/wp-content\/uploads\/2023\/11\/CRITERIOS-DE-AVALIACAO-ED-FISICA-23-24-Secundario-FINAL.pdf\">CRITERIOS DE AVALIA\u00c7AO ED FISICA 23 24 Secund\u00e1rio FINAL<\/a><\/strong><\/span><\/p>\r\n\r\n\r\n<hr \/>\r\n<p style=\"text-align: center\"><span style=\"text-decoration: underline\"><strong><a href=\"http:\/\/aeaf.edu.pt\/wp-content\/uploads\/2023\/11\/CRITERIOS-DE-AVALIACAO-ED-FISICA-23-24-Secundario-Profissional.pdf\">CRITERIOS DE AVALIA\u00c7AO ED FISICA 23 24 Secund\u00e1rio Profissional<\/a><\/strong><\/span><\/p>\r\n\r\n\r\n<hr \/>\r\n<p style=\"text-align: center\"><a href=\"http:\/\/aeaf.edu.pt\/wp-content\/uploads\/2023\/11\/CRITERIOS-DE-AVALIACAO-ED-FISICA-23-234Atestado-Medico.pdf\"><span style=\"text-decoration: underline\"><strong>CRITERIOS DE AVALIA\u00c7AO ED FISICA 23 234Atestado M\u00e9dico<\/strong><\/span><\/a><\/p>                <\/div>\r\n                        <div post_id=\"13393\" itemcount=\"9\" header_id=\"header-1607525484794\" id=\"header-1607525484794\" style=\"\" class=\"accordions-head head1607525484794 border-none\" toggle-text=\"\" main-text=\"Educa\u00e7\u00e3o Musical\">\r\n                                            <span id=\"accordion-icons-1607525484794\" class=\"accordion-icons\">\r\n                            <span class=\"accordion-icon-active accordion-plus\"><i class=\"fas fa-chevron-up\"><\/i><\/span>\r\n                            <span class=\"accordion-icon-inactive accordion-minus\"><i class=\"fas fa-chevron-right\"><\/i><\/span>\r\n                        <\/span>\r\n                        <span id=\"header-text-1607525484794\" class=\"accordions-head-title\">Educa\u00e7\u00e3o Musical<\/span>\r\n                                    <\/div>\r\n                <div class=\"accordion-content content1607525484794 \">\r\n                    <p style=\"text-align: center\"><a href=\"http:\/\/aeaf.edu.pt\/wp-content\/uploads\/2023\/11\/GRELHA-DOS-CRITERIOS-DE-AVALIACAO-POR-DISCIPLINA_EM_23-24.pdf\"><span style=\"text-decoration: underline\"><strong>GRELHA DOS CRITERIOS DE AVALIA\u00c7AO POR DISCIPLINA_EM_23-24<\/strong><\/span><\/a><\/p>                <\/div>\r\n                        <div post_id=\"13393\" itemcount=\"10\" header_id=\"header-1619204411271\" id=\"header-1619204411271\" style=\"\" class=\"accordions-head head1619204411271 border-none\" toggle-text=\"\" main-text=\"Educa\u00e7\u00e3o Tecnol\u00f3gica &amp; Educa\u00e7\u00e3o Visual\">\r\n                                            <span id=\"accordion-icons-1619204411271\" class=\"accordion-icons\">\r\n                            <span class=\"accordion-icon-active accordion-plus\"><i class=\"fas fa-chevron-up\"><\/i><\/span>\r\n                            <span class=\"accordion-icon-inactive accordion-minus\"><i class=\"fas fa-chevron-right\"><\/i><\/span>\r\n                        <\/span>\r\n                        <span id=\"header-text-1619204411271\" class=\"accordions-head-title\">Educa\u00e7\u00e3o Tecnol\u00f3gica &amp; Educa\u00e7\u00e3o Visual<\/span>\r\n                                    <\/div>\r\n                <div class=\"accordion-content content1619204411271 \">\r\n                    <p style=\"text-align: center\"><span style=\"text-decoration: underline\"><strong><a href=\"http:\/\/aeaf.edu.pt\/wp-content\/uploads\/2023\/11\/Referencial-avaliacao-CEA-Artes.pdf\">Referencial avaliacao CEA Artes<\/a> <\/strong><\/span><\/p>\r\n<p style=\"text-align: center\"><span style=\"text-decoration: underline\"><strong><a href=\"http:\/\/aeaf.edu.pt\/wp-content\/uploads\/2023\/11\/Referencial-avaliacao-ET-5o-e-6o.pdf\">Referencial avaliacao ET 5\u00ba e 6\u00ba<\/a> <\/strong><\/span><\/p>\r\n<p style=\"text-align: center\"><span style=\"text-decoration: underline\"><strong><a href=\"http:\/\/aeaf.edu.pt\/wp-content\/uploads\/2023\/11\/Referencial-avaliacao-ET-7o8o9o-novo.pdf\">Referencial avaliacao ET-7\u00ba,8\u00ba,9\u00ba-novo<\/a> <\/strong><\/span><\/p>\r\n<p style=\"text-align: center\"><span style=\"text-decoration: underline\"><strong><a href=\"http:\/\/aeaf.edu.pt\/wp-content\/uploads\/2023\/11\/Referencial-avaliacao-EV-5o-e-6o.pdf\">Referencial avaliacao EV 5\u00ba e 6\u00ba<\/a><\/strong><\/span><\/p>                <\/div>\r\n                        <div post_id=\"13393\" itemcount=\"11\" header_id=\"header-1607530647421\" id=\"header-1607530647421\" style=\"\" class=\"accordions-head head1607530647421 border-none\" toggle-text=\"\" main-text=\"Eletrotecnia\">\r\n                                            <span id=\"accordion-icons-1607530647421\" class=\"accordion-icons\">\r\n                            <span class=\"accordion-icon-active accordion-plus\"><i class=\"fas fa-chevron-up\"><\/i><\/span>\r\n                            <span class=\"accordion-icon-inactive accordion-minus\"><i class=\"fas fa-chevron-right\"><\/i><\/span>\r\n                        <\/span>\r\n                        <span id=\"header-text-1607530647421\" class=\"accordions-head-title\">Eletrotecnia<\/span>\r\n                                    <\/div>\r\n                <div class=\"accordion-content content1607530647421 \">\r\n                    <p style=\"text-align: center\"><span style=\"text-decoration: underline\"><strong><a href=\"http:\/\/aeaf.edu.pt\/wp-content\/uploads\/2023\/11\/Crite\u0301rios-de-avaliac\u0327a\u0303o-11p5-TP-23_24.pdf\">Crite\u0301rios de avaliac\u0327a\u0303o 11p5 TP-23_24<\/a><\/strong><\/span><\/p>\r\n<p style=\"text-align: center\"><span style=\"text-decoration: underline\"><strong><a href=\"http:\/\/aeaf.edu.pt\/wp-content\/uploads\/2023\/11\/Crite\u0301rios-de-avaliac\u0327a\u0303o-12p5-PO-23_24.pdf\">Crite\u0301rios de avaliac\u0327a\u0303o 12p5 PO-23_24<\/a><\/strong><\/span><\/p>\r\n<p style=\"text-align: center\"><span style=\"text-decoration: underline\"><strong><a href=\"http:\/\/aeaf.edu.pt\/wp-content\/uploads\/2023\/11\/Crite\u0301rios-de-avaliac\u0327a\u0303o-12p5-TP-23_24.pdf\">Crite\u0301rios de avaliac\u0327a\u0303o 12p5 TP-23_24<\/a><\/strong><\/span><\/p>\r\n<p style=\"text-align: center\"><span style=\"text-decoration: underline\"><strong><a href=\"http:\/\/aeaf.edu.pt\/wp-content\/uploads\/2023\/11\/Crite\u0301rios-de-avaliac\u0327a\u0303o-AM-23_24-10P4.pdf\">Crite\u0301rios de avaliac\u0327a\u0303o AM-23_24-10P4<\/a><\/strong><\/span><\/p>\r\n<p style=\"text-align: center\"><span style=\"text-decoration: underline\"><strong><a href=\"http:\/\/aeaf.edu.pt\/wp-content\/uploads\/2023\/11\/Crite\u0301rios-de-avaliac\u0327a\u0303o-AM-23_24-11P4.pdf\">Crite\u0301rios de avaliac\u0327a\u0303o AM-23_24-11P4<\/a><\/strong><\/span><\/p>\r\n<p style=\"text-align: center\"><span style=\"text-decoration: underline\"><strong><a href=\"http:\/\/aeaf.edu.pt\/wp-content\/uploads\/2023\/11\/Crite\u0301rios-de-avaliac\u0327a\u0303o-AM-23_24-12P4.pdf\">Crite\u0301rios de avaliac\u0327a\u0303o AM-23_24-12P4<\/a><\/strong><\/span><\/p>\r\n<p style=\"text-align: center\"><span style=\"text-decoration: underline\"><strong><a href=\"http:\/\/aeaf.edu.pt\/wp-content\/uploads\/2023\/11\/Crite\u0301rios-de-avaliac\u0327a\u0303o-EE-23_24-10P4.pdf\">Crite\u0301rios de avaliac\u0327a\u0303o EE 23_24-10P4<\/a><\/strong><\/span><\/p>\r\n<p style=\"text-align: center\"><span style=\"text-decoration: underline\"><strong><a href=\"http:\/\/aeaf.edu.pt\/wp-content\/uploads\/2023\/11\/Crite\u0301rios-de-avaliac\u0327a\u0303o-EE-23_24-11P4.pdf\">Crite\u0301rios de avaliac\u0327a\u0303o EE 23_24-11P4<\/a><\/strong><\/span><\/p>\r\n<p style=\"text-align: center\"><span style=\"text-decoration: underline\"><strong><a href=\"http:\/\/aeaf.edu.pt\/wp-content\/uploads\/2023\/11\/Crite\u0301rios-de-avaliac\u0327a\u0303o-EE-23_24-12P4.pdf\">Crite\u0301rios de avaliac\u0327a\u0303o EE 23_24-12P4<\/a><\/strong><\/span><\/p>\r\n<p style=\"text-align: center\"><span style=\"text-decoration: underline\"><strong><a href=\"http:\/\/aeaf.edu.pt\/wp-content\/uploads\/2023\/11\/Crite\u0301rios-de-avaliac\u0327a\u0303o-TM-23_24-10P4.pdf\">Crite\u0301rios de avaliac\u0327a\u0303o TM 23_24-10P4<\/a><\/strong><\/span><\/p>\r\n<p style=\"text-align: center\"><span style=\"text-decoration: underline\"><strong><a href=\"http:\/\/aeaf.edu.pt\/wp-content\/uploads\/2023\/11\/Crite\u0301rios-de-avaliac\u0327a\u0303o-TM-23_24-11P4.pdf\">Crite\u0301rios de avaliac\u0327a\u0303o TM-23_24 - 11P4<\/a><\/strong><\/span><\/p>\r\n<p style=\"text-align: center\"><span style=\"text-decoration: underline\"><strong><a href=\"http:\/\/aeaf.edu.pt\/wp-content\/uploads\/2023\/11\/Crite\u0301rios-de-avaliac\u0327a\u0303o-TM-23_24-12P4.pdf\">Crite\u0301rios de avaliac\u0327a\u0303o TM-23_24 - 12P4<\/a> <\/strong><\/span><\/p>\r\n<p style=\"text-align: center\"><span style=\"text-decoration: underline\"><strong><a href=\"http:\/\/aeaf.edu.pt\/wp-content\/uploads\/2023\/11\/Crite\u0301rios-de-avaliac\u0327a\u0303o-UFCD6020-23_24.pdf\">Crite\u0301rios de avaliac\u0327a\u0303o UFCD6020-23_24<\/a><\/strong><\/span><\/p>\r\n<p style=\"text-align: center\"><span style=\"text-decoration: underline\"><strong><a href=\"http:\/\/aeaf.edu.pt\/wp-content\/uploads\/2023\/11\/Crite\u0301rios-de-avaliac\u0327a\u0303o-UFCD6069-23_24.pdf\">Crite\u0301rios de avaliac\u0327a\u0303o UFCD6069-23_24<\/a><\/strong><\/span><\/p>                <\/div>\r\n                        <div post_id=\"13393\" itemcount=\"12\" header_id=\"header-1607530959305\" id=\"header-1607530959305\" style=\"\" class=\"accordions-head head1607530959305 border-none\" toggle-text=\"\" main-text=\"Educa\u00e7\u00e3o Moral e Religiosa Cat\u00f3lica\">\r\n                                            <span id=\"accordion-icons-1607530959305\" class=\"accordion-icons\">\r\n                            <span class=\"accordion-icon-active accordion-plus\"><i class=\"fas fa-chevron-up\"><\/i><\/span>\r\n                            <span class=\"accordion-icon-inactive accordion-minus\"><i class=\"fas fa-chevron-right\"><\/i><\/span>\r\n                        <\/span>\r\n                        <span id=\"header-text-1607530959305\" class=\"accordions-head-title\">Educa\u00e7\u00e3o Moral e Religiosa Cat\u00f3lica<\/span>\r\n                                    <\/div>\r\n                <div class=\"accordion-content content1607530959305 \">\r\n                    <p style=\"text-align: center\"><span style=\"text-decoration: underline\"><strong><a href=\"http:\/\/aeaf.edu.pt\/wp-content\/uploads\/2023\/11\/Criterios-Av-EMRC-1o-Ciclo-23-24.pdf\">Crit\u00e9rios Av EMRC - 1\u00ba Ciclo 23-24<\/a> <\/strong><\/span><\/p>\r\n<p style=\"text-align: center\"><span style=\"text-decoration: underline\"><strong><a href=\"http:\/\/aeaf.edu.pt\/wp-content\/uploads\/2023\/11\/Criterios-Av-EMRC-2o-Ciclo-23-24-1.pdf\">Crit\u00e9rios Av EMRC - 2\u00ba Ciclo 23-24<\/a> <\/strong><\/span><\/p>\r\n<p style=\"text-align: center\"><span style=\"text-decoration: underline\"><strong><a href=\"http:\/\/aeaf.edu.pt\/wp-content\/uploads\/2023\/11\/Criterios-Av-EMRC-3o-Ciclo-23-24-1.pdf\">Crit\u00e9rios Av EMRC - 3\u00ba Ciclo 23-24<\/a> <\/strong><\/span><\/p>\r\n<p style=\"text-align: center\"><span style=\"text-decoration: underline\"><strong><a href=\"http:\/\/aeaf.edu.pt\/wp-content\/uploads\/2023\/11\/Criterios-Av-EMRC-Secundario-23-24-1.pdf\">Crit\u00e9rios Av EMRC - Secund\u00e1rio 23-24<\/a><\/strong><\/span><\/p>                <\/div>\r\n                        <div post_id=\"13393\" itemcount=\"13\" header_id=\"header-1607531059802\" id=\"header-1607531059802\" style=\"\" class=\"accordions-head head1607531059802 border-none\" toggle-text=\"\" main-text=\"Filosofia e Psicologia\">\r\n                                            <span id=\"accordion-icons-1607531059802\" class=\"accordion-icons\">\r\n                            <span class=\"accordion-icon-active accordion-plus\"><i class=\"fas fa-chevron-up\"><\/i><\/span>\r\n                            <span class=\"accordion-icon-inactive accordion-minus\"><i class=\"fas fa-chevron-right\"><\/i><\/span>\r\n                        <\/span>\r\n                        <span id=\"header-text-1607531059802\" class=\"accordions-head-title\">Filosofia e Psicologia<\/span>\r\n                                    <\/div>\r\n                <div class=\"accordion-content content1607531059802 \">\r\n                    <p style=\"text-align: center\"><a href=\"http:\/\/aeaf.edu.pt\/wp-content\/uploads\/2023\/11\/Crite\u0301rios-de-avaliac\u0327a\u0303o-AI-23-24.pdf\"><span style=\"text-decoration: underline\"><strong>Crit\u00e9rios de avaliac\u0327a\u0303o AI 23-24<\/strong><\/span><\/a><\/p>\r\n<p style=\"text-align: center\"><span style=\"text-decoration: underline\"><strong><a href=\"http:\/\/aeaf.edu.pt\/wp-content\/uploads\/2023\/11\/Crite\u0301rios-de-avaliac\u0327a\u0303o-Filosofia-23-24.pdf\">Crit\u00e9rios de avaliac\u0327a\u0303o Filosofia 23-24<\/a> <\/strong><\/span><\/p>\r\n<p style=\"text-align: center\"><span style=\"text-decoration: underline\"><strong><a href=\"http:\/\/aeaf.edu.pt\/wp-content\/uploads\/2023\/11\/Crite\u0301rios-de-avaliac\u0327a\u0303o-Psicologia-23-24.pdf\">Crit\u00e9rios de avaliac\u0327a\u0303o Psicologia 23-24<\/a><\/strong><\/span><\/p>                <\/div>\r\n                        <div post_id=\"13393\" itemcount=\"14\" header_id=\"header-1607531108388\" id=\"header-1607531108388\" style=\"\" class=\"accordions-head head1607531108388 border-none\" toggle-text=\"\" main-text=\"F\u00edsica e Qu\u00edmica\">\r\n                                            <span id=\"accordion-icons-1607531108388\" class=\"accordion-icons\">\r\n                            <span class=\"accordion-icon-active accordion-plus\"><i class=\"fas fa-chevron-up\"><\/i><\/span>\r\n                            <span class=\"accordion-icon-inactive accordion-minus\"><i class=\"fas fa-chevron-right\"><\/i><\/span>\r\n                        <\/span>\r\n                        <span id=\"header-text-1607531108388\" class=\"accordions-head-title\">F\u00edsica e Qu\u00edmica<\/span>\r\n                                    <\/div>\r\n                <div class=\"accordion-content content1607531108388 \">\r\n                    <p style=\"text-align: center\"><span style=\"text-decoration: underline\"><strong><a href=\"http:\/\/aeaf.edu.pt\/wp-content\/uploads\/2023\/11\/CRITERIOS-DE-AVALIACAO-_FQ-7o-8o-9oPED-1-1.pdf\">CRIT\u00c9RIOS DE AVALIA\u00c7\u00c3O _FQ-7\u00ba-8\u00ba-9\u00baPED<\/a><\/strong><\/span><\/p>\r\n<p style=\"text-align: center\"><span style=\"text-decoration: underline\"><strong><a href=\"http:\/\/aeaf.edu.pt\/wp-content\/uploads\/2023\/11\/CRITERIOS-DE-AVALIACAO-_FQA-F-Q_10o-11o-12oPED.pdf\">CRIT\u00c9RIOS DE AVALIA\u00c7\u00c3O _FQA-F-Q_10\u00ba 11\u00ba 12\u00baPED<\/a><\/strong><\/span><\/p>\r\n<p style=\"text-align: center\"><a href=\"http:\/\/aeaf.edu.pt\/wp-content\/uploads\/2023\/11\/CRITERIOS-DE-AVALIACAO-_FQ-F-10o-11o-12oPed.pdf\"><span style=\"text-decoration: underline\"><strong>CRIT\u00c9RIOS DE AVALIA\u00c7\u00c3O _FQ-F-10\u00ba-11\u00ba-12\u00baPed<\/strong><\/span><\/a><\/p>                <\/div>\r\n                        <div post_id=\"13393\" itemcount=\"15\" header_id=\"header-1607531171310\" id=\"header-1607531171310\" style=\"\" class=\"accordions-head head1607531171310 border-none\" toggle-text=\"\" main-text=\"Franc\u00eas e Espanhol\">\r\n                                            <span id=\"accordion-icons-1607531171310\" class=\"accordion-icons\">\r\n                            <span class=\"accordion-icon-active accordion-plus\"><i class=\"fas fa-chevron-up\"><\/i><\/span>\r\n                            <span class=\"accordion-icon-inactive accordion-minus\"><i class=\"fas fa-chevron-right\"><\/i><\/span>\r\n                        <\/span>\r\n                        <span id=\"header-text-1607531171310\" class=\"accordions-head-title\">Franc\u00eas e Espanhol<\/span>\r\n                                    <\/div>\r\n                <div class=\"accordion-content content1607531171310 \">\r\n                    <p style=\"text-align: center\"><span style=\"text-decoration: underline\"><strong><a href=\"http:\/\/aeaf.edu.pt\/wp-content\/uploads\/2023\/11\/CRITERIOS-DE-AVALIACAO-Basico.pdf\">CRIT\u00c9RIOS DE AVALIA\u00c7\u00c3O B\u00e1sico<\/a><\/strong><\/span><\/p>\r\n<p style=\"text-align: center\"><a href=\"http:\/\/aeaf.edu.pt\/wp-content\/uploads\/2023\/11\/CRITERIOS-DE-AVALIACAO-Secundario.pdf\"><span style=\"text-decoration: underline\"><strong>CRIT\u00c9RIOS DE AVALIA\u00c7\u00c3O Secund\u00e1rio<\/strong><\/span><\/a><\/p>                <\/div>\r\n                        <div post_id=\"13393\" itemcount=\"16\" header_id=\"header-1607531291434\" id=\"header-1607531291434\" style=\"\" class=\"accordions-head head1607531291434 border-none\" toggle-text=\"\" main-text=\"Geografia\">\r\n                                            <span id=\"accordion-icons-1607531291434\" class=\"accordion-icons\">\r\n                            <span class=\"accordion-icon-active accordion-plus\"><i class=\"fas fa-chevron-up\"><\/i><\/span>\r\n                            <span class=\"accordion-icon-inactive accordion-minus\"><i class=\"fas fa-chevron-right\"><\/i><\/span>\r\n                        <\/span>\r\n                        <span id=\"header-text-1607531291434\" class=\"accordions-head-title\">Geografia<\/span>\r\n                                    <\/div>\r\n                <div class=\"accordion-content content1607531291434 \">\r\n                    <p style=\"text-align: center\"><span style=\"text-decoration: underline\"><strong><a href=\"http:\/\/aeaf.edu.pt\/wp-content\/uploads\/2023\/11\/Criterios-GEO-3o-ciclo.pdf\">Crit\u00e9rios GEO 3\u00ba ciclo<\/a> <\/strong><\/span><\/p>\r\n<p style=\"text-align: center\"><span style=\"text-decoration: underline\"><strong><a href=\"http:\/\/aeaf.edu.pt\/wp-content\/uploads\/2023\/11\/Criterios-GEO-A.pdf\">Crit\u00e9rios GEO A<\/a> <\/strong><\/span><\/p>\r\n<p style=\"text-align: center\"><span style=\"text-decoration: underline\"><strong><a href=\"http:\/\/aeaf.edu.pt\/wp-content\/uploads\/2023\/11\/Criterios-GEO-C.pdf\">Crit\u00e9rios GEO C<\/a><\/strong><\/span><\/p>                <\/div>\r\n                        <div post_id=\"13393\" itemcount=\"17\" header_id=\"header-1607531391636\" id=\"header-1607531391636\" style=\"\" class=\"accordions-head head1607531391636 border-none\" toggle-text=\"\" main-text=\"Hist\u00f3ria\">\r\n                                            <span id=\"accordion-icons-1607531391636\" class=\"accordion-icons\">\r\n                            <span class=\"accordion-icon-active accordion-plus\"><i class=\"fas fa-chevron-up\"><\/i><\/span>\r\n                            <span class=\"accordion-icon-inactive accordion-minus\"><i class=\"fas fa-chevron-right\"><\/i><\/span>\r\n                        <\/span>\r\n                        <span id=\"header-text-1607531391636\" class=\"accordions-head-title\">Hist\u00f3ria<\/span>\r\n                                    <\/div>\r\n                <div class=\"accordion-content content1607531391636 \">\r\n                    <p style=\"text-align: center\"><span style=\"text-decoration: underline\"><strong><a href=\"http:\/\/aeaf.edu.pt\/wp-content\/uploads\/2023\/11\/2023_24-Crit.-Avaliacao_Historia-Cultura-Artes-Profissional.pdf\">2023_24 Crit. Avalia\u00e7\u00e3o_<\/a><a href=\"http:\/\/aeaf.edu.pt\/wp-content\/uploads\/2023\/11\/2023_24-Crit.-Avaliacao_Historia-Cultura-Artes-Profissional.pdf\">Hist\u00f3ria Cultura Artes (Profissional)<\/a> <\/strong><\/span><\/p>\r\n<p style=\"text-align: center\"><span style=\"text-decoration: underline\"><strong><a href=\"http:\/\/aeaf.edu.pt\/wp-content\/uploads\/2023\/11\/Crit.-Avaliacao-3o-Ciclo-Historia.pdf\">Crit. Avalia\u00e7\u00e3o 3\u00ba Ciclo (Hist\u00f3ria)<\/a> <\/strong><\/span><\/p>\r\n<p style=\"text-align: center\"><span style=\"text-decoration: underline\"><strong><a href=\"http:\/\/aeaf.edu.pt\/wp-content\/uploads\/2023\/11\/Crit.-Avaliacao_Sec.-HCA.pdf\">Crit. Avalia\u00e7\u00e3o_Sec. HCA<\/a> <\/strong><\/span><\/p>\r\n<p style=\"text-align: center\"><span style=\"text-decoration: underline\"><strong><a href=\"http:\/\/aeaf.edu.pt\/wp-content\/uploads\/2023\/11\/Crit.-Avaliacao_Sec.-Historia-A.pdf\">Crit. Avalia\u00e7\u00e3o_Sec. Hist\u00f3ria A<\/a><\/strong><\/span><\/p>                <\/div>\r\n                        <div post_id=\"13393\" itemcount=\"18\" header_id=\"header-1607531398686\" id=\"header-1607531398686\" style=\"\" class=\"accordions-head head1607531398686 border-none\" toggle-text=\"\" main-text=\"Hist\u00f3ria e Geografia de Portugal\">\r\n                                            <span id=\"accordion-icons-1607531398686\" class=\"accordion-icons\">\r\n                            <span class=\"accordion-icon-active accordion-plus\"><i class=\"fas fa-chevron-up\"><\/i><\/span>\r\n                            <span class=\"accordion-icon-inactive accordion-minus\"><i class=\"fas fa-chevron-right\"><\/i><\/span>\r\n                        <\/span>\r\n                        <span id=\"header-text-1607531398686\" class=\"accordions-head-title\">Hist\u00f3ria e Geografia de Portugal<\/span>\r\n                                    <\/div>\r\n                <div class=\"accordion-content content1607531398686 \">\r\n                    <p style=\"text-align: center\"><a href=\"http:\/\/aeaf.edu.pt\/wp-content\/uploads\/2023\/11\/2023_24-Grelha-2o-Ciclo-criterios-de-avaliacao-HGP.pdf\"><span style=\"text-decoration: underline\"><strong>2023_24 Grelha 2\u00ba Ciclo (crit\u00e9rios de avalia\u00e7\u00e3o HGP)<\/strong><\/span><\/a><\/p>                <\/div>\r\n                        <div post_id=\"13393\" itemcount=\"19\" header_id=\"header-1607531766448\" id=\"header-1607531766448\" style=\"\" class=\"accordions-head head1607531766448 border-none\" toggle-text=\"\" main-text=\"Inform\u00e1tica\">\r\n                                            <span id=\"accordion-icons-1607531766448\" class=\"accordion-icons\">\r\n                            <span class=\"accordion-icon-active accordion-plus\"><i class=\"fas fa-chevron-up\"><\/i><\/span>\r\n                            <span class=\"accordion-icon-inactive accordion-minus\"><i class=\"fas fa-chevron-right\"><\/i><\/span>\r\n                        <\/span>\r\n                        <span id=\"header-text-1607531766448\" class=\"accordions-head-title\">Inform\u00e1tica<\/span>\r\n                                    <\/div>\r\n                <div class=\"accordion-content content1607531766448 \">\r\n                    <p style=\"text-align: center\"><span style=\"text-decoration: underline\"><strong><a href=\"http:\/\/aeaf.edu.pt\/wp-content\/uploads\/2023\/11\/Criterios-Avaliacao-TIC-Basico_Informatica.pdf\">Crit\u00e9rios Avalia\u00e7\u00e3o TIC <\/a>B\u00e1sico<a href=\"http:\/\/aeaf.edu.pt\/wp-content\/uploads\/2023\/11\/Criterios-Avaliacao-TIC-Basico_Informatica.pdf\">_Inform\u00e1tica<\/a><\/strong><\/span><\/p>\r\n<p style=\"text-align: center\"><span style=\"text-decoration: underline\"><strong><a href=\"http:\/\/aeaf.edu.pt\/wp-content\/uploads\/2023\/11\/Criterios-Avaliacao-12o-Aplicacoes-Informaticas-B.pdf\">Crit\u00e9rios Avalia\u00e7\u00e3o 12\u00ba Aplica\u00e7\u00f5es Inform\u00e1ticas B<\/a><\/strong><\/span><\/p>\r\n\r\n\r\n<hr \/>\r\n<p style=\"text-align: center\"><span style=\"text-decoration: underline\"><strong><a href=\"http:\/\/aeaf.edu.pt\/wp-content\/uploads\/2023\/11\/AC-10P2-2023-2024-CriteriosAvaliacao.pdf\">AC-10P2-2023-2024 Crit\u00e9riosAvalia\u00e7\u00e3o<\/a><\/strong><\/span><\/p>\r\n<p style=\"text-align: center\"><span style=\"text-decoration: underline\"><strong><a href=\"http:\/\/aeaf.edu.pt\/wp-content\/uploads\/2023\/11\/PSI-10P2-2023-24-CriteriosAvaliacao.pdf\">PSI-10P2-2023-24-Crit\u00e9riosAvalia\u00e7\u00e3o<\/a> <\/strong><\/span><\/p>\r\n<p style=\"text-align: center\"><span style=\"text-decoration: underline\"><strong><a href=\"http:\/\/aeaf.edu.pt\/wp-content\/uploads\/2023\/11\/PSI-11P2-2023-24-CriteriosAvaliacao.pdf\">PSI-11P2-2023-24-Crit\u00e9riosAvalia\u00e7\u00e3o<\/a> <\/strong><\/span><\/p>\r\n<p style=\"text-align: center\"><span style=\"text-decoration: underline\"><strong><a href=\"http:\/\/aeaf.edu.pt\/wp-content\/uploads\/2023\/11\/PSI-12P2-2023-24-CriteriosAvaliacao.pdf\">PSI-12P2-2023-24-Crit\u00e9riosAvalia\u00e7\u00e3o<\/a> <\/strong><\/span><\/p>\r\n<p style=\"text-align: center\"><span style=\"text-decoration: underline\"><strong><a href=\"http:\/\/aeaf.edu.pt\/wp-content\/uploads\/2023\/11\/RC-10oP2-2023-24-CriteriosAvaliacao.pdf\">RC 10\u00baP2 -2023-24-CriteriosAvaliacao<\/a><\/strong><\/span><\/p>\r\n<p style=\"text-align: center\"><span style=\"text-decoration: underline\"><strong> <a href=\"http:\/\/aeaf.edu.pt\/wp-content\/uploads\/2023\/11\/RC-11P2-2023-24_Criterios_Aval.pdf\">RC-11P2-2023-24_Criterios_Aval<\/a> <\/strong><\/span><\/p>\r\n<p style=\"text-align: center\"><span style=\"text-decoration: underline\"><strong><a href=\"http:\/\/aeaf.edu.pt\/wp-content\/uploads\/2023\/11\/RC-12P2-2023-24-CriteriosAvaliacao.pdf\">RC-12P2-2023-24-Crit\u00e9riosAvalia\u00e7\u00e3o<\/a><\/strong><\/span><\/p>\r\n<p style=\"text-align: center\"><span style=\"text-decoration: underline\"><strong> <a href=\"http:\/\/aeaf.edu.pt\/wp-content\/uploads\/2023\/11\/SI_10P3_Criterios_Aval_23_24.pdf\">SI_10P3_Criterios_Aval_23_24<\/a> <\/strong><\/span><\/p>\r\n<p style=\"text-align: center\"><span style=\"text-decoration: underline\"><strong><a href=\"http:\/\/aeaf.edu.pt\/wp-content\/uploads\/2023\/11\/SI-11P3-2023-24-CriteriosAvaliacao.pdf\">SI-11P3-2023-24-Crit\u00e9riosAvalia\u00e7\u00e3o<\/a> <\/strong><\/span><\/p>\r\n<p style=\"text-align: center\"><span style=\"text-decoration: underline\"><strong><a href=\"http:\/\/aeaf.edu.pt\/wp-content\/uploads\/2023\/11\/SO-11P2-2023-24-CriteriosAvaliacao.pdf\">SO-11P2-2023-24-CriteriosAvaliacao<\/a> <\/strong><\/span><\/p>\r\n<p style=\"text-align: center\"><span style=\"text-decoration: underline\"><strong><a href=\"http:\/\/aeaf.edu.pt\/wp-content\/uploads\/2023\/11\/TIC-10o-Criterios-de-Avaliacao.pdf\">TIC - 10\u00ba Crit\u00e9rios de Avalia\u00e7\u00e3o<\/a><\/strong><\/span><\/p>                <\/div>\r\n                        <div post_id=\"13393\" itemcount=\"20\" header_id=\"header-1607533338769\" id=\"header-1607533338769\" style=\"\" class=\"accordions-head head1607533338769 border-none\" toggle-text=\"\" main-text=\"Ingl\u00eas\">\r\n                                            <span id=\"accordion-icons-1607533338769\" class=\"accordion-icons\">\r\n                            <span class=\"accordion-icon-active accordion-plus\"><i class=\"fas fa-chevron-up\"><\/i><\/span>\r\n                            <span class=\"accordion-icon-inactive accordion-minus\"><i class=\"fas fa-chevron-right\"><\/i><\/span>\r\n                        <\/span>\r\n                        <span id=\"header-text-1607533338769\" class=\"accordions-head-title\">Ingl\u00eas<\/span>\r\n                                    <\/div>\r\n                <div class=\"accordion-content content1607533338769 \">\r\n                    <p style=\"text-align: center\"><span style=\"text-decoration: underline\"><strong><a href=\"http:\/\/aeaf.edu.pt\/wp-content\/uploads\/2023\/11\/INGLES-1o-Ciclo-CRITERIOS-DE-AVALIACAO-23-24.pdf\">INGL\u00caS 1\u00ba Ciclo - CRIT\u00c9RIOS DE AVALIA\u00c7\u00c3O- 23-24<\/a><\/strong><\/span><\/p>\r\n<p style=\"text-align: center\"><span style=\"text-decoration: underline\"><strong> <a href=\"http:\/\/aeaf.edu.pt\/wp-content\/uploads\/2023\/11\/INGLES-2o-Ciclo-CRITERIOS-DE-AVALIACAO-23-24.pdf\">INGL\u00caS 2\u00ba Ciclo - CRIT\u00c9RIOS DE AVALIA\u00c7\u00c3O- 23-24<\/a><\/strong><\/span><\/p>\r\n<p style=\"text-align: center\"><span style=\"text-decoration: underline\"><strong><a href=\"http:\/\/aeaf.edu.pt\/wp-content\/uploads\/2023\/11\/INGLES-3o-Ciclo-CRITERIOS-DE-AVALIACAO-23-24.pdf\">INGL\u00caS 3\u00ba Ciclo - CRIT\u00c9RIOS DE AVALIA\u00c7\u00c3O- 23-24<\/a><\/strong><\/span><\/p>\r\n<p style=\"text-align: center\"><span style=\"text-decoration: underline\"><strong><a href=\"http:\/\/aeaf.edu.pt\/wp-content\/uploads\/2023\/11\/INGLES-Profissional-CRITERIOS-DE-AVALIACAO-23-24.pdf\">INGL\u00caS- Profissional - CRIT\u00c9RIOS DE AVALIA\u00c7\u00c3O- 23-24<\/a><\/strong><\/span><\/p>\r\n<p style=\"text-align: center\"><a href=\"http:\/\/aeaf.edu.pt\/wp-content\/uploads\/2023\/11\/INGLES-Secundario-CRITERIOS-DE-AVALIACAO-23-24.pdf\"><span style=\"text-decoration: underline\"><strong>INGL\u00caS Secund\u00e1rio - CRIT\u00c9RIOS DE AVALIA\u00c7\u00c3O- 23-24<\/strong><\/span><\/a><\/p>                <\/div>\r\n                        <div post_id=\"13393\" itemcount=\"21\" header_id=\"header-1607534488715\" id=\"header-1607534488715\" style=\"\" class=\"accordions-head head1607534488715 border-none\" toggle-text=\"\" main-text=\"Matem\u00e1tica\">\r\n                                            <span id=\"accordion-icons-1607534488715\" class=\"accordion-icons\">\r\n                            <span class=\"accordion-icon-active accordion-plus\"><i class=\"fas fa-chevron-up\"><\/i><\/span>\r\n                            <span class=\"accordion-icon-inactive accordion-minus\"><i class=\"fas fa-chevron-right\"><\/i><\/span>\r\n                        <\/span>\r\n                        <span id=\"header-text-1607534488715\" class=\"accordions-head-title\">Matem\u00e1tica<\/span>\r\n                                    <\/div>\r\n                <div class=\"accordion-content content1607534488715 \">\r\n                    <p style=\"text-align: center\"><span style=\"text-decoration: underline\"><strong><a href=\"http:\/\/aeaf.edu.pt\/wp-content\/uploads\/2023\/11\/Criterios-Avaliacao-9o_ano.pdf\">Crit\u00e9rios Avalia\u00e7\u00e3o 9\u00ba_ano<\/a> <\/strong><\/span><\/p>\r\n<p style=\"text-align: center\"><span style=\"text-decoration: underline\"><strong><a href=\"http:\/\/aeaf.edu.pt\/wp-content\/uploads\/2023\/11\/Criterios-Avaliacao-Matematica-A.pdf\">Crit\u00e9rios Avalia\u00e7\u00e3o Matem\u00e1tica A<\/a> <\/strong><\/span><\/p>\r\n<p style=\"text-align: center\"><span style=\"text-decoration: underline\"><strong><a href=\"http:\/\/aeaf.edu.pt\/wp-content\/uploads\/2023\/11\/Criterios-avaliacao-profissional_-Mat.pdf\">Crit\u00e9rios avalia\u00e7\u00e3o profissional_ Mat<\/a> <\/strong><\/span><\/p>\r\n<p style=\"text-align: center\"><span style=\"text-decoration: underline\"><strong><a href=\"http:\/\/aeaf.edu.pt\/wp-content\/uploads\/2023\/11\/Criterios-Avaliacao_-MACS.pdf\">Crit\u00e9rios Avalia\u00e7\u00e3o_ MACS<\/a> <\/strong><\/span><\/p>\r\n<p style=\"text-align: center\"><span style=\"text-decoration: underline\"><strong><a href=\"http:\/\/aeaf.edu.pt\/wp-content\/uploads\/2023\/11\/Criterios-Avaliacao_5o_6o_anos.pdf\">Crit\u00e9rios Avalia\u00e7\u00e3o_5\u00ba_6\u00ba_anos<\/a> <\/strong><\/span><\/p>\r\n<p style=\"text-align: center\"><span style=\"text-decoration: underline\"><strong><a href=\"http:\/\/aeaf.edu.pt\/wp-content\/uploads\/2023\/11\/Criterios-Avalicao_Matematica-B.pdf\">Crit\u00e9rios Avali\u00e7\u00e3o_Matem\u00e1tica B<\/a> <\/strong><\/span><\/p>\r\n<p style=\"text-align: center\"><span style=\"text-decoration: underline\"><strong><a href=\"http:\/\/aeaf.edu.pt\/wp-content\/uploads\/2023\/11\/Criterios-de-avaliacao-7o-8o-anos.pdf\">Crit\u00e9rios de avalia\u00e7\u00e3o 7\u00ba-8\u00ba anos<\/a><\/strong><\/span><\/p>                <\/div>\r\n                        <div post_id=\"13393\" itemcount=\"22\" header_id=\"header-1607534649330\" id=\"header-1607534649330\" style=\"\" class=\"accordions-head head1607534649330 border-none\" toggle-text=\"\" main-text=\"Mec\u00e2nica\">\r\n                                            <span id=\"accordion-icons-1607534649330\" class=\"accordion-icons\">\r\n                            <span class=\"accordion-icon-active accordion-plus\"><i class=\"fas fa-chevron-up\"><\/i><\/span>\r\n                            <span class=\"accordion-icon-inactive accordion-minus\"><i class=\"fas fa-chevron-right\"><\/i><\/span>\r\n                        <\/span>\r\n                        <span id=\"header-text-1607534649330\" class=\"accordions-head-title\">Mec\u00e2nica<\/span>\r\n                                    <\/div>\r\n                <div class=\"accordion-content content1607534649330 \">\r\n                    <p style=\"text-align: center\"><span style=\"text-decoration: underline\"><strong><a href=\"http:\/\/aeaf.edu.pt\/wp-content\/uploads\/2023\/11\/10o-ano-P5-Praticas-Oficinais-23_24-1.pdf\">10\u00ba ano P5 Pr\u00e1ticas Oficinais 23_24<\/a> <\/strong><\/span><\/p>\r\n<p style=\"text-align: center\"><span style=\"text-decoration: underline\"><strong><a href=\"http:\/\/aeaf.edu.pt\/wp-content\/uploads\/2023\/11\/10o-ano-P4-AM-23_24-1-1.pdf\">10\u00ba ano P4 AM 23_24<\/a> <\/strong><\/span><\/p>\r\n<p style=\"text-align: center\"><span style=\"text-decoration: underline\"><strong><a href=\"http:\/\/aeaf.edu.pt\/wp-content\/uploads\/2023\/11\/10o-ano-P4-TM-23_24-1-1.pdf\">10\u00ba ano P4 TM 23_24<\/a> <a href=\"http:\/\/aeaf.edu.pt\/wp-content\/uploads\/2023\/11\/10o-ano-P5-Des-Tec-23_24-1.pdf\">10\u00ba ano P5 Des Tec 23_24<\/a> <\/strong><\/span><\/p>\r\n<p style=\"text-align: center\"><span style=\"text-decoration: underline\"><strong><a href=\"http:\/\/aeaf.edu.pt\/wp-content\/uploads\/2023\/11\/10o-ano-P5-Org-Ind-23_24-1.pdf\">10\u00ba ano P5 Org Ind 23_24<\/a> <\/strong><\/span><\/p>\r\n<p style=\"text-align: center\"><span style=\"text-decoration: underline\"><strong><a href=\"http:\/\/aeaf.edu.pt\/wp-content\/uploads\/2023\/11\/10o-ano-P5-Tec-Proc-23-24-1.pdf\">10\u00ba ano P5 Tec Proc 23-24<\/a><\/strong><\/span><\/p>\r\n\r\n\r\n<hr \/>\r\n<p style=\"text-align: center\"><span style=\"text-decoration: underline\"><strong><a href=\"http:\/\/aeaf.edu.pt\/wp-content\/uploads\/2023\/11\/11o-ano-P5-Praticas-Oficinais-23_24-1.pdf\">11\u00ba ano P5 Pr\u00e1ticas Oficinais 23_24<\/a> <\/strong><\/span><\/p>\r\n<p style=\"text-align: center\"><span style=\"text-decoration: underline\"><strong><a href=\"http:\/\/aeaf.edu.pt\/wp-content\/uploads\/2023\/11\/11o-ano-P4-TM-23_24-1.pdf\">11\u00ba ano P4 TM 23_24<\/a> <\/strong><\/span><\/p>\r\n<p style=\"text-align: center\"><span style=\"text-decoration: underline\"><strong><a href=\"http:\/\/aeaf.edu.pt\/wp-content\/uploads\/2023\/11\/11o-ano-P5-Des-Tec-23_24-1-1.pdf\">11\u00ba ano P5 Des Tec 23_24<\/a> <\/strong><\/span><\/p>\r\n<p style=\"text-align: center\"><span style=\"text-decoration: underline\"><strong><a href=\"http:\/\/aeaf.edu.pt\/wp-content\/uploads\/2023\/11\/11o-ano-P5-Org-Ind-23_24-1.pdf\">11\u00ba ano P5 Org Ind 23_24<\/a> <\/strong><\/span><\/p>\r\n<p style=\"text-align: center\"><span style=\"text-decoration: underline\"><strong><a href=\"http:\/\/aeaf.edu.pt\/wp-content\/uploads\/2023\/11\/11o-ano-P5-Tec-Proc-23_24-1.pdf\">11\u00ba ano P5 Tec Proc 23_24<\/a> <\/strong><\/span><\/p>\r\n\r\n\r\n<hr \/>\r\n<p style=\"text-align: center\"><span style=\"text-decoration: underline\"><strong><a href=\"http:\/\/aeaf.edu.pt\/wp-content\/uploads\/2023\/11\/12o-ano-P5-Praticas-Oficinais-23_24-1.pdf\">12\u00ba ano P5 Pr\u00e1ticas Oficinais 23_24<\/a> <\/strong><\/span><\/p>\r\n<p style=\"text-align: center\"><span style=\"text-decoration: underline\"><strong><a href=\"http:\/\/aeaf.edu.pt\/wp-content\/uploads\/2023\/11\/12o-ano-Org-Ind-23_24-1.pdf\">12\u00ba ano Org Ind 23_24<\/a> <\/strong><\/span><\/p>\r\n<p style=\"text-align: center\"><span style=\"text-decoration: underline\"><strong><a href=\"http:\/\/aeaf.edu.pt\/wp-content\/uploads\/2023\/11\/12o-ano-P4-TM-23_24-1.pdf\">12\u00ba ano P4 TM 23_24<\/a> <\/strong><\/span><\/p>\r\n<p style=\"text-align: center\"><span style=\"text-decoration: underline\"><strong><a href=\"http:\/\/aeaf.edu.pt\/wp-content\/uploads\/2023\/11\/12o-ano-P5-Des-Tec-23_24-1-1.pdf\">12\u00ba ano P5 Des Tec 23_24<\/a> <\/strong><\/span><\/p>\r\n<p style=\"text-align: center\"><span style=\"text-decoration: underline\"><strong><a href=\"http:\/\/aeaf.edu.pt\/wp-content\/uploads\/2023\/11\/12o-ano-P5-Tec-Proc-23_24-1-1.pdf\">12\u00ba ano P5 Tec Proc 23_24<\/a><\/strong><\/span><\/p>                <\/div>\r\n                        <div post_id=\"13393\" itemcount=\"23\" header_id=\"header-1607534921639\" id=\"header-1607534921639\" style=\"\" class=\"accordions-head head1607534921639 border-none\" toggle-text=\"\" main-text=\"Portugu\u00eas\">\r\n                                            <span id=\"accordion-icons-1607534921639\" class=\"accordion-icons\">\r\n                            <span class=\"accordion-icon-active accordion-plus\"><i class=\"fas fa-chevron-up\"><\/i><\/span>\r\n                            <span class=\"accordion-icon-inactive accordion-minus\"><i class=\"fas fa-chevron-right\"><\/i><\/span>\r\n                        <\/span>\r\n                        <span id=\"header-text-1607534921639\" class=\"accordions-head-title\">Portugu\u00eas<\/span>\r\n                                    <\/div>\r\n                <div class=\"accordion-content content1607534921639 \">\r\n                    <p style=\"text-align: center\"><span style=\"text-decoration: underline\"><strong><a href=\"http:\/\/aeaf.edu.pt\/wp-content\/uploads\/2023\/11\/PORTUGUES-CRITERIOS-DE-AVALIACAO-Ensino-Profissional-2023-2024.pdf\">PORTUGU\u00caS - CRIT\u00c9RIOS DE AVALIA\u00c7\u00c3O Ensino Profissional 2023-2024<\/a><\/strong><\/span><\/p>\r\n\r\n\r\n<hr \/>\r\n<p style=\"text-align: center\"><span style=\"text-decoration: underline\"><strong><a href=\"http:\/\/aeaf.edu.pt\/wp-content\/uploads\/2023\/11\/PORTUGUES-CRITERIOS-DE-AVALIACAO-Ensino-Secundario.pdf\">PORTUGU\u00caS - CRIT\u00c9RIOS DE AVALIA\u00c7\u00c3O Ensino Secund\u00e1rio<\/a><\/strong><\/span><\/p>\r\n\r\n\r\n<hr \/>\r\n<p style=\"text-align: center\"><a href=\"http:\/\/aeaf.edu.pt\/wp-content\/uploads\/2024\/09\/PORTUGUES-GRELHA-DOS-CRITERIOS-DE-AVALIACAO-2o-e-3o-ciclos-23-24.pdf\"><span style=\"text-decoration: underline\"><strong>PORTUGU\u00caS -GRELHA DOS CRIT\u00c9RIOS DE AVALIA\u00c7\u00c3O 2\u00ba e 3\u00ba ciclos 23-24<\/strong><\/span><\/a><\/p>\r\n\r\n\r\n<hr \/>\r\n<p style=\"text-align: center\"><a href=\"http:\/\/aeaf.edu.pt\/wp-content\/uploads\/2024\/09\/PORTUGUES-GRELHA-DOS-CRITERIOS-DE-AVALIACAO-A1-23-24.pdf\"><span style=\"text-decoration: underline\"><strong>PORTUGU\u00caS -GRELHA DOS CRIT\u00c9RIOS DE AVALIA\u00c7\u00c3O A1 23-24<\/strong><\/span><\/a><\/p>\r\n<p style=\"text-align: center\"><span style=\"text-decoration: underline\"><strong><a href=\"http:\/\/aeaf.edu.pt\/wp-content\/uploads\/2024\/09\/PORTUGUES-GRELHA-DOS-CRITERIOS-DE-AVALIACAO-A2-23-24.pdf\">PORTUGU\u00caS -GRELHA DOS CRIT\u00c9RIOS DE AVALIA\u00c7\u00c3O A2 23-24<\/a><\/strong><\/span><\/p>\r\n<p style=\"text-align: center\"><a href=\"http:\/\/aeaf.edu.pt\/wp-content\/uploads\/2024\/09\/PORTUGUES-GRELHA-DOS-CRITERIOS-DE-AVALIACAO-B1-23-24.pdf\"><span style=\"text-decoration: underline\"><strong>PORTUGU\u00caS -GRELHA DOS CRIT\u00c9RIOS DE AVALIA\u00c7\u00c3O B1 23-24<\/strong><\/span><\/a><\/p>                <\/div>\r\n            <\/div>\r\n    <script>\r\n   (function($) {\r\n\r\n$(document).on(\"ready\",function(){\r\n            accordions_active_index_13393 = [];\r\n                })})(jQuery);\r\n    <\/script>    <script>\r\n        (function($) {\r\n\r\n$(document).on(\"ready\",function(){\r\n            accordion_13393 = $(\"#accordions-13393 .items\").accordion({\r\n                event: \"click\",\r\n                collapsible: true,\r\n                heightStyle: \"content\",\r\n                animate: (\"swing\", 1000),\r\n                navigation: true,\r\n                active: 999,\r\n                            });\r\n        })})(jQuery);\r\n    <\/script>\r\n                <\/div>\n","protected":false},"excerpt":{"rendered":"","protected":false},"author":5,"featured_media":10002,"comment_status":"closed","ping_status":"closed","sticky":false,"template":"","format":"standard","meta":[],"categories":[33],"tags":[],"_links":{"self":[{"href":"http:\/\/aeaf.edu.pt\/index.php?rest_route=\/wp\/v2\/posts\/13554"}],"collection":[{"href":"http:\/\/aeaf.edu.pt\/index.php?rest_route=\/wp\/v2\/posts"}],"about":[{"href":"http:\/\/aeaf.edu.pt\/index.php?rest_route=\/wp\/v2\/types\/post"}],"author":[{"embeddable":true,"href":"http:\/\/aeaf.edu.pt\/index.php?rest_route=\/wp\/v2\/users\/5"}],"replies":[{"embeddable":true,"href":"http:\/\/aeaf.edu.pt\/index.php?rest_route=%2Fwp%2Fv2%2Fcomments&post=13554"}],"version-history":[{"count":2,"href":"http:\/\/aeaf.edu.pt\/index.php?rest_route=\/wp\/v2\/posts\/13554\/revisions"}],"predecessor-version":[{"id":13556,"href":"http:\/\/aeaf.edu.pt\/index.php?rest_route=\/wp\/v2\/posts\/13554\/revisions\/13556"}],"wp:featuredmedia":[{"embeddable":true,"href":"http:\/\/aeaf.edu.pt\/index.php?rest_route=\/wp\/v2\/media\/10002"}],"wp:attachment":[{"href":"http:\/\/aeaf.edu.pt\/index.php?rest_route=%2Fwp%2Fv2%2Fmedia&parent=13554"}],"wp:term":[{"taxonomy":"category","embeddable":true,"href":"http:\/\/aeaf.edu.pt\/index.php?rest_route=%2Fwp%2Fv2%2Fcategories&post=13554"},{"taxonomy":"post_tag","embeddable":true,"href":"http:\/\/aeaf.edu.pt\/index.php?rest_route=%2Fwp%2Fv2%2Ftags&post=13554"}],"curies":[{"name":"wp","href":"https:\/\/api.w.org\/{rel}","templated":true}]}}