{"id":14059,"date":"2024-06-19T20:27:19","date_gmt":"2024-06-19T20:27:19","guid":{"rendered":"http:\/\/aeaf.edu.pt\/?p=14059"},"modified":"2024-09-19T21:01:22","modified_gmt":"2024-09-19T21:01:22","slug":"completar-matricula-esaf-7-o-ano-2024-25-urgente","status":"publish","type":"post","link":"http:\/\/aeaf.edu.pt\/?p=14059","title":{"rendered":"Completar Matr\u00edcula ESAF 7.\u00ba Ano 2024\/25 (URGENTE)"},"content":{"rendered":"\n<p><span style=\"color: #000000;\">A Escola Secund\u00e1ria Alcaides de Faria, solicita aos Encarregados de Educa\u00e7\u00e3o que pretendam matricular os seus educandos no 7\u00ba ano, ano letivo 2024\/2025, neste estabelecimento de ensino, que devem preencher o formul\u00e1rio seguinte, para indicar se pretendem a op\u00e7\u00e3o de <strong>Educa\u00e7\u00e3o&nbsp;Musical<\/strong> ou <strong>Educa\u00e7\u00e3o&nbsp;Tecnol\u00f3gica<\/strong>:<br><\/span><\/p>\n\n\n\n<p class=\"has-text-align-center\"><strong><u><a href=\"https:\/\/forms.gle\/M8P3po2yjbhfNkyL6\" target=\"_blank\" rel=\"noreferrer noopener\"><span style=\"color:#1d10b2\" class=\"has-inline-color\">https:\/\/forms.gle\/xbewNTqX4dnKWDL59<\/span><\/a><\/u><\/strong><\/p>\n\n\n\n<p class=\"has-text-align-center\">&#8212;&#8212;&#8212;&#8212;&#8212;&#8212;&#8212;&#8212;&#8212;&#8212;&#8212;&#8212;&#8212;&#8212;&#8212;&#8212;&#8212;&#8212;&#8212;&#8212;&#8212;&#8212;&#8212;&#8212;&#8212;&#8212;&#8212;&#8212;&#8212;&#8212;&#8212;&#8212;-<\/p>\n\n\n\n<p>Este formul\u00e1rio n\u00e3o dispensa o preenchimento da Matr\u00edcula, no Portal das Matr\u00edculas:<\/p>\n\n\n\n<p class=\"has-text-align-center\"><a href=\"https:\/\/portaldasmatriculas.edu.gov.pt\/\" target=\"_blank\" rel=\"noreferrer noopener\"><strong><span style=\"color:#1d0fb8\" class=\"has-inline-color\"><u>https:\/\/portaldasmatriculas.edu.gov.pt\/<\/u><\/span><\/strong><\/a><\/p>\n\n\n\n<p><span style=\"color: #ffffff;\">&#8230;&#8230;<\/span><\/p>\n\n\n\n<h3><span style=\"color: #000000;\"><strong> <a href=\"http:\/\/aeaf.edu.pt\/wp-content\/uploads\/2018\/06\/Educa\u00e7\u00e3o-Tecnologica.png\" data-id=\"7280\"><img loading=\"lazy\" class=\"alignnone size-full wp-image-7280\" src=\"http:\/\/aeaf.edu.pt\/wp-content\/uploads\/2018\/06\/Educa\u00e7\u00e3o-Tecnologica.png\" alt=\"Educa\u00e7\u00e3o-Tecnologica\" width=\"117\" height=\"121\" srcset=\"http:\/\/aeaf.edu.pt\/wp-content\/uploads\/2018\/06\/Educa\u00e7\u00e3o-Tecnologica.png 117w, http:\/\/aeaf.edu.pt\/wp-content\/uploads\/2018\/06\/Educa\u00e7\u00e3o-Tecnologica-36x36.png 36w\" sizes=\"(max-width: 117px) 100vw, 117px\" \/><\/a>Educa\u00e7\u00e3o Tecnol\u00f3gica<\/strong><\/span><\/h3>\n\n\n\n<h3>&nbsp;<\/h3>\n\n\n\n<h3 class=\"has-text-align-right\"><span style=\"color: #000000;\"><strong>e Educa\u00e7\u00e3o Musical<a href=\"http:\/\/aeaf.edu.pt\/wp-content\/uploads\/2018\/06\/Educa\u00e7\u00e3o-Musical-_ab-700x400.png\" data-id=\"7281\"><img loading=\"lazy\" class=\"alignnone size-full wp-image-7281\" src=\"http:\/\/aeaf.edu.pt\/wp-content\/uploads\/2018\/06\/Educa\u00e7\u00e3o-Musical-_ab-700x400.png\" alt=\"Educa\u00e7\u00e3o-Musical-_ab-700x400\" width=\"198\" height=\"113\"><\/a><\/strong><\/span><\/h3>\n","protected":false},"excerpt":{"rendered":"<p>A Escola Secund\u00e1ria Alcaides de Faria, solicita aos Encarregados de Educa\u00e7\u00e3o que pretendam matricular os seus educandos no 7\u00ba ano, ano letivo 2024\/2025, neste estabelecimento de ensino, que devem preencher o formul\u00e1rio seguinte, para indicar se pretendem a op\u00e7\u00e3o de Educa\u00e7\u00e3o&nbsp;Musical ou Educa\u00e7\u00e3o&nbsp;Tecnol\u00f3gica: https:\/\/forms.gle\/xbewNTqX4dnKWDL59 &#8212;&#8212;&#8212;&#8212;&#8212;&#8212;&#8212;&#8212;&#8212;&#8212;&#8212;&#8212;&#8212;&#8212;&#8212;&#8212;&#8212;&#8212;&#8212;&#8212;&#8212;&#8212;&#8212;&#8212;&#8212;&#8212;&#8212;&#8212;&#8212;&#8212;&#8212;&#8212;- Este formul\u00e1rio n\u00e3o dispensa o preenchimento da Matr\u00edcula, no Portal [&hellip;]<\/p>\n","protected":false},"author":5,"featured_media":7275,"comment_status":"closed","ping_status":"closed","sticky":false,"template":"","format":"standard","meta":[],"categories":[33],"tags":[],"_links":{"self":[{"href":"http:\/\/aeaf.edu.pt\/index.php?rest_route=\/wp\/v2\/posts\/14059"}],"collection":[{"href":"http:\/\/aeaf.edu.pt\/index.php?rest_route=\/wp\/v2\/posts"}],"about":[{"href":"http:\/\/aeaf.edu.pt\/index.php?rest_route=\/wp\/v2\/types\/post"}],"author":[{"embeddable":true,"href":"http:\/\/aeaf.edu.pt\/index.php?rest_route=\/wp\/v2\/users\/5"}],"replies":[{"embeddable":true,"href":"http:\/\/aeaf.edu.pt\/index.php?rest_route=%2Fwp%2Fv2%2Fcomments&post=14059"}],"version-history":[{"count":11,"href":"http:\/\/aeaf.edu.pt\/index.php?rest_route=\/wp\/v2\/posts\/14059\/revisions"}],"predecessor-version":[{"id":14070,"href":"http:\/\/aeaf.edu.pt\/index.php?rest_route=\/wp\/v2\/posts\/14059\/revisions\/14070"}],"wp:featuredmedia":[{"embeddable":true,"href":"http:\/\/aeaf.edu.pt\/index.php?rest_route=\/wp\/v2\/media\/7275"}],"wp:attachment":[{"href":"http:\/\/aeaf.edu.pt\/index.php?rest_route=%2Fwp%2Fv2%2Fmedia&parent=14059"}],"wp:term":[{"taxonomy":"category","embeddable":true,"href":"http:\/\/aeaf.edu.pt\/index.php?rest_route=%2Fwp%2Fv2%2Fcategories&post=14059"},{"taxonomy":"post_tag","embeddable":true,"href":"http:\/\/aeaf.edu.pt\/index.php?rest_route=%2Fwp%2Fv2%2Ftags&post=14059"}],"curies":[{"name":"wp","href":"https:\/\/api.w.org\/{rel}","templated":true}]}}