{"id":14736,"date":"2024-11-13T22:28:57","date_gmt":"2024-11-13T22:28:57","guid":{"rendered":"http:\/\/aeaf.edu.pt\/?p=14736"},"modified":"2024-12-06T16:52:35","modified_gmt":"2024-12-06T16:52:35","slug":"processo-de-selecao-do-diretor-do-centro-de-formacao-da-associacao-de-escolas-dos-concelhos-de-barcelos-e-esposende","status":"publish","type":"post","link":"http:\/\/aeaf.edu.pt\/?p=14736","title":{"rendered":"Processo de sele\u00e7\u00e3o do Diretor do Centro de Forma\u00e7\u00e3o da Associa\u00e7\u00e3o de Escolas dos Concelhos de Barcelos e Esposende"},"content":{"rendered":"\n<hr class=\"wp-block-separator\"\/>\n\n\n\n<p class=\"has-text-align-center\">Centro de Forma\u00e7\u00e3o da Associa\u00e7\u00e3o de Escolas dos Concelhos de Barcelos e Esposende (CFAE Barcelos Esposende)<\/p>\n\n\n\n<p>Lista graduada provis\u00f3ria de candidatos admitidos Nos termos do ponto 16 do Regulamento do processo de sele\u00e7\u00e3o do Diretor do Centro de Forma\u00e7\u00e3o da Associa\u00e7\u00e3o de Escolas dos Concelhos de Barcelos e Esposende, torna-se p\u00fablica a lista graduada provis\u00f3ria de candidatos admitidos:<\/p>\n\n\n\n<div class=\"wp-block-file aligncenter\"><a href=\"http:\/\/aeaf.edu.pt\/wp-content\/uploads\/2024\/11\/Lista-Graduada-Provisoria.pdf\" target=\"_blank\" rel=\"noreferrer noopener\"><strong><span class=\"has-inline-color has-black-color\"><u>Lista Graduada Provis\u00f3ria<\/u><\/span><\/strong><\/a><a href=\"http:\/\/aeaf.edu.pt\/wp-content\/uploads\/2024\/11\/Lista-Graduada-Provisoria.pdf\" class=\"wp-block-file__button\" download>Descarregar<\/a><\/div>\n","protected":false},"excerpt":{"rendered":"<p>Centro de Forma\u00e7\u00e3o da Associa\u00e7\u00e3o de Escolas dos Concelhos de Barcelos e Esposende (CFAE Barcelos Esposende) Lista graduada provis\u00f3ria de candidatos admitidos Nos termos do ponto 16 do Regulamento do processo de sele\u00e7\u00e3o do Diretor do Centro de Forma\u00e7\u00e3o da Associa\u00e7\u00e3o de Escolas dos Concelhos de Barcelos e Esposende, torna-se p\u00fablica a lista graduada provis\u00f3ria [&hellip;]<\/p>\n","protected":false},"author":5,"featured_media":10002,"comment_status":"closed","ping_status":"closed","sticky":false,"template":"","format":"standard","meta":[],"categories":[33],"tags":[],"_links":{"self":[{"href":"http:\/\/aeaf.edu.pt\/index.php?rest_route=\/wp\/v2\/posts\/14736"}],"collection":[{"href":"http:\/\/aeaf.edu.pt\/index.php?rest_route=\/wp\/v2\/posts"}],"about":[{"href":"http:\/\/aeaf.edu.pt\/index.php?rest_route=\/wp\/v2\/types\/post"}],"author":[{"embeddable":true,"href":"http:\/\/aeaf.edu.pt\/index.php?rest_route=\/wp\/v2\/users\/5"}],"replies":[{"embeddable":true,"href":"http:\/\/aeaf.edu.pt\/index.php?rest_route=%2Fwp%2Fv2%2Fcomments&post=14736"}],"version-history":[{"count":6,"href":"http:\/\/aeaf.edu.pt\/index.php?rest_route=\/wp\/v2\/posts\/14736\/revisions"}],"predecessor-version":[{"id":15017,"href":"http:\/\/aeaf.edu.pt\/index.php?rest_route=\/wp\/v2\/posts\/14736\/revisions\/15017"}],"wp:featuredmedia":[{"embeddable":true,"href":"http:\/\/aeaf.edu.pt\/index.php?rest_route=\/wp\/v2\/media\/10002"}],"wp:attachment":[{"href":"http:\/\/aeaf.edu.pt\/index.php?rest_route=%2Fwp%2Fv2%2Fmedia&parent=14736"}],"wp:term":[{"taxonomy":"category","embeddable":true,"href":"http:\/\/aeaf.edu.pt\/index.php?rest_route=%2Fwp%2Fv2%2Fcategories&post=14736"},{"taxonomy":"post_tag","embeddable":true,"href":"http:\/\/aeaf.edu.pt\/index.php?rest_route=%2Fwp%2Fv2%2Ftags&post=14736"}],"curies":[{"name":"wp","href":"https:\/\/api.w.org\/{rel}","templated":true}]}}