{"id":14821,"date":"2025-01-22T05:34:00","date_gmt":"2025-01-22T05:34:00","guid":{"rendered":"http:\/\/aeaf.edu.pt\/?p=14821"},"modified":"2025-02-28T14:09:04","modified_gmt":"2025-02-28T14:09:04","slug":"abertura-de-concurso-para-tecnico-especializado-para-o-exercicio-de-funcoes-de-psicologoa-2","status":"publish","type":"post","link":"http:\/\/aeaf.edu.pt\/?p=14821","title":{"rendered":"Abertura de Concurso para T\u00e9cnico Especializado para o exerc\u00edcio de fun\u00e7\u00f5es de Psic\u00f3logo(a)"},"content":{"rendered":"\n<hr class=\"wp-block-separator\"\/>\n\n\n\n<p class=\"has-text-align-center has-medium-font-size\"><strong>CONTRATA\u00c7\u00c3O DE ESCOLA COM VISTA AO SUPRIMENTO DE NECESSIDADES DE PESSOAL T\u00c9CNICO ESPECIALIZADO, PARA O ANO ESCOLAR DE 2024\/2025<\/strong><\/p>\n\n\n\n<p>Nos termos do Decreto-Lei n.\u00ba 32-A\/2023, de 8 de maio, est\u00e1 aberto o concurso para contrata\u00e7\u00e3o de um T\u00e9cnico Especializado para desempenhar as fun\u00e7\u00f5es de Psic\u00f3logo.<\/p>\n\n\n\n<div class=\"wp-block-file aligncenter\"><a href=\"http:\/\/aeaf.edu.pt\/wp-content\/uploads\/2025\/01\/Edital_21_2024-2025.pdf\" target=\"_blank\" rel=\"noreferrer noopener\"><strong><span class=\"has-inline-color has-black-color\"><u>Edital 21 &#8211; 2024-2025<\/u><\/span><\/strong><\/a><a href=\"http:\/\/aeaf.edu.pt\/wp-content\/uploads\/2025\/01\/Edital_21_2024-2025.pdf\" class=\"wp-block-file__button\" download>Descarregar<\/a><\/div>\n\n\n\n<div class=\"wp-block-file aligncenter\"><a href=\"http:\/\/aeaf.edu.pt\/wp-content\/uploads\/2025\/01\/Criterios_Selecao.pdf\" target=\"_blank\" rel=\"noreferrer noopener\"><strong><span class=\"has-inline-color has-black-color\"><u>Crit\u00e9rios Sele\u00e7\u00e3o<\/u><\/span><\/strong><\/a><a href=\"http:\/\/aeaf.edu.pt\/wp-content\/uploads\/2025\/01\/Criterios_Selecao.pdf\" class=\"wp-block-file__button\" download>Descarregar<\/a><\/div>\n\n\n\n<hr class=\"wp-block-separator\"\/>\n\n\n\n<div class=\"wp-block-file aligncenter\"><a href=\"http:\/\/aeaf.edu.pt\/wp-content\/uploads\/2025\/02\/Lista-de-Candidatos-admitidos-a-Entrevista.pdf\" target=\"_blank\" rel=\"noreferrer noopener\"><strong><span class=\"has-inline-color has-black-color\"><u>Lista de Candidatos admitidos a Entrevista<\/u><\/span><\/strong><\/a><a href=\"http:\/\/aeaf.edu.pt\/wp-content\/uploads\/2025\/02\/Lista-de-Candidatos-admitidos-a-Entrevista.pdf\" class=\"wp-block-file__button\" download>Descarregar<\/a><\/div>\n\n\n\n<div class=\"wp-block-file aligncenter\"><a href=\"http:\/\/aeaf.edu.pt\/wp-content\/uploads\/2025\/02\/Lista-Ordenada-Candidatos.pdf\" target=\"_blank\" rel=\"noreferrer noopener\"><strong><span class=\"has-inline-color has-black-color\"><u>Lista Ordenada Candidatos<\/u><\/span><\/strong><\/a><a href=\"http:\/\/aeaf.edu.pt\/wp-content\/uploads\/2025\/02\/Lista-Ordenada-Candidatos.pdf\" class=\"wp-block-file__button\" download>Descarregar<\/a><\/div>\n\n\n\n<hr class=\"wp-block-separator\"\/>\n\n\n\n<p class=\"has-text-align-center has-medium-font-size\"><strong>Lista de Ordena\u00e7\u00e3o e de Coloca\u00e7\u00e3o<\/strong><\/p>\n\n\n\n<div class=\"wp-block-file aligncenter\"><a href=\"http:\/\/aeaf.edu.pt\/wp-content\/uploads\/2025\/02\/Lista_Final.pdf\" target=\"_blank\" rel=\"noreferrer noopener\"><strong><span class=\"has-inline-color has-black-color\"><u>Lista Final<\/u><\/span><\/strong><\/a><a href=\"http:\/\/aeaf.edu.pt\/wp-content\/uploads\/2025\/02\/Lista_Final.pdf\" class=\"wp-block-file__button\" download>Descarregar<\/a><\/div>\n\n\n\n<figure class=\"wp-block-image size-large\"><img loading=\"lazy\" width=\"734\" height=\"75\" src=\"http:\/\/aeaf.edu.pt\/wp-content\/uploads\/2015\/03\/separador.png\" alt=\"\" class=\"wp-image-4528\" srcset=\"http:\/\/aeaf.edu.pt\/wp-content\/uploads\/2015\/03\/separador.png 734w, http:\/\/aeaf.edu.pt\/wp-content\/uploads\/2015\/03\/separador-300x30.png 300w, http:\/\/aeaf.edu.pt\/wp-content\/uploads\/2015\/03\/separador-705x72.png 705w, http:\/\/aeaf.edu.pt\/wp-content\/uploads\/2015\/03\/separador-450x45.png 450w\" sizes=\"(max-width: 734px) 100vw, 734px\" \/><\/figure>\n","protected":false},"excerpt":{"rendered":"<p>CONTRATA\u00c7\u00c3O DE ESCOLA COM VISTA AO SUPRIMENTO DE NECESSIDADES DE PESSOAL T\u00c9CNICO ESPECIALIZADO, PARA O ANO ESCOLAR DE 2024\/2025 Nos termos do Decreto-Lei n.\u00ba 32-A\/2023, de 8 de maio, est\u00e1 aberto o concurso para contrata\u00e7\u00e3o de um T\u00e9cnico Especializado para desempenhar as fun\u00e7\u00f5es de Psic\u00f3logo. Lista de Ordena\u00e7\u00e3o e de Coloca\u00e7\u00e3o<\/p>\n","protected":false},"author":5,"featured_media":10002,"comment_status":"closed","ping_status":"closed","sticky":false,"template":"","format":"standard","meta":[],"categories":[46],"tags":[],"_links":{"self":[{"href":"http:\/\/aeaf.edu.pt\/index.php?rest_route=\/wp\/v2\/posts\/14821"}],"collection":[{"href":"http:\/\/aeaf.edu.pt\/index.php?rest_route=\/wp\/v2\/posts"}],"about":[{"href":"http:\/\/aeaf.edu.pt\/index.php?rest_route=\/wp\/v2\/types\/post"}],"author":[{"embeddable":true,"href":"http:\/\/aeaf.edu.pt\/index.php?rest_route=\/wp\/v2\/users\/5"}],"replies":[{"embeddable":true,"href":"http:\/\/aeaf.edu.pt\/index.php?rest_route=%2Fwp%2Fv2%2Fcomments&post=14821"}],"version-history":[{"count":6,"href":"http:\/\/aeaf.edu.pt\/index.php?rest_route=\/wp\/v2\/posts\/14821\/revisions"}],"predecessor-version":[{"id":14879,"href":"http:\/\/aeaf.edu.pt\/index.php?rest_route=\/wp\/v2\/posts\/14821\/revisions\/14879"}],"wp:featuredmedia":[{"embeddable":true,"href":"http:\/\/aeaf.edu.pt\/index.php?rest_route=\/wp\/v2\/media\/10002"}],"wp:attachment":[{"href":"http:\/\/aeaf.edu.pt\/index.php?rest_route=%2Fwp%2Fv2%2Fmedia&parent=14821"}],"wp:term":[{"taxonomy":"category","embeddable":true,"href":"http:\/\/aeaf.edu.pt\/index.php?rest_route=%2Fwp%2Fv2%2Fcategories&post=14821"},{"taxonomy":"post_tag","embeddable":true,"href":"http:\/\/aeaf.edu.pt\/index.php?rest_route=%2Fwp%2Fv2%2Ftags&post=14821"}],"curies":[{"name":"wp","href":"https:\/\/api.w.org\/{rel}","templated":true}]}}