{"id":14862,"date":"2025-02-11T20:09:11","date_gmt":"2025-02-11T20:09:11","guid":{"rendered":"http:\/\/aeaf.edu.pt\/?p=14862"},"modified":"2025-06-02T14:23:17","modified_gmt":"2025-06-02T14:23:17","slug":"abertura-do-procedimento-concursal-previo-de-eleicao-doa-diretora-2025-2029","status":"publish","type":"post","link":"http:\/\/aeaf.edu.pt\/?p=14862","title":{"rendered":"Abertura do procedimento concursal pr\u00e9vio de elei\u00e7\u00e3o do(a) Diretor(a) (2025\/2029)"},"content":{"rendered":"\n<hr class=\"wp-block-separator\"\/>\n\n\n\n<div style=\"height:44px\" aria-hidden=\"true\" class=\"wp-block-spacer\"><\/div>\n\n\n\n<p class=\"has-text-align-center\" style=\"font-size:24px\"><strong>Elei\u00e7\u00e3o do(a) Diretor(a)<\/strong><\/p>\n\n\n\n<p style=\"font-size:18px\">Ap\u00f3s Reuni\u00e3o do Conselho Geral a 29 abril de 2025, foi eleita a candidata <u>Maria Alice Rodrigues Ferreira<\/u> com maioria absoluta dos votos.<\/p>\n\n\n\n<p style=\"font-size:18px\">A documenta\u00e7\u00e3o inerente a este ato foi enviada \u00e0 DGAE para homologa\u00e7\u00e3o do resultado das elei\u00e7\u00f5es para o cargo de diretor.<\/p>\n\n\n\n<div style=\"height:44px\" aria-hidden=\"true\" class=\"wp-block-spacer\"><\/div>\n\n\n\n<hr class=\"wp-block-separator\"\/>\n\n\n\n<p>Nos termos do disposto nos artigos&nbsp;21.\u00ba e 22.\u00ba do Decreto-Lei n.\u00ba&nbsp;75\/2008, de 22 de abril, alterado pelo Decreto-Lei n.\u00ba&nbsp;137\/2012, de 2 de julho e no artigo&nbsp;5.\u00ba da Portaria n.\u00ba&nbsp;604\/2008, de 9 de julho, e demais legisla\u00e7\u00e3o aplic\u00e1vel, torna-se p\u00fablico que se encontra aberto concurso para provimento do lugar de Diretor(a) do Agrupamento de Escolas Alcaides de Faria, em Barcelos, pelo prazo de 10 dias \u00fateis, a contar do dia seguinte ao da publica\u00e7\u00e3o do presente aviso no Di\u00e1rio da Rep\u00fablica, 2.\u00aa&nbsp;s\u00e9rie.<\/p>\n\n\n\n<p>1&nbsp;\u2014&nbsp;Os requisitos de admiss\u00e3o s\u00e3o os estipulados nos n\u00fameros 3, 4 e 5 do artigo&nbsp;21.\u00ba do Decreto &#8211;Lei n.\u00ba&nbsp;75\/2008, de 22 de abril, alterado pelo Decreto-Lei n.\u00ba&nbsp;137\/2012, de 2 de julho, e demais legisla\u00e7\u00e3o aplic\u00e1vel.<\/p>\n\n\n\n<p>2&nbsp;\u2014&nbsp;As candidaturas devem ser formalizadas mediante requerimento, em modelo pr\u00f3prio disponibilizado na p\u00e1gina eletr\u00f3nica do Agrupamento (http:\/\/aeaf.edu.pt\/) e nos respetivos Servi\u00e7os Administrativos, dirigido ao Presidente do Conselho Geral do Agrupamento de Escolas Alcaides de Faria. Podem ser entregues pessoalmente nos Servi\u00e7os Administrativos da escola sede do Agrupamento (Escola Secund\u00e1ria Alcaides de Faria) em suporte de papel, em envelope fechado, durante o hor\u00e1rio de expediente ou remetidos por correio registado com aviso de rece\u00e7\u00e3o, expedido at\u00e9 ao termo do prazo fixado para a apresenta\u00e7\u00e3o das candidaturas, dirigido ao presidente do Conselho Geral, para este estabelecimento de ensino sito na Avenida Jo\u00e3o Duarte, n.\u00ba&nbsp;405&nbsp;\u2014&nbsp;4750-175 Barcelos.<\/p>\n\n\n\n<p>3&nbsp;\u2014&nbsp;O requerimento de candidatura a concurso ser\u00e1 acompanhado da seguinte documenta\u00e7\u00e3o, sob pena de exclus\u00e3o:<\/p>\n\n\n\n<p>a) Curriculum Vitae detalhado, datado e assinado, acompanhado de prova documental dos seus elementos, com exce\u00e7\u00e3o daqueles que se encontrem arquivados no respetivo Processo Individual no Agrupamento de Escolas Alcaides de Faria, Barcelos;<\/p>\n\n\n\n<p>b) Projeto de Interven\u00e7\u00e3o no Agrupamento de Escolas Alcaides de Faria, com p\u00e1ginas numeradas e rubricadas e no final datado e assinado, contendo a identifica\u00e7\u00e3o de problemas, a defini\u00e7\u00e3o da miss\u00e3o, as metas e as grandes linhas de orienta\u00e7\u00e3o da a\u00e7\u00e3o, bem como a explicita\u00e7\u00e3o do plano estrat\u00e9gico a realizar no mandato (limite 20 p\u00e1ginas, corpo de letra Arial, tamanho de letra 12 e espa\u00e7amento 1,5);<\/p>\n\n\n\n<p>c) Declara\u00e7\u00e3o autenticada do servi\u00e7o de origem onde conste a categoria, o v\u00ednculo e o tempo de servi\u00e7o e o escal\u00e3o do candidato;<\/p>\n\n\n\n<p>d) Fotoc\u00f3pia de documento comprovativo da posse de qualifica\u00e7\u00e3o para o exerc\u00edcio das fun\u00e7\u00f5es de administra\u00e7\u00e3o e gest\u00e3o escolar;<\/p>\n\n\n\n<p>e) Fotoc\u00f3pia dos Certificados de forma\u00e7\u00e3o profissional realizada;<\/p>\n\n\n\n<p>f) Apresenta\u00e7\u00e3o ou fotoc\u00f3pia, se autorizada, do cart\u00e3o de cidad\u00e3o;<\/p>\n\n\n\n<p>g) Certificado do Registo Criminal atualizado.<\/p>\n\n\n\n<p>3.1&nbsp;\u2014&nbsp;Os candidatos podem, ainda, indicar quaisquer outros elementos, devidamente comprovados, que considerem ser relevantes para a aprecia\u00e7\u00e3o do seu m\u00e9rito.<\/p>\n\n\n\n<p>4&nbsp;\u2014&nbsp;O m\u00e9todo de sele\u00e7\u00e3o \u00e9 o estipulado no artigo&nbsp;22.\u00ba do Decreto-Lei n.\u00ba&nbsp;75\/2008, de 22 de abril, alterado pelo Decreto-Lei n.\u00ba&nbsp;137\/2012, de 2 de julho e o estipulado no Regulamento do Procedimento Concursal de Elei\u00e7\u00e3o do Diretor do Agrupamento de Escolas Alcaides Faria, dispon\u00edvel na p\u00e1gina eletr\u00f3nica do Agrupamento. Aviso n.\u00ba 4003\/2025\/2 1\/2 2.\u00aa s\u00e9rie N.\u00ba 29 11-02-2025<\/p>\n\n\n\n<p>5&nbsp;\u2014&nbsp;Enquadramento legal: Decreto-Lei n.\u00ba&nbsp;75\/2008, de 22 de abril, alterado pelo Decreto-Lei n.\u00ba&nbsp;137\/2012, de 2 de julho, C\u00f3digo do Procedimento Administrativo e demais legisla\u00e7\u00e3o aplic\u00e1vel.<\/p>\n\n\n\n<p>6&nbsp;\u2014&nbsp;O resultado do procedimento concursal&nbsp;\u2014&nbsp;As listas dos candidatos admitidos e dos candidatos exclu\u00eddos ser\u00e3o afixadas, em local apropriado da escola sede e divulgadas na p\u00e1gina eletr\u00f3nica do agrupamento, no prazo de 10 dias \u00fateis ap\u00f3s a data-limite de apresenta\u00e7\u00e3o das candidaturas, sendo estas as \u00fanicas formas de notifica\u00e7\u00e3o dos candidatos. <\/p>\n\n\n\n<p>4 de fevereiro de 2025.&nbsp;\u2014&nbsp;O Presidente do Conselho Geral, Valdemar Sim\u00f5es Dion\u00edsio Gomes.<\/p>\n\n\n\n<hr class=\"wp-block-separator\"\/>\n\n\n\n<div style=\"height:37px\" aria-hidden=\"true\" class=\"wp-block-spacer\"><\/div>\n\n\n\n<p class=\"has-text-align-center\" style=\"font-size:18px\"><strong>Admiss\u00e3o ao Processo Concursal de Elei\u00e7\u00e3o de Diretor(a) <\/strong><\/p>\n\n\n\n<p class=\"has-text-align-center\" style=\"font-size:18px\"><strong>AEAF \u2013 2025<\/strong><\/p>\n\n\n\n<div class=\"wp-block-file aligncenter\"><a href=\"http:\/\/aeaf.edu.pt\/wp-content\/uploads\/2025\/03\/Lista-de-Admissao-a-Concurso-de-Directora-AEAF-1.pdf\" target=\"_blank\" rel=\"noreferrer noopener\"><strong><span class=\"has-inline-color has-black-color\"><u>Lista de Admiss\u00e3o a Concurso de Director(a) &#8211; AEAF<\/u><\/span><\/strong><\/a><a href=\"http:\/\/aeaf.edu.pt\/wp-content\/uploads\/2025\/03\/Lista-de-Admissao-a-Concurso-de-Directora-AEAF-1.pdf\" class=\"wp-block-file__button\" download>Descarregar<\/a><\/div>\n\n\n\n<div style=\"height:37px\" aria-hidden=\"true\" class=\"wp-block-spacer\"><\/div>\n\n\n\n<hr class=\"wp-block-separator\"\/>\n\n\n\n<p><strong>D<span style=\"color:#000000\" class=\"has-inline-color\">ocumentos:<\/span><\/strong><\/p>\n\n\n\n<div class=\"wp-block-file\"><a href=\"http:\/\/aeaf.edu.pt\/wp-content\/uploads\/2025\/02\/Aviso-de-abertura-Concursal-DR-n.o-4003_2025_2.pdf\" target=\"_blank\" rel=\"noreferrer noopener\"><strong><span class=\"has-inline-color has-black-color\"><u>Aviso de abertura Concursal DR n\u00ba4003\/2025<\/u><\/span><\/strong>\/<strong><span class=\"has-inline-color has-black-color\"><u>2<\/u><\/span><\/strong><\/a><a href=\"http:\/\/aeaf.edu.pt\/wp-content\/uploads\/2025\/02\/Aviso-de-abertura-Concursal-DR-n.o-4003_2025_2.pdf\" class=\"wp-block-file__button\" download>Descarregar<\/a><\/div>\n\n\n\n<div class=\"wp-block-file\"><a href=\"http:\/\/aeaf.edu.pt\/wp-content\/uploads\/2025\/02\/Regulamento-Concursal-de-Eleicao-de-Diretor-AEAF_2025.pdf\" target=\"_blank\" rel=\"noreferrer noopener\"><strong><span class=\"has-inline-color has-black-color\"><u>Regulamento Concursal de Elei\u00e7\u00e3o de Diretor(a) AEAF &#8211; 2025<\/u><\/span><\/strong><\/a><a href=\"http:\/\/aeaf.edu.pt\/wp-content\/uploads\/2025\/02\/Regulamento-Concursal-de-Eleicao-de-Diretor-AEAF_2025.pdf\" class=\"wp-block-file__button\" download>Descarregar<\/a><\/div>\n\n\n\n<div class=\"wp-block-file\"><a href=\"http:\/\/aeaf.edu.pt\/wp-content\/uploads\/2025\/02\/Formulario_requerimento_candidatura_ConcursoDirector_AEAF-2025.pdf\" target=\"_blank\" rel=\"noreferrer noopener\"><strong><span class=\"has-inline-color has-black-color\"><u>Requerimento candidatura Concurso Diretor(a) AEAF &#8211; 2025<\/u><\/span><\/strong><\/a><a href=\"http:\/\/aeaf.edu.pt\/wp-content\/uploads\/2025\/02\/Formulario_requerimento_candidatura_ConcursoDirector_AEAF-2025.pdf\" class=\"wp-block-file__button\" download>Descarregar<\/a><\/div>\n","protected":false},"excerpt":{"rendered":"<p>Elei\u00e7\u00e3o do(a) Diretor(a) Ap\u00f3s Reuni\u00e3o do Conselho Geral a 29 abril de 2025, foi eleita a candidata Maria Alice Rodrigues Ferreira com maioria absoluta dos votos. A documenta\u00e7\u00e3o inerente a este ato foi enviada \u00e0 DGAE para homologa\u00e7\u00e3o do resultado das elei\u00e7\u00f5es para o cargo de diretor. Nos termos do disposto nos artigos&nbsp;21.\u00ba e 22.\u00ba [&hellip;]<\/p>\n","protected":false},"author":5,"featured_media":9991,"comment_status":"closed","ping_status":"closed","sticky":false,"template":"","format":"standard","meta":[],"categories":[33],"tags":[],"_links":{"self":[{"href":"http:\/\/aeaf.edu.pt\/index.php?rest_route=\/wp\/v2\/posts\/14862"}],"collection":[{"href":"http:\/\/aeaf.edu.pt\/index.php?rest_route=\/wp\/v2\/posts"}],"about":[{"href":"http:\/\/aeaf.edu.pt\/index.php?rest_route=\/wp\/v2\/types\/post"}],"author":[{"embeddable":true,"href":"http:\/\/aeaf.edu.pt\/index.php?rest_route=\/wp\/v2\/users\/5"}],"replies":[{"embeddable":true,"href":"http:\/\/aeaf.edu.pt\/index.php?rest_route=%2Fwp%2Fv2%2Fcomments&post=14862"}],"version-history":[{"count":9,"href":"http:\/\/aeaf.edu.pt\/index.php?rest_route=\/wp\/v2\/posts\/14862\/revisions"}],"predecessor-version":[{"id":15048,"href":"http:\/\/aeaf.edu.pt\/index.php?rest_route=\/wp\/v2\/posts\/14862\/revisions\/15048"}],"wp:featuredmedia":[{"embeddable":true,"href":"http:\/\/aeaf.edu.pt\/index.php?rest_route=\/wp\/v2\/media\/9991"}],"wp:attachment":[{"href":"http:\/\/aeaf.edu.pt\/index.php?rest_route=%2Fwp%2Fv2%2Fmedia&parent=14862"}],"wp:term":[{"taxonomy":"category","embeddable":true,"href":"http:\/\/aeaf.edu.pt\/index.php?rest_route=%2Fwp%2Fv2%2Fcategories&post=14862"},{"taxonomy":"post_tag","embeddable":true,"href":"http:\/\/aeaf.edu.pt\/index.php?rest_route=%2Fwp%2Fv2%2Ftags&post=14862"}],"curies":[{"name":"wp","href":"https:\/\/api.w.org\/{rel}","templated":true}]}}