{"id":14986,"date":"2025-03-27T08:49:00","date_gmt":"2025-03-27T08:49:00","guid":{"rendered":"https:\/\/aeaf.edu.pt\/?p=14986"},"modified":"2025-06-02T14:25:07","modified_gmt":"2025-06-02T14:25:07","slug":"parlamento-dos-jovens-aeaf-2025","status":"publish","type":"post","link":"http:\/\/aeaf.edu.pt\/?p=14986","title":{"rendered":"Parlamento dos Jovens &#8211; AEAF 2025"},"content":{"rendered":"\n<hr class=\"wp-block-separator\"\/>\n\n\n\n<p>Programa Parlamento dos Jovens \u00e9 uma iniciativa da Assembleia da Rep\u00fablica, dirigida aos jovens dos 2.\u00ba e 3.\u00ba ciclos do ensino b\u00e1sico e do ensino secund\u00e1rio, de escolas do ensino p\u00fablico, particular e cooperativo do Continente, das Regi\u00f5es Aut\u00f3nomas e dos c\u00edrculos da Europa e de Fora da Europa, tem por objetivos:<\/p>\n\n\n\n<p>Educar para a cidadania, estimulando o gosto pela participa\u00e7\u00e3o c\u00edvica e pol\u00edtica;<\/p>\n\n\n\n<p>Dar a conhecer a Assembleia da Rep\u00fablica, o significado do mandato parlamentar, as regras do debate parlamentar e o processo de decis\u00e3o do Parlamento, enquanto \u00f3rg\u00e3o representativo de todos os cidad\u00e3os portugueses;<\/p>\n\n\n\n<p>Promover o debate democr\u00e1tico, o respeito pela diversidade de opini\u00f5es e pelas regras de forma\u00e7\u00e3o das decis\u00f5es; Incentivar a reflex\u00e3o e o debate sobre um tema, definido anualmente;<\/p>\n\n\n\n<p>Proporcionar a experi\u00eancia de participa\u00e7\u00e3o em processos eleitorais;<\/p>\n\n\n\n<p>Estimular as capacidades de express\u00e3o e argumenta\u00e7\u00e3o na defesa das ideias, com respeito&nbsp; pelos valores da toler\u00e2ncia e da forma\u00e7\u00e3o da vontade da maioria;<\/p>\n\n\n\n<p>Sublinhar a import\u00e2ncia da sua contribui\u00e7\u00e3o para a resolu\u00e7\u00e3o de quest\u00f5es que afetem o seu presente e o futuro individual e coletivo, fazendo ouvir as suas propostas junto dos \u00f3rg\u00e3os do poder pol\u00edtico.<\/p>\n\n\n\n<hr class=\"wp-block-separator\"\/>\n\n\n\n<p>O Programa&nbsp;desenvolve-se em tr\u00eas fases, ao longo do ano letivo, que s\u00e3o semelhantes para as sess\u00f5es do ensino b\u00e1sico e do ensino secund\u00e1rio \u2013 <strong>Sess\u00e3o Escolar<\/strong> (realizada em cada escola que se candidatou ao programa); <strong>Sess\u00e3o Distrital<\/strong> (no distrito a que pertence o concelho da escola em causa \u2013 no nosso caso em Braga); <strong>Sess\u00e3o Nacional<\/strong> (decorre na Assembleia da Rep\u00fablica).<\/p>\n\n\n\n<p>Este ano em que se comemora os 30 anos de exist\u00eancia do Programa (iniciou em 1995), o tema escolhido \u00e9: <strong><em>Novas Tecnologias, oportunidades e desafios para os jovens<\/em><\/strong>.<\/p>\n\n\n\n<p>A Escola Secund\u00e1ria Alcaides de Faria, fez-se representar na Sess\u00e3o Distrital que decorreu no Instituto Portugu\u00eas do Desporto e Juventude (IPDJ) de Braga na passada ter\u00e7a-feira (dia 18), pelos alunos Daniel Filipe Barbosa Senra e Sara Isabel Barbosa Martins, na qualidade de deputado e deputada efetiva, a aluna Matilde Cardoso Lamela enquanto deputada suplente e pelo professor Jos\u00e9 Maria Cardoso como coordenador do programa do ensino secund\u00e1rio.<\/p>\n\n\n\n<figure class=\"wp-block-gallery columns-1 is-cropped\"><ul class=\"blocks-gallery-grid\"><li class=\"blocks-gallery-item\"><figure><a href=\"https:\/\/aeaf.edu.pt\/wp-content\/uploads\/2025\/04\/IMG_20250318_123357-scaled.jpg\"><img loading=\"lazy\" width=\"1030\" height=\"773\" src=\"https:\/\/aeaf.edu.pt\/wp-content\/uploads\/2025\/04\/IMG_20250318_123357-1030x773.jpg\" alt=\"\" data-id=\"14987\" data-full-url=\"https:\/\/aeaf.edu.pt\/wp-content\/uploads\/2025\/04\/IMG_20250318_123357-scaled.jpg\" data-link=\"https:\/\/aeaf.edu.pt\/?attachment_id=14987\" class=\"wp-image-14987\" srcset=\"http:\/\/aeaf.edu.pt\/wp-content\/uploads\/2025\/04\/IMG_20250318_123357-1030x773.jpg 1030w, http:\/\/aeaf.edu.pt\/wp-content\/uploads\/2025\/04\/IMG_20250318_123357-300x225.jpg 300w, http:\/\/aeaf.edu.pt\/wp-content\/uploads\/2025\/04\/IMG_20250318_123357-768x576.jpg 768w, http:\/\/aeaf.edu.pt\/wp-content\/uploads\/2025\/04\/IMG_20250318_123357-1536x1152.jpg 1536w, http:\/\/aeaf.edu.pt\/wp-content\/uploads\/2025\/04\/IMG_20250318_123357-2048x1536.jpg 2048w, http:\/\/aeaf.edu.pt\/wp-content\/uploads\/2025\/04\/IMG_20250318_123357-1500x1125.jpg 1500w, http:\/\/aeaf.edu.pt\/wp-content\/uploads\/2025\/04\/IMG_20250318_123357-705x529.jpg 705w, http:\/\/aeaf.edu.pt\/wp-content\/uploads\/2025\/04\/IMG_20250318_123357-450x338.jpg 450w\" sizes=\"(max-width: 1030px) 100vw, 1030px\" \/><\/a><\/figure><\/li><\/ul><\/figure>\n\n\n\n<p>Este\/as aluno\/as do 12\u00ba ano Turma E, tiveram uma participa\u00e7\u00e3o muito ativa e demostraram grande capacidade de argumenta\u00e7\u00e3o na defesa das propostas apresentadas, bem como no esclarecimento \u00e0s perguntas formuladas sobre a efici\u00eancia e exequibilidade das medidas sugeridas.<\/p>\n\n\n\n<figure class=\"wp-block-gallery columns-2 is-cropped\"><ul class=\"blocks-gallery-grid\"><li class=\"blocks-gallery-item\"><figure><a href=\"https:\/\/aeaf.edu.pt\/wp-content\/uploads\/2025\/04\/IMG_20250318_180411-scaled.jpg\"><img loading=\"lazy\" width=\"773\" height=\"1030\" src=\"https:\/\/aeaf.edu.pt\/wp-content\/uploads\/2025\/04\/IMG_20250318_180411-773x1030.jpg\" alt=\"\" data-id=\"14988\" data-full-url=\"https:\/\/aeaf.edu.pt\/wp-content\/uploads\/2025\/04\/IMG_20250318_180411-scaled.jpg\" data-link=\"https:\/\/aeaf.edu.pt\/?attachment_id=14988\" class=\"wp-image-14988\" srcset=\"http:\/\/aeaf.edu.pt\/wp-content\/uploads\/2025\/04\/IMG_20250318_180411-773x1030.jpg 773w, http:\/\/aeaf.edu.pt\/wp-content\/uploads\/2025\/04\/IMG_20250318_180411-225x300.jpg 225w, http:\/\/aeaf.edu.pt\/wp-content\/uploads\/2025\/04\/IMG_20250318_180411-768x1024.jpg 768w, http:\/\/aeaf.edu.pt\/wp-content\/uploads\/2025\/04\/IMG_20250318_180411-1152x1536.jpg 1152w, http:\/\/aeaf.edu.pt\/wp-content\/uploads\/2025\/04\/IMG_20250318_180411-1536x2048.jpg 1536w, http:\/\/aeaf.edu.pt\/wp-content\/uploads\/2025\/04\/IMG_20250318_180411-1125x1500.jpg 1125w, http:\/\/aeaf.edu.pt\/wp-content\/uploads\/2025\/04\/IMG_20250318_180411-529x705.jpg 529w, http:\/\/aeaf.edu.pt\/wp-content\/uploads\/2025\/04\/IMG_20250318_180411-450x600.jpg 450w, http:\/\/aeaf.edu.pt\/wp-content\/uploads\/2025\/04\/IMG_20250318_180411-scaled.jpg 1920w\" sizes=\"(max-width: 773px) 100vw, 773px\" \/><\/a><\/figure><\/li><li class=\"blocks-gallery-item\"><figure><a href=\"https:\/\/aeaf.edu.pt\/wp-content\/uploads\/2025\/04\/IMG_20250318_180734-scaled.jpg\"><img loading=\"lazy\" width=\"773\" height=\"1030\" src=\"https:\/\/aeaf.edu.pt\/wp-content\/uploads\/2025\/04\/IMG_20250318_180734-773x1030.jpg\" alt=\"\" data-id=\"14989\" data-full-url=\"https:\/\/aeaf.edu.pt\/wp-content\/uploads\/2025\/04\/IMG_20250318_180734-scaled.jpg\" data-link=\"https:\/\/aeaf.edu.pt\/?attachment_id=14989\" class=\"wp-image-14989\" srcset=\"http:\/\/aeaf.edu.pt\/wp-content\/uploads\/2025\/04\/IMG_20250318_180734-773x1030.jpg 773w, http:\/\/aeaf.edu.pt\/wp-content\/uploads\/2025\/04\/IMG_20250318_180734-225x300.jpg 225w, http:\/\/aeaf.edu.pt\/wp-content\/uploads\/2025\/04\/IMG_20250318_180734-768x1024.jpg 768w, http:\/\/aeaf.edu.pt\/wp-content\/uploads\/2025\/04\/IMG_20250318_180734-1152x1536.jpg 1152w, http:\/\/aeaf.edu.pt\/wp-content\/uploads\/2025\/04\/IMG_20250318_180734-1536x2048.jpg 1536w, http:\/\/aeaf.edu.pt\/wp-content\/uploads\/2025\/04\/IMG_20250318_180734-1125x1500.jpg 1125w, http:\/\/aeaf.edu.pt\/wp-content\/uploads\/2025\/04\/IMG_20250318_180734-529x705.jpg 529w, http:\/\/aeaf.edu.pt\/wp-content\/uploads\/2025\/04\/IMG_20250318_180734-450x600.jpg 450w, http:\/\/aeaf.edu.pt\/wp-content\/uploads\/2025\/04\/IMG_20250318_180734-scaled.jpg 1920w\" sizes=\"(max-width: 773px) 100vw, 773px\" \/><\/a><\/figure><\/li><\/ul><\/figure>\n\n\n\n<p>Num total de 42 escolas secund\u00e1rias do distrito presentes na sess\u00e3o, a Escola Secund\u00e1ria Alcaides de Faria ficou em 4\u00ba lugar por vota\u00e7\u00e3o de um universo de eleitores de 82 deputado\/as. Este resultado eleitoral apurou a nossa escola para a&nbsp;Sess\u00e3o&nbsp;Nacional a decorrer na Assembleia da Rep\u00fablica, nos dias 26 e 27 de maio.&nbsp; Pelo m\u00e9rito demostrado que muito dignifica a escola e que enaltece o papel relevante da participa\u00e7\u00e3o cidad\u00e3 dos jovens na vida social e politica da escola, da localidade e do pa\u00eds, o Senhor Diretor do Agrupamento e toda a comunidade escolar parabeniza e felicita o\/as referidos aluno\/as.<\/p>\n","protected":false},"excerpt":{"rendered":"<p>Programa Parlamento dos Jovens \u00e9 uma iniciativa da Assembleia da Rep\u00fablica, dirigida aos jovens dos 2.\u00ba e 3.\u00ba ciclos do ensino b\u00e1sico e do ensino secund\u00e1rio, de escolas do ensino p\u00fablico, particular e cooperativo do Continente, das Regi\u00f5es Aut\u00f3nomas e dos c\u00edrculos da Europa e de Fora da Europa, tem por objetivos: Educar para a [&hellip;]<\/p>\n","protected":false},"author":5,"featured_media":10002,"comment_status":"closed","ping_status":"closed","sticky":false,"template":"","format":"standard","meta":[],"categories":[60],"tags":[],"_links":{"self":[{"href":"http:\/\/aeaf.edu.pt\/index.php?rest_route=\/wp\/v2\/posts\/14986"}],"collection":[{"href":"http:\/\/aeaf.edu.pt\/index.php?rest_route=\/wp\/v2\/posts"}],"about":[{"href":"http:\/\/aeaf.edu.pt\/index.php?rest_route=\/wp\/v2\/types\/post"}],"author":[{"embeddable":true,"href":"http:\/\/aeaf.edu.pt\/index.php?rest_route=\/wp\/v2\/users\/5"}],"replies":[{"embeddable":true,"href":"http:\/\/aeaf.edu.pt\/index.php?rest_route=%2Fwp%2Fv2%2Fcomments&post=14986"}],"version-history":[{"count":1,"href":"http:\/\/aeaf.edu.pt\/index.php?rest_route=\/wp\/v2\/posts\/14986\/revisions"}],"predecessor-version":[{"id":14990,"href":"http:\/\/aeaf.edu.pt\/index.php?rest_route=\/wp\/v2\/posts\/14986\/revisions\/14990"}],"wp:featuredmedia":[{"embeddable":true,"href":"http:\/\/aeaf.edu.pt\/index.php?rest_route=\/wp\/v2\/media\/10002"}],"wp:attachment":[{"href":"http:\/\/aeaf.edu.pt\/index.php?rest_route=%2Fwp%2Fv2%2Fmedia&parent=14986"}],"wp:term":[{"taxonomy":"category","embeddable":true,"href":"http:\/\/aeaf.edu.pt\/index.php?rest_route=%2Fwp%2Fv2%2Fcategories&post=14986"},{"taxonomy":"post_tag","embeddable":true,"href":"http:\/\/aeaf.edu.pt\/index.php?rest_route=%2Fwp%2Fv2%2Ftags&post=14986"}],"curies":[{"name":"wp","href":"https:\/\/api.w.org\/{rel}","templated":true}]}}