{"id":15032,"date":"2025-04-24T22:38:46","date_gmt":"2025-04-24T22:38:46","guid":{"rendered":"http:\/\/aeaf.edu.pt\/?p=15032"},"modified":"2025-10-20T13:11:33","modified_gmt":"2025-10-20T13:11:33","slug":"aviso-de-abertura-das-matriculas-2025-2026-educacao-pre-escolar-e-1-o-ciclo-do-ensino-basico","status":"publish","type":"post","link":"http:\/\/aeaf.edu.pt\/?p=15032","title":{"rendered":"AVISO DE ABERTURA DAS MATR\u00cdCULAS 2025\/2026 &#8211; EDUCA\u00c7\u00c3O PR\u00c9-ESCOLAR E 1.\u00ba CICLO DO ENSINO B\u00c1SICO"},"content":{"rendered":"\n<hr class=\"wp-block-separator\"\/>\n\n\n\n<p>Em conformidade com a legisla\u00e7\u00e3o em vigor (Despacho Normativo n.\u00ba 2-B\/2025, de 21 de mar\u00e7o e o Despacho n.\u00ba 3640-A\/2025, de 21 de mar\u00e7o) informa-se que o prazo de matr\u00edculas para a Educa\u00e7\u00e3o Pr\u00e9-escolar e para o 1\u00ba Ciclo do Ensino B\u00e1sico (1.\u00ba ano de escolaridade) do ano letivo de 2025\/2026 decorre entre o dia 22 de abril e o dia 31 de maio de 2025.<br>O pedido de matr\u00edcula \u00e9 apresentado, preferencialmente, via Internet na aplica\u00e7\u00e3o Portal das Matr\u00edculas (<a href=\"https:\/\/www.portaldasmatriculas.edu.gov.pt\/\" target=\"_blank\" rel=\"noreferrer noopener\">portaldasmatriculas.edu.gov.pt<\/a>), com o recurso a uma das seguintes formas de autentica\u00e7\u00e3o: cart\u00e3o de cidad\u00e3o, chave m\u00f3vel digital ou credenciais de acesso ao Portal das Finan\u00e7as.<\/p>\n\n\n\n<div class=\"wp-block-file aligncenter\"><a href=\"http:\/\/aeaf.edu.pt\/wp-content\/uploads\/2025\/04\/AVISO-DE-ABERTURA-DAS-MATRICULAS-2025.pdf\" target=\"_blank\" rel=\"noreferrer noopener\"><strong><span class=\"has-inline-color has-black-color\"><u>AVISO DE ABERTURA DAS MATRICULAS 2025<\/u><\/span><\/strong><\/a><a href=\"http:\/\/aeaf.edu.pt\/wp-content\/uploads\/2025\/04\/AVISO-DE-ABERTURA-DAS-MATRICULAS-2025.pdf\" class=\"wp-block-file__button\" download>Descarregar<\/a><\/div>\n","protected":false},"excerpt":{"rendered":"<p>Em conformidade com a legisla\u00e7\u00e3o em vigor (Despacho Normativo n.\u00ba 2-B\/2025, de 21 de mar\u00e7o e o Despacho n.\u00ba 3640-A\/2025, de 21 de mar\u00e7o) informa-se que o prazo de matr\u00edculas para a Educa\u00e7\u00e3o Pr\u00e9-escolar e para o 1\u00ba Ciclo do Ensino B\u00e1sico (1.\u00ba ano de escolaridade) do ano letivo de 2025\/2026 decorre entre o dia [&hellip;]<\/p>\n","protected":false},"author":5,"featured_media":10006,"comment_status":"closed","ping_status":"closed","sticky":false,"template":"","format":"standard","meta":[],"categories":[33],"tags":[],"_links":{"self":[{"href":"http:\/\/aeaf.edu.pt\/index.php?rest_route=\/wp\/v2\/posts\/15032"}],"collection":[{"href":"http:\/\/aeaf.edu.pt\/index.php?rest_route=\/wp\/v2\/posts"}],"about":[{"href":"http:\/\/aeaf.edu.pt\/index.php?rest_route=\/wp\/v2\/types\/post"}],"author":[{"embeddable":true,"href":"http:\/\/aeaf.edu.pt\/index.php?rest_route=\/wp\/v2\/users\/5"}],"replies":[{"embeddable":true,"href":"http:\/\/aeaf.edu.pt\/index.php?rest_route=%2Fwp%2Fv2%2Fcomments&post=15032"}],"version-history":[{"count":1,"href":"http:\/\/aeaf.edu.pt\/index.php?rest_route=\/wp\/v2\/posts\/15032\/revisions"}],"predecessor-version":[{"id":15034,"href":"http:\/\/aeaf.edu.pt\/index.php?rest_route=\/wp\/v2\/posts\/15032\/revisions\/15034"}],"wp:featuredmedia":[{"embeddable":true,"href":"http:\/\/aeaf.edu.pt\/index.php?rest_route=\/wp\/v2\/media\/10006"}],"wp:attachment":[{"href":"http:\/\/aeaf.edu.pt\/index.php?rest_route=%2Fwp%2Fv2%2Fmedia&parent=15032"}],"wp:term":[{"taxonomy":"category","embeddable":true,"href":"http:\/\/aeaf.edu.pt\/index.php?rest_route=%2Fwp%2Fv2%2Fcategories&post=15032"},{"taxonomy":"post_tag","embeddable":true,"href":"http:\/\/aeaf.edu.pt\/index.php?rest_route=%2Fwp%2Fv2%2Ftags&post=15032"}],"curies":[{"name":"wp","href":"https:\/\/api.w.org\/{rel}","templated":true}]}}