{"id":15219,"date":"2025-06-13T14:05:24","date_gmt":"2025-06-13T14:05:24","guid":{"rendered":"https:\/\/aeaf.edu.pt\/?p=15219"},"modified":"2025-10-20T13:10:16","modified_gmt":"2025-10-20T13:10:16","slug":"completar-matricula-esaf-7-o-ano-2025-26-urgente","status":"publish","type":"post","link":"http:\/\/aeaf.edu.pt\/?p=15219","title":{"rendered":"Completar Matr\u00edcula ESAF 7.\u00ba Ano 2025\/26 (URGENTE)"},"content":{"rendered":"\n<p><span style=\"color: #000000;\">A Escola Secund\u00e1ria Alcaides de Faria, solicita aos Encarregados de Educa\u00e7\u00e3o que pretendam matricular os seus educandos no 7\u00ba ano, ano letivo 2025\/2026, neste estabelecimento de ensino, que devem preencher o formul\u00e1rio seguinte, para indicar se pretendem a op\u00e7\u00e3o de <strong>Educa\u00e7\u00e3o&nbsp;Musical<\/strong> ou <strong>Educa\u00e7\u00e3o&nbsp;Tecnol\u00f3gica<\/strong> (<em><strong>de 16 junho a 27 junho de 2025<\/strong><\/em>):<br><\/span><\/p>\n\n\n\n<p class=\"has-text-align-center has-medium-font-size\">Link para escolha de op\u00e7\u00e3o: <strong><a href=\"https:\/\/docs.google.com\/forms\/d\/e\/1FAIpQLScF-tvxToGibIaUzt9j_59ArbcuasSsBkRc2joBCHKQrx5Isg\/viewform?usp=sharing&amp;ouid=111381342225064050567\" target=\"_blank\" rel=\"noreferrer noopener\"><u><span class=\"has-inline-color has-vivid-red-color\">Carregue Aqui<\/span><\/u><\/a><\/strong><\/p>\n\n\n\n<p class=\"has-text-align-center\">&#8212;&#8212;&#8212;&#8212;&#8212;&#8212;&#8212;&#8212;&#8212;&#8212;&#8212;&#8212;&#8212;&#8212;&#8212;&#8212;&#8212;&#8212;&#8212;&#8212;&#8212;&#8212;&#8212;&#8212;&#8212;&#8212;&#8212;&#8212;&#8212;&#8212;&#8212;&#8212;-<\/p>\n\n\n\n<p>Este formul\u00e1rio n\u00e3o dispensa o preenchimento da Matr\u00edcula, no Portal das Matr\u00edculas:<\/p>\n\n\n\n<p class=\"has-text-align-center\"><a href=\"https:\/\/portaldasmatriculas.edu.gov.pt\/\" target=\"_blank\" rel=\"noreferrer noopener\"><strong><span style=\"color:#1d0fb8\" class=\"has-inline-color\"><u>https:\/\/portaldasmatriculas.edu.gov.pt\/<\/u><\/span><\/strong><\/a><\/p>\n\n\n\n<p><span style=\"color: #ffffff;\">&#8230;&#8230;<\/span><\/p>\n\n\n\n<h3><span style=\"color: #000000;\"><strong> <a href=\"http:\/\/aeaf.edu.pt\/wp-content\/uploads\/2018\/06\/Educa\u00e7\u00e3o-Tecnologica.png\" data-id=\"7280\"><img loading=\"lazy\" class=\"alignnone size-full wp-image-7280\" src=\"http:\/\/aeaf.edu.pt\/wp-content\/uploads\/2018\/06\/Educa\u00e7\u00e3o-Tecnologica.png\" alt=\"Educa\u00e7\u00e3o-Tecnologica\" width=\"117\" height=\"121\" srcset=\"http:\/\/aeaf.edu.pt\/wp-content\/uploads\/2018\/06\/Educa\u00e7\u00e3o-Tecnologica.png 117w, http:\/\/aeaf.edu.pt\/wp-content\/uploads\/2018\/06\/Educa\u00e7\u00e3o-Tecnologica-36x36.png 36w\" sizes=\"(max-width: 117px) 100vw, 117px\" \/><\/a>Educa\u00e7\u00e3o Tecnol\u00f3gica<\/strong><\/span><\/h3>\n\n\n\n<h3>&nbsp;<\/h3>\n\n\n\n<h3 class=\"has-text-align-right\"><span style=\"color: #000000;\"><strong>e Educa\u00e7\u00e3o Musical<a href=\"http:\/\/aeaf.edu.pt\/wp-content\/uploads\/2018\/06\/Educa\u00e7\u00e3o-Musical-_ab-700x400.png\" data-id=\"7281\"><img loading=\"lazy\" class=\"alignnone size-full wp-image-7281\" src=\"http:\/\/aeaf.edu.pt\/wp-content\/uploads\/2018\/06\/Educa\u00e7\u00e3o-Musical-_ab-700x400.png\" alt=\"Educa\u00e7\u00e3o-Musical-_ab-700x400\" width=\"198\" height=\"113\"><\/a><\/strong><\/span><\/h3>\n","protected":false},"excerpt":{"rendered":"<p>A Escola Secund\u00e1ria Alcaides de Faria, solicita aos Encarregados de Educa\u00e7\u00e3o que pretendam matricular os seus educandos no 7\u00ba ano, ano letivo 2025\/2026, neste estabelecimento de ensino, que devem preencher o formul\u00e1rio seguinte, para indicar se pretendem a op\u00e7\u00e3o de Educa\u00e7\u00e3o&nbsp;Musical ou Educa\u00e7\u00e3o&nbsp;Tecnol\u00f3gica (de 16 junho a 27 junho de 2025): Link para escolha de [&hellip;]<\/p>\n","protected":false},"author":5,"featured_media":7275,"comment_status":"closed","ping_status":"closed","sticky":false,"template":"","format":"standard","meta":[],"categories":[33],"tags":[],"_links":{"self":[{"href":"http:\/\/aeaf.edu.pt\/index.php?rest_route=\/wp\/v2\/posts\/15219"}],"collection":[{"href":"http:\/\/aeaf.edu.pt\/index.php?rest_route=\/wp\/v2\/posts"}],"about":[{"href":"http:\/\/aeaf.edu.pt\/index.php?rest_route=\/wp\/v2\/types\/post"}],"author":[{"embeddable":true,"href":"http:\/\/aeaf.edu.pt\/index.php?rest_route=\/wp\/v2\/users\/5"}],"replies":[{"embeddable":true,"href":"http:\/\/aeaf.edu.pt\/index.php?rest_route=%2Fwp%2Fv2%2Fcomments&post=15219"}],"version-history":[{"count":5,"href":"http:\/\/aeaf.edu.pt\/index.php?rest_route=\/wp\/v2\/posts\/15219\/revisions"}],"predecessor-version":[{"id":15632,"href":"http:\/\/aeaf.edu.pt\/index.php?rest_route=\/wp\/v2\/posts\/15219\/revisions\/15632"}],"wp:featuredmedia":[{"embeddable":true,"href":"http:\/\/aeaf.edu.pt\/index.php?rest_route=\/wp\/v2\/media\/7275"}],"wp:attachment":[{"href":"http:\/\/aeaf.edu.pt\/index.php?rest_route=%2Fwp%2Fv2%2Fmedia&parent=15219"}],"wp:term":[{"taxonomy":"category","embeddable":true,"href":"http:\/\/aeaf.edu.pt\/index.php?rest_route=%2Fwp%2Fv2%2Fcategories&post=15219"},{"taxonomy":"post_tag","embeddable":true,"href":"http:\/\/aeaf.edu.pt\/index.php?rest_route=%2Fwp%2Fv2%2Ftags&post=15219"}],"curies":[{"name":"wp","href":"https:\/\/api.w.org\/{rel}","templated":true}]}}