{"id":15230,"date":"2025-06-16T14:06:59","date_gmt":"2025-06-16T14:06:59","guid":{"rendered":"https:\/\/aeaf.edu.pt\/?p=15230"},"modified":"2025-10-20T13:08:53","modified_gmt":"2025-10-20T13:08:53","slug":"lista-de-criancas-e-alunos-que-requereram-matricula-para-o-ano-letivo-2025-2026-educacao-pre-escolar-e-1-o-ciclo-do-ensino-basico","status":"publish","type":"post","link":"http:\/\/aeaf.edu.pt\/?p=15230","title":{"rendered":"LISTA DE CRIAN\u00c7AS E ALUNOS QUE REQUERERAM MATR\u00cdCULA PARA O ANO LETIVO 2025\/2026 &#8211; EDUCA\u00c7\u00c3O PR\u00c9-ESCOLAR E 1.\u00ba CICLO DO ENSINO B\u00c1SICO"},"content":{"rendered":"\n<hr class=\"wp-block-separator\"\/>\n\n\n\n<p>Serve o presente para dar a conhecer as listas de crian\u00e7as \/ alunos que requereram matr\u00edcula nos estabelecimentos de educa\u00e7\u00e3o \/ ensino do Agrupamento de Escolas Alcaides de Faria.<\/p>\n\n\n\n<div class=\"wp-block-file\"><a href=\"https:\/\/aeaf.edu.pt\/wp-content\/uploads\/2025\/06\/Lista_Afixada_Educacao_Pre-escolar_16_junho_2025_Atualizada.pdf\" target=\"_blank\" rel=\"noreferrer noopener\"><strong><span class=\"has-inline-color has-black-color\"><u>Lista Afixada Educa\u00e7\u00e3o Pr\u00e9-escolar 16 junho 2025 &#8211; Atualizada<\/u><\/span><\/strong><\/a><a href=\"https:\/\/aeaf.edu.pt\/wp-content\/uploads\/2025\/06\/Lista_Afixada_Educacao_Pre-escolar_16_junho_2025_Atualizada.pdf\" class=\"wp-block-file__button\" download>Descarregar<\/a><\/div>\n\n\n\n<div class=\"wp-block-file aligncenter\"><a href=\"https:\/\/aeaf.edu.pt\/wp-content\/uploads\/2025\/06\/Lista_Afixada_1oano_16_junho_2025.pdf\" target=\"_blank\" rel=\"noreferrer noopener\"><strong><span class=\"has-inline-color has-black-color\"><u>Lista Afixada 1\u00baano 16 junho 2025<\/u><\/span><\/strong><\/a><a href=\"https:\/\/aeaf.edu.pt\/wp-content\/uploads\/2025\/06\/Lista_Afixada_1oano_16_junho_2025.pdf\" class=\"wp-block-file__button\" download>Descarregar<\/a><\/div>\n","protected":false},"excerpt":{"rendered":"<p>Serve o presente para dar a conhecer as listas de crian\u00e7as \/ alunos que requereram matr\u00edcula nos estabelecimentos de educa\u00e7\u00e3o \/ ensino do Agrupamento de Escolas Alcaides de Faria.<\/p>\n","protected":false},"author":5,"featured_media":10006,"comment_status":"closed","ping_status":"closed","sticky":false,"template":"","format":"standard","meta":[],"categories":[33],"tags":[],"_links":{"self":[{"href":"http:\/\/aeaf.edu.pt\/index.php?rest_route=\/wp\/v2\/posts\/15230"}],"collection":[{"href":"http:\/\/aeaf.edu.pt\/index.php?rest_route=\/wp\/v2\/posts"}],"about":[{"href":"http:\/\/aeaf.edu.pt\/index.php?rest_route=\/wp\/v2\/types\/post"}],"author":[{"embeddable":true,"href":"http:\/\/aeaf.edu.pt\/index.php?rest_route=\/wp\/v2\/users\/5"}],"replies":[{"embeddable":true,"href":"http:\/\/aeaf.edu.pt\/index.php?rest_route=%2Fwp%2Fv2%2Fcomments&post=15230"}],"version-history":[{"count":2,"href":"http:\/\/aeaf.edu.pt\/index.php?rest_route=\/wp\/v2\/posts\/15230\/revisions"}],"predecessor-version":[{"id":15249,"href":"http:\/\/aeaf.edu.pt\/index.php?rest_route=\/wp\/v2\/posts\/15230\/revisions\/15249"}],"wp:featuredmedia":[{"embeddable":true,"href":"http:\/\/aeaf.edu.pt\/index.php?rest_route=\/wp\/v2\/media\/10006"}],"wp:attachment":[{"href":"http:\/\/aeaf.edu.pt\/index.php?rest_route=%2Fwp%2Fv2%2Fmedia&parent=15230"}],"wp:term":[{"taxonomy":"category","embeddable":true,"href":"http:\/\/aeaf.edu.pt\/index.php?rest_route=%2Fwp%2Fv2%2Fcategories&post=15230"},{"taxonomy":"post_tag","embeddable":true,"href":"http:\/\/aeaf.edu.pt\/index.php?rest_route=%2Fwp%2Fv2%2Ftags&post=15230"}],"curies":[{"name":"wp","href":"https:\/\/api.w.org\/{rel}","templated":true}]}}