{"id":15244,"date":"2025-06-18T17:01:15","date_gmt":"2025-06-18T17:01:15","guid":{"rendered":"https:\/\/aeaf.edu.pt\/?p=15244"},"modified":"2025-07-25T10:05:28","modified_gmt":"2025-07-25T10:05:28","slug":"calendario-da-componente-oral-de-portugues-lingua-nao-materna-do-3o-ciclo-do-ensino-basico-esaf-2025","status":"publish","type":"post","link":"http:\/\/aeaf.edu.pt\/?p=15244","title":{"rendered":"Calend\u00e1rio da Componente Oral de Portugu\u00eas L\u00edngua N\u00e3o Materna do 3\u00ba Ciclo do Ensino B\u00e1sico- ESAF 2025"},"content":{"rendered":"\n<hr class=\"wp-block-separator\"\/>\n\n\n\n<div class=\"wp-block-file aligncenter\"><a href=\"https:\/\/aeaf.edu.pt\/wp-content\/uploads\/2025\/06\/Oral-93-PLNM-A2.pdf\" target=\"_blank\" rel=\"noreferrer noopener\"><strong><span class=\"has-inline-color has-black-color\"><u>Oral 93 &#8211; PLNM A2<\/u><\/span><\/strong><\/a><a href=\"https:\/\/aeaf.edu.pt\/wp-content\/uploads\/2025\/06\/Oral-93-PLNM-A2.pdf\" class=\"wp-block-file__button\" download>Descarregar<\/a><\/div>\n","protected":false},"excerpt":{"rendered":"","protected":false},"author":5,"featured_media":9991,"comment_status":"closed","ping_status":"closed","sticky":false,"template":"","format":"standard","meta":[],"categories":[33],"tags":[],"_links":{"self":[{"href":"http:\/\/aeaf.edu.pt\/index.php?rest_route=\/wp\/v2\/posts\/15244"}],"collection":[{"href":"http:\/\/aeaf.edu.pt\/index.php?rest_route=\/wp\/v2\/posts"}],"about":[{"href":"http:\/\/aeaf.edu.pt\/index.php?rest_route=\/wp\/v2\/types\/post"}],"author":[{"embeddable":true,"href":"http:\/\/aeaf.edu.pt\/index.php?rest_route=\/wp\/v2\/users\/5"}],"replies":[{"embeddable":true,"href":"http:\/\/aeaf.edu.pt\/index.php?rest_route=%2Fwp%2Fv2%2Fcomments&post=15244"}],"version-history":[{"count":1,"href":"http:\/\/aeaf.edu.pt\/index.php?rest_route=\/wp\/v2\/posts\/15244\/revisions"}],"predecessor-version":[{"id":15246,"href":"http:\/\/aeaf.edu.pt\/index.php?rest_route=\/wp\/v2\/posts\/15244\/revisions\/15246"}],"wp:featuredmedia":[{"embeddable":true,"href":"http:\/\/aeaf.edu.pt\/index.php?rest_route=\/wp\/v2\/media\/9991"}],"wp:attachment":[{"href":"http:\/\/aeaf.edu.pt\/index.php?rest_route=%2Fwp%2Fv2%2Fmedia&parent=15244"}],"wp:term":[{"taxonomy":"category","embeddable":true,"href":"http:\/\/aeaf.edu.pt\/index.php?rest_route=%2Fwp%2Fv2%2Fcategories&post=15244"},{"taxonomy":"post_tag","embeddable":true,"href":"http:\/\/aeaf.edu.pt\/index.php?rest_route=%2Fwp%2Fv2%2Ftags&post=15244"}],"curies":[{"name":"wp","href":"https:\/\/api.w.org\/{rel}","templated":true}]}}