{"id":15250,"date":"2025-06-23T17:32:12","date_gmt":"2025-06-23T17:32:12","guid":{"rendered":"https:\/\/aeaf.edu.pt\/?p=15250"},"modified":"2025-10-20T13:05:33","modified_gmt":"2025-10-20T13:05:33","slug":"aviso-professor-bibliotecario","status":"publish","type":"post","link":"http:\/\/aeaf.edu.pt\/?p=15250","title":{"rendered":"AVISO \u2013 PROFESSOR BIBLIOTEC\u00c1RIO"},"content":{"rendered":"\n<p class=\"has-text-align-center has-medium-font-size\"><strong><span class=\"has-inline-color has-black-color\">Procedimento Interno de Designa\u00e7\u00e3o<\/span><\/strong><\/p>\n\n\n\n<p>Nos termos da al\u00ednea d) do n.\u00ba4 do artigo 20.\u00ba do Decreto-Lei n.\u00ba 75\/2008, de 22 de abril, alterado pelos Decreto-lei n.\u00ba 224\/2009, de 11 de Setembro, e 137\/2012, de 2 de julho, e considerando os crit\u00e9rios constantes no artigo 5.\u00ba da Portaria 192-A\/2015, de 29 de junho, determina-se a abertura de um procedimento interno de designa\u00e7\u00e3o para o preenchimento de duas (2) vagas para as fun\u00e7\u00f5es de professor bibliotec\u00e1rio nas:<\/p>\n\n\n\n<p>&#8211; Biblioteca da ES Alcaides de Faria;<\/p>\n\n\n\n<p>&#8211; Bibliotecas do 1.\u00ba Ciclo;<\/p>\n\n\n\n<p>do Agrupamento de Escolas Alcaides de Faria.<\/p>\n\n\n\n<p class=\"has-text-align-right\"><strong>Nota<\/strong>: prazo limite de entrega da documenta\u00e7\u00e3o \u2013 conferir Circular<\/p>\n\n\n\n<hr class=\"wp-block-separator\"\/>\n\n\n\n<div class=\"wp-block-file aligncenter\"><a href=\"https:\/\/aeaf.edu.pt\/wp-content\/uploads\/2025\/06\/Circular-248-Candidatura-a-dois-2-lugares-de-professor-bibliotecario_signed.pdf\" target=\"_blank\" rel=\"noreferrer noopener\"><strong><span class=\"has-inline-color has-black-color\"><u>Circular 248 Candidatura a dois 2 lugares de professor bibliotec\u00e1rio signed<\/u><\/span><\/strong><\/a><a href=\"https:\/\/aeaf.edu.pt\/wp-content\/uploads\/2025\/06\/Circular-248-Candidatura-a-dois-2-lugares-de-professor-bibliotecario_signed.pdf\" class=\"wp-block-file__button\" download>Descarregar<\/a><\/div>\n\n\n\n<div class=\"wp-block-file aligncenter\"><a href=\"https:\/\/aeaf.edu.pt\/wp-content\/uploads\/2025\/06\/Minuta_de_declara_ao_de_interesse_2025.docx\" target=\"_blank\" rel=\"noreferrer noopener\"><strong><span class=\"has-inline-color has-black-color\"><u>Minuta de declara ao de interesse 2025<\/u><\/span><\/strong><\/a><a href=\"https:\/\/aeaf.edu.pt\/wp-content\/uploads\/2025\/06\/Minuta_de_declara_ao_de_interesse_2025.docx\" class=\"wp-block-file__button\" download>Descarregar<\/a><\/div>\n\n\n\n<div class=\"wp-block-file aligncenter\"><a href=\"https:\/\/aeaf.edu.pt\/wp-content\/uploads\/2025\/06\/Doc_Pontuacoes_Formacao_Bibliotecas_2025_06.xlsx\" target=\"_blank\" rel=\"noreferrer noopener\"><strong><span class=\"has-inline-color has-black-color\"><u>Doc Pontua\u00e7\u00f5es Forma\u00e7\u00e3o Bibliotecas 2025\/06<\/u><\/span><\/strong><\/a><a href=\"https:\/\/aeaf.edu.pt\/wp-content\/uploads\/2025\/06\/Doc_Pontuacoes_Formacao_Bibliotecas_2025_06.xlsx\" class=\"wp-block-file__button\" download>Descarregar<\/a><\/div>\n\n\n\n<div class=\"wp-block-file aligncenter\"><a href=\"https:\/\/aeaf.edu.pt\/wp-content\/uploads\/2025\/06\/Portaria192_A_2015.pdf\" target=\"_blank\" rel=\"noreferrer noopener\"><strong><span class=\"has-inline-color has-black-color\"><u>Portaria192 A _2015<\/u><\/span><\/strong><\/a><a href=\"https:\/\/aeaf.edu.pt\/wp-content\/uploads\/2025\/06\/Portaria192_A_2015.pdf\" class=\"wp-block-file__button\" download>Descarregar<\/a><\/div>\n","protected":false},"excerpt":{"rendered":"<p>Procedimento Interno de Designa\u00e7\u00e3o Nos termos da al\u00ednea d) do n.\u00ba4 do artigo 20.\u00ba do Decreto-Lei n.\u00ba 75\/2008, de 22 de abril, alterado pelos Decreto-lei n.\u00ba 224\/2009, de 11 de Setembro, e 137\/2012, de 2 de julho, e considerando os crit\u00e9rios constantes no artigo 5.\u00ba da Portaria 192-A\/2015, de 29 de junho, determina-se a abertura [&hellip;]<\/p>\n","protected":false},"author":5,"featured_media":10002,"comment_status":"closed","ping_status":"closed","sticky":false,"template":"","format":"standard","meta":[],"categories":[46],"tags":[],"_links":{"self":[{"href":"http:\/\/aeaf.edu.pt\/index.php?rest_route=\/wp\/v2\/posts\/15250"}],"collection":[{"href":"http:\/\/aeaf.edu.pt\/index.php?rest_route=\/wp\/v2\/posts"}],"about":[{"href":"http:\/\/aeaf.edu.pt\/index.php?rest_route=\/wp\/v2\/types\/post"}],"author":[{"embeddable":true,"href":"http:\/\/aeaf.edu.pt\/index.php?rest_route=\/wp\/v2\/users\/5"}],"replies":[{"embeddable":true,"href":"http:\/\/aeaf.edu.pt\/index.php?rest_route=%2Fwp%2Fv2%2Fcomments&post=15250"}],"version-history":[{"count":3,"href":"http:\/\/aeaf.edu.pt\/index.php?rest_route=\/wp\/v2\/posts\/15250\/revisions"}],"predecessor-version":[{"id":15257,"href":"http:\/\/aeaf.edu.pt\/index.php?rest_route=\/wp\/v2\/posts\/15250\/revisions\/15257"}],"wp:featuredmedia":[{"embeddable":true,"href":"http:\/\/aeaf.edu.pt\/index.php?rest_route=\/wp\/v2\/media\/10002"}],"wp:attachment":[{"href":"http:\/\/aeaf.edu.pt\/index.php?rest_route=%2Fwp%2Fv2%2Fmedia&parent=15250"}],"wp:term":[{"taxonomy":"category","embeddable":true,"href":"http:\/\/aeaf.edu.pt\/index.php?rest_route=%2Fwp%2Fv2%2Fcategories&post=15250"},{"taxonomy":"post_tag","embeddable":true,"href":"http:\/\/aeaf.edu.pt\/index.php?rest_route=%2Fwp%2Fv2%2Ftags&post=15250"}],"curies":[{"name":"wp","href":"https:\/\/api.w.org\/{rel}","templated":true}]}}