{"id":15259,"date":"2025-06-24T10:08:40","date_gmt":"2025-06-24T10:08:40","guid":{"rendered":"https:\/\/aeaf.edu.pt\/?p=15259"},"modified":"2026-03-02T17:48:05","modified_gmt":"2026-03-02T17:48:05","slug":"aviso-devolucao-do-kit-tecnologico","status":"publish","type":"post","link":"http:\/\/aeaf.edu.pt\/?p=15259","title":{"rendered":"AVISO &#8211; Devolu\u00e7\u00e3o do kit tecnol\u00f3gico"},"content":{"rendered":"\n<p>Informa-se todos os alunos e\/ou encarregados de educa\u00e7\u00e3o que, no \u00e2mbito do Programa Escola Digital do Minist\u00e9rio da Educa\u00e7\u00e3o, os alunos que conclu\u00edram o <strong>4\u00ba, 6\u00ba, 9\u00ba<\/strong> e o <strong>12\u00ba ano<\/strong> de escolaridade, bem como os alunos que ir\u00e3o proceder \u00e0 mudan\u00e7a de estabelecimento de ensino, devem proceder \u00e0 devolu\u00e7\u00e3o do respetivo <strong>kit tecnol\u00f3gico<\/strong> [<strong>computador port\u00e1til, hotspot, cabos, cart\u00e3o SIM, PIN e PUK e Router (quando n\u00e3o integrado)<\/strong>].<br><\/p>\n\n\n\n<p>A devolu\u00e7\u00e3o dever\u00e1 ser efetuada nos dias:<\/p>\n\n\n\n<figure class=\"wp-block-table\"><table><tbody><tr><td class=\"has-text-align-center\" data-align=\"center\"><strong>Dias<\/strong><\/td><td class=\"has-text-align-center\" data-align=\"center\"><strong>Horas<\/strong><\/td><td class=\"has-text-align-center\" data-align=\"center\"><strong>Local<\/strong><\/td><\/tr><tr><td class=\"has-text-align-center\" data-align=\"center\"><br> <strong>3<\/strong> e <strong>4<\/strong> de julho de 2025 <\/td><td class=\"has-text-align-center\" data-align=\"center\"> <strong>9h00 &#8211; 12h00<\/strong><br> e das <br><strong>14h00 \u2013 17h00<\/strong> <\/td><td class=\"has-text-align-center\" data-align=\"center\"> <br>Polivalente da <strong>ESAF<\/strong><\/td><\/tr><\/tbody><\/table><\/figure>\n\n\n\n<hr class=\"wp-block-separator\"\/>\n\n\n\n<div class=\"wp-block-file aligncenter\"><a href=\"https:\/\/aeaf.edu.pt\/wp-content\/uploads\/2025\/06\/circular-249-Entrega-dos-Kits-Digitais.pdf\" target=\"_blank\" rel=\"noreferrer noopener\"><strong><span class=\"has-inline-color has-black-color\"><u>circular 249 &#8211; Entrega dos Kits Digitais<\/u><\/span><\/strong><\/a><a href=\"https:\/\/aeaf.edu.pt\/wp-content\/uploads\/2025\/06\/circular-249-Entrega-dos-Kits-Digitais.pdf\" class=\"wp-block-file__button\" download>Descarregar<\/a><\/div>\n","protected":false},"excerpt":{"rendered":"<p>Informa-se todos os alunos e\/ou encarregados de educa\u00e7\u00e3o que, no \u00e2mbito do Programa Escola Digital do Minist\u00e9rio da Educa\u00e7\u00e3o, os alunos que conclu\u00edram o 4\u00ba, 6\u00ba, 9\u00ba e o 12\u00ba ano de escolaridade, bem como os alunos que ir\u00e3o proceder \u00e0 mudan\u00e7a de estabelecimento de ensino, devem proceder \u00e0 devolu\u00e7\u00e3o do respetivo kit tecnol\u00f3gico [computador [&hellip;]<\/p>\n","protected":false},"author":5,"featured_media":9991,"comment_status":"closed","ping_status":"closed","sticky":false,"template":"","format":"standard","meta":[],"categories":[33],"tags":[],"_links":{"self":[{"href":"http:\/\/aeaf.edu.pt\/index.php?rest_route=\/wp\/v2\/posts\/15259"}],"collection":[{"href":"http:\/\/aeaf.edu.pt\/index.php?rest_route=\/wp\/v2\/posts"}],"about":[{"href":"http:\/\/aeaf.edu.pt\/index.php?rest_route=\/wp\/v2\/types\/post"}],"author":[{"embeddable":true,"href":"http:\/\/aeaf.edu.pt\/index.php?rest_route=\/wp\/v2\/users\/5"}],"replies":[{"embeddable":true,"href":"http:\/\/aeaf.edu.pt\/index.php?rest_route=%2Fwp%2Fv2%2Fcomments&post=15259"}],"version-history":[{"count":6,"href":"http:\/\/aeaf.edu.pt\/index.php?rest_route=\/wp\/v2\/posts\/15259\/revisions"}],"predecessor-version":[{"id":15267,"href":"http:\/\/aeaf.edu.pt\/index.php?rest_route=\/wp\/v2\/posts\/15259\/revisions\/15267"}],"wp:featuredmedia":[{"embeddable":true,"href":"http:\/\/aeaf.edu.pt\/index.php?rest_route=\/wp\/v2\/media\/9991"}],"wp:attachment":[{"href":"http:\/\/aeaf.edu.pt\/index.php?rest_route=%2Fwp%2Fv2%2Fmedia&parent=15259"}],"wp:term":[{"taxonomy":"category","embeddable":true,"href":"http:\/\/aeaf.edu.pt\/index.php?rest_route=%2Fwp%2Fv2%2Fcategories&post=15259"},{"taxonomy":"post_tag","embeddable":true,"href":"http:\/\/aeaf.edu.pt\/index.php?rest_route=%2Fwp%2Fv2%2Ftags&post=15259"}],"curies":[{"name":"wp","href":"https:\/\/api.w.org\/{rel}","templated":true}]}}