{"id":15281,"date":"2025-06-30T11:33:42","date_gmt":"2025-06-30T11:33:42","guid":{"rendered":"https:\/\/aeaf.edu.pt\/?p=15281"},"modified":"2025-06-30T11:34:36","modified_gmt":"2025-06-30T11:34:36","slug":"aviso-transportes-escolares-aeaf-2025-2026","status":"publish","type":"post","link":"http:\/\/aeaf.edu.pt\/?p=15281","title":{"rendered":"AVISO \u2013 Transportes escolares AEAF 2025\/2026"},"content":{"rendered":"\n<p class=\"has-text-align-center has-medium-font-size\"><strong>Pedido de Transporte Escolar pela 1\u00aa vez<\/strong> <\/p>\n\n\n\n<p class=\"has-text-align-center\">(Informa\u00e7\u00e3o recebida da C\u00e2mara Municipal de Barcelos)<\/p>\n\n\n\n<p>De acordo com informa\u00e7\u00e3o veiculada pelos servi\u00e7os da Divis\u00e3o de Mobilidade Urbana da C\u00e2mara Municipal de Barcelos, informa-se que os alunos, residentes no Munic\u00edpio de Barcelos, <strong>que pretendam, pela primeira vez, utilizar como meio de transporte<\/strong>, nas suas desloca\u00e7\u00f5es casa-escola, escola-casa, <strong>o transporte p\u00fablico rodovi\u00e1rio de passageiros<\/strong>, dever\u00e3o <strong>proceder \u00e0 aquisi\u00e7\u00e3o de cart\u00e3o de acesso (passe), de forma gratuita<\/strong>. Para isso, devem dirigir-se \u00e0 <strong>bilheteira do operador Minho Bus (Transdev) em Barcelos<\/strong>. O pedido de aquisi\u00e7\u00e3o do cart\u00e3o de acesso (passe) \u00e9 efetuado mediante o preenchimento de um requerimento-tipo (em anexo) devidamente assinado pelo Encarregado de Educa\u00e7\u00e3o do aluno requisitante, devendo obrigatoriamente fazer-se acompanhar de fotografia tipo \u201cpasse\u201d em formato digital.<\/p>\n\n\n\n<p class=\"has-text-align-right\">A Dire\u00e7\u00e3o do AEAF<\/p>\n\n\n\n<hr class=\"wp-block-separator\"\/>\n\n\n\n<div class=\"wp-block-file\"><a href=\"https:\/\/aeaf.edu.pt\/wp-content\/uploads\/2025\/06\/Requerimento-Passe-Gratuito-25-26.pdf\" target=\"_blank\" rel=\"noreferrer noopener\"><strong><span class=\"has-inline-color has-black-color\"><u>Requerimento Passe Gratuito &#8211; 25\/26<\/u><\/span><\/strong><\/a><a href=\"https:\/\/aeaf.edu.pt\/wp-content\/uploads\/2025\/06\/Requerimento-Passe-Gratuito-25-26.pdf\" class=\"wp-block-file__button\" download>Descarregar<\/a><\/div>\n","protected":false},"excerpt":{"rendered":"<p>Pedido de Transporte Escolar pela 1\u00aa vez (Informa\u00e7\u00e3o recebida da C\u00e2mara Municipal de Barcelos) De acordo com informa\u00e7\u00e3o veiculada pelos servi\u00e7os da Divis\u00e3o de Mobilidade Urbana da C\u00e2mara Municipal de Barcelos, informa-se que os alunos, residentes no Munic\u00edpio de Barcelos, que pretendam, pela primeira vez, utilizar como meio de transporte, nas suas desloca\u00e7\u00f5es casa-escola, escola-casa, [&hellip;]<\/p>\n","protected":false},"author":5,"featured_media":10002,"comment_status":"closed","ping_status":"closed","sticky":false,"template":"","format":"standard","meta":[],"categories":[33,16],"tags":[],"_links":{"self":[{"href":"http:\/\/aeaf.edu.pt\/index.php?rest_route=\/wp\/v2\/posts\/15281"}],"collection":[{"href":"http:\/\/aeaf.edu.pt\/index.php?rest_route=\/wp\/v2\/posts"}],"about":[{"href":"http:\/\/aeaf.edu.pt\/index.php?rest_route=\/wp\/v2\/types\/post"}],"author":[{"embeddable":true,"href":"http:\/\/aeaf.edu.pt\/index.php?rest_route=\/wp\/v2\/users\/5"}],"replies":[{"embeddable":true,"href":"http:\/\/aeaf.edu.pt\/index.php?rest_route=%2Fwp%2Fv2%2Fcomments&post=15281"}],"version-history":[{"count":3,"href":"http:\/\/aeaf.edu.pt\/index.php?rest_route=\/wp\/v2\/posts\/15281\/revisions"}],"predecessor-version":[{"id":15285,"href":"http:\/\/aeaf.edu.pt\/index.php?rest_route=\/wp\/v2\/posts\/15281\/revisions\/15285"}],"wp:featuredmedia":[{"embeddable":true,"href":"http:\/\/aeaf.edu.pt\/index.php?rest_route=\/wp\/v2\/media\/10002"}],"wp:attachment":[{"href":"http:\/\/aeaf.edu.pt\/index.php?rest_route=%2Fwp%2Fv2%2Fmedia&parent=15281"}],"wp:term":[{"taxonomy":"category","embeddable":true,"href":"http:\/\/aeaf.edu.pt\/index.php?rest_route=%2Fwp%2Fv2%2Fcategories&post=15281"},{"taxonomy":"post_tag","embeddable":true,"href":"http:\/\/aeaf.edu.pt\/index.php?rest_route=%2Fwp%2Fv2%2Ftags&post=15281"}],"curies":[{"name":"wp","href":"https:\/\/api.w.org\/{rel}","templated":true}]}}