{"id":15318,"date":"2025-07-16T22:37:54","date_gmt":"2025-07-16T22:37:54","guid":{"rendered":"https:\/\/aeaf.edu.pt\/?p=15318"},"modified":"2025-07-16T22:37:55","modified_gmt":"2025-07-16T22:37:55","slug":"musical-camoes-um-desafio-a-cooperacao","status":"publish","type":"post","link":"http:\/\/aeaf.edu.pt\/?p=15318","title":{"rendered":"Musical Cam\u00f5es \u2013 um desafio \u00e0 coopera\u00e7\u00e3o"},"content":{"rendered":"\n<p>Mais de 80 bailarinos, quatro atores, membros do clube de m\u00fasica, coordenados por 10 professores do Agrupamento, deram vida ao Pr\u00edncipe dos Poetas, 500 anos depois do seu nascimento, projetando-o como \u201calma universal\u201d a partir da Sala Multiusos da ESAF.<\/p>\n\n\n\n<p>Durante 70 minutos e com a ajuda de uma jovem sa\u00edda do p\u00fablico, Cam\u00f5es desafia os espectadores a embarcar na grande nau, num novo e ousado objetivo. Pesaroso no in\u00edcio, o poeta vai aliviando o peso da idade e passa a acreditar que realmente continua vivo em cada falante de portugu\u00eas, confrontando mesmo o Velho do Restelo da fila da frente.<\/p>\n\n\n\n<p>Quinze m\u00fasicas, dez delas in\u00e9ditas e com letras originais alusivas \u00e0 celebra\u00e7\u00e3o de Cam\u00f5es, \u201cmagistralmente\u201d coreografadas, foram evocando momentos l\u00edricos e lend\u00e1rios do \u201cgrande Lu\u00eds\u201d, culminando numa apoteose r\u00edtmica que uniu participantes e espectadores em torno do \u201c\u00e9pico do povo\u201d, para um futuro grandioso.<\/p>\n\n\n\n<p>No final, a Diretora do Agrupamento destacou o empenho e colabora\u00e7\u00e3o de todos os envolvidos, salientando a import\u00e2ncia da abertura da Escola \u00e0 comunidade e a novos projetos.<\/p>\n\n\n\n<figure class=\"wp-block-gallery columns-2 is-cropped\"><ul class=\"blocks-gallery-grid\"><li class=\"blocks-gallery-item\"><figure><a href=\"https:\/\/aeaf.edu.pt\/wp-content\/uploads\/2025\/07\/IMG_0163-scaled.jpg\"><img loading=\"lazy\" width=\"1030\" height=\"687\" src=\"https:\/\/aeaf.edu.pt\/wp-content\/uploads\/2025\/07\/IMG_0163-1030x687.jpg\" alt=\"\" data-id=\"15321\" data-full-url=\"https:\/\/aeaf.edu.pt\/wp-content\/uploads\/2025\/07\/IMG_0163-scaled.jpg\" data-link=\"https:\/\/aeaf.edu.pt\/?attachment_id=15321\" class=\"wp-image-15321\" srcset=\"http:\/\/aeaf.edu.pt\/wp-content\/uploads\/2025\/07\/IMG_0163-1030x687.jpg 1030w, http:\/\/aeaf.edu.pt\/wp-content\/uploads\/2025\/07\/IMG_0163-300x200.jpg 300w, http:\/\/aeaf.edu.pt\/wp-content\/uploads\/2025\/07\/IMG_0163-768x512.jpg 768w, http:\/\/aeaf.edu.pt\/wp-content\/uploads\/2025\/07\/IMG_0163-1536x1024.jpg 1536w, http:\/\/aeaf.edu.pt\/wp-content\/uploads\/2025\/07\/IMG_0163-2048x1365.jpg 2048w, http:\/\/aeaf.edu.pt\/wp-content\/uploads\/2025\/07\/IMG_0163-1500x1000.jpg 1500w, http:\/\/aeaf.edu.pt\/wp-content\/uploads\/2025\/07\/IMG_0163-705x470.jpg 705w, http:\/\/aeaf.edu.pt\/wp-content\/uploads\/2025\/07\/IMG_0163-450x300.jpg 450w\" sizes=\"(max-width: 1030px) 100vw, 1030px\" \/><\/a><\/figure><\/li><li class=\"blocks-gallery-item\"><figure><a href=\"https:\/\/aeaf.edu.pt\/wp-content\/uploads\/2025\/07\/IMG_0174-2-scaled.jpg\"><img loading=\"lazy\" width=\"808\" height=\"1030\" src=\"https:\/\/aeaf.edu.pt\/wp-content\/uploads\/2025\/07\/IMG_0174-2-808x1030.jpg\" alt=\"\" data-id=\"15322\" data-full-url=\"https:\/\/aeaf.edu.pt\/wp-content\/uploads\/2025\/07\/IMG_0174-2-scaled.jpg\" data-link=\"https:\/\/aeaf.edu.pt\/?attachment_id=15322\" class=\"wp-image-15322\" srcset=\"http:\/\/aeaf.edu.pt\/wp-content\/uploads\/2025\/07\/IMG_0174-2-808x1030.jpg 808w, http:\/\/aeaf.edu.pt\/wp-content\/uploads\/2025\/07\/IMG_0174-2-235x300.jpg 235w, http:\/\/aeaf.edu.pt\/wp-content\/uploads\/2025\/07\/IMG_0174-2-768x980.jpg 768w, http:\/\/aeaf.edu.pt\/wp-content\/uploads\/2025\/07\/IMG_0174-2-1204x1536.jpg 1204w, http:\/\/aeaf.edu.pt\/wp-content\/uploads\/2025\/07\/IMG_0174-2-1606x2048.jpg 1606w, http:\/\/aeaf.edu.pt\/wp-content\/uploads\/2025\/07\/IMG_0174-2-1176x1500.jpg 1176w, http:\/\/aeaf.edu.pt\/wp-content\/uploads\/2025\/07\/IMG_0174-2-553x705.jpg 553w, http:\/\/aeaf.edu.pt\/wp-content\/uploads\/2025\/07\/IMG_0174-2-450x574.jpg 450w, http:\/\/aeaf.edu.pt\/wp-content\/uploads\/2025\/07\/IMG_0174-2-scaled.jpg 2007w\" sizes=\"(max-width: 808px) 100vw, 808px\" \/><\/a><\/figure><\/li><\/ul><\/figure>\n","protected":false},"excerpt":{"rendered":"<p>Mais de 80 bailarinos, quatro atores, membros do clube de m\u00fasica, coordenados por 10 professores do Agrupamento, deram vida ao Pr\u00edncipe dos Poetas, 500 anos depois do seu nascimento, projetando-o como \u201calma universal\u201d a partir da Sala Multiusos da ESAF. Durante 70 minutos e com a ajuda de uma jovem sa\u00edda do p\u00fablico, Cam\u00f5es desafia [&hellip;]<\/p>\n","protected":false},"author":5,"featured_media":9991,"comment_status":"closed","ping_status":"closed","sticky":false,"template":"","format":"standard","meta":[],"categories":[1],"tags":[],"_links":{"self":[{"href":"http:\/\/aeaf.edu.pt\/index.php?rest_route=\/wp\/v2\/posts\/15318"}],"collection":[{"href":"http:\/\/aeaf.edu.pt\/index.php?rest_route=\/wp\/v2\/posts"}],"about":[{"href":"http:\/\/aeaf.edu.pt\/index.php?rest_route=\/wp\/v2\/types\/post"}],"author":[{"embeddable":true,"href":"http:\/\/aeaf.edu.pt\/index.php?rest_route=\/wp\/v2\/users\/5"}],"replies":[{"embeddable":true,"href":"http:\/\/aeaf.edu.pt\/index.php?rest_route=%2Fwp%2Fv2%2Fcomments&post=15318"}],"version-history":[{"count":3,"href":"http:\/\/aeaf.edu.pt\/index.php?rest_route=\/wp\/v2\/posts\/15318\/revisions"}],"predecessor-version":[{"id":15323,"href":"http:\/\/aeaf.edu.pt\/index.php?rest_route=\/wp\/v2\/posts\/15318\/revisions\/15323"}],"wp:featuredmedia":[{"embeddable":true,"href":"http:\/\/aeaf.edu.pt\/index.php?rest_route=\/wp\/v2\/media\/9991"}],"wp:attachment":[{"href":"http:\/\/aeaf.edu.pt\/index.php?rest_route=%2Fwp%2Fv2%2Fmedia&parent=15318"}],"wp:term":[{"taxonomy":"category","embeddable":true,"href":"http:\/\/aeaf.edu.pt\/index.php?rest_route=%2Fwp%2Fv2%2Fcategories&post=15318"},{"taxonomy":"post_tag","embeddable":true,"href":"http:\/\/aeaf.edu.pt\/index.php?rest_route=%2Fwp%2Fv2%2Ftags&post=15318"}],"curies":[{"name":"wp","href":"https:\/\/api.w.org\/{rel}","templated":true}]}}