{"id":15540,"date":"2025-12-04T14:42:00","date_gmt":"2025-12-04T14:42:00","guid":{"rendered":"https:\/\/aeaf.edu.pt\/?p=15540"},"modified":"2026-03-02T17:35:55","modified_gmt":"2026-03-02T17:35:55","slug":"aviso-de-abertura-de-concurso-para-diretor-do-centro-de-formacao-da-associacao-de-escolas-dos-concelhos-de-barcelos-e-esposende","status":"publish","type":"post","link":"http:\/\/aeaf.edu.pt\/?p=15540","title":{"rendered":"Aviso de abertura de concurso para Diretor do Centro de Forma\u00e7\u00e3o da Associa\u00e7\u00e3o de Escolas dos Concelhos de Barcelos e Esposende"},"content":{"rendered":"\n<hr class=\"wp-block-separator\"\/>\n\n\n\n<div class=\"wp-block-file aligncenter\"><a href=\"https:\/\/aeaf.edu.pt\/wp-content\/uploads\/2026\/01\/Lista-Graduada-Definitiva.pdf\" target=\"_blank\" rel=\"noreferrer noopener\"><strong><span class=\"has-inline-color has-black-color\"><u>Lista Graduada Definitiva<\/u><\/span><\/strong><\/a><a href=\"https:\/\/aeaf.edu.pt\/wp-content\/uploads\/2026\/01\/Lista-Graduada-Definitiva.pdf\" class=\"wp-block-file__button\" download>Descarregar<\/a><\/div>\n\n\n\n<div style=\"height:34px\" aria-hidden=\"true\" class=\"wp-block-spacer\"><\/div>\n\n\n\n<hr class=\"wp-block-separator\"\/>\n\n\n\n<div class=\"wp-block-file aligncenter\"><a href=\"https:\/\/aeaf.edu.pt\/wp-content\/uploads\/2025\/12\/Lista_Graduada-Provisoria.pdf\" target=\"_blank\" rel=\"noreferrer noopener\"><strong><span class=\"has-inline-color has-black-color\"><u>Lista Graduada Provis\u00f3ria<\/u><\/span><\/strong><\/a><a href=\"https:\/\/aeaf.edu.pt\/wp-content\/uploads\/2025\/12\/Lista_Graduada-Provisoria.pdf\" class=\"wp-block-file__button\" download>Descarregar<\/a><\/div>\n\n\n\n<hr class=\"wp-block-separator\"\/>\n\n\n\n<div class=\"wp-block-file aligncenter\"><a href=\"https:\/\/aeaf.edu.pt\/wp-content\/uploads\/2025\/11\/Lista-Provisoria-Admitidos-03-11-2025.pdf\" target=\"_blank\" rel=\"noreferrer noopener\"><strong><span class=\"has-inline-color has-black-color\"><u>Lista Provis\u00f3ria Admitidos 03-11-2025<\/u><\/span><\/strong><\/a><a href=\"https:\/\/aeaf.edu.pt\/wp-content\/uploads\/2025\/11\/Lista-Provisoria-Admitidos-03-11-2025.pdf\" class=\"wp-block-file__button\" download>Descarregar<\/a><\/div>\n\n\n\n<hr class=\"wp-block-separator\"\/>\n\n\n\n<div style=\"height:34px\" aria-hidden=\"true\" class=\"wp-block-spacer\"><\/div>\n\n\n\n<p>Torna-se p\u00fablico que, ao abrigo do Decreto-Lei n.\u00ba 22\/2014, de 11 de fevereiro, que define o novo Regime Jur\u00eddico da Forma\u00e7\u00e3o Continua de Professores, em conjuga\u00e7\u00e3o com o Decreto-Lei n.\u00ba 127\/2015, de 7 de julho, est\u00e1 aberto, pelo prazo de 10 dias \u00fateis ap\u00f3s a publica\u00e7\u00e3o do presente aviso, o concurso para Diretor do Centro de Forma\u00e7\u00e3o da Associa\u00e7\u00e3o de Escolas dos Concelhos de Barcelos e Esposende (CFAEBE), que tem sede na Escola Secund\u00e1ria de Barcelos \u2014 Agrupamento de Escolas de Barcelos.<\/p>\n\n\n\n<div class=\"wp-block-file aligncenter\"><a href=\"https:\/\/aeaf.edu.pt\/wp-content\/uploads\/2025\/10\/DR-Aviso-n.o-24616-2025-2.pdf\" target=\"_blank\" rel=\"noreferrer noopener\"><strong><span class=\"has-inline-color has-black-color\"><u>DR &#8211; Aviso &#8211; n\u00ba 24616-2025-2<\/u><\/span><\/strong><\/a><a href=\"https:\/\/aeaf.edu.pt\/wp-content\/uploads\/2025\/10\/DR-Aviso-n.o-24616-2025-2.pdf\" class=\"wp-block-file__button\" download>Descarregar<\/a><\/div>\n\n\n\n<div class=\"wp-block-file aligncenter\"><a href=\"https:\/\/aeaf.edu.pt\/wp-content\/uploads\/2025\/10\/Regulamento-CFAEBE-2025-aprovado.pdf\" target=\"_blank\" rel=\"noreferrer noopener\"><strong><span class=\"has-inline-color has-black-color\"><u>Regulamento CFAEBE &#8211; 2025 &#8211; Aprovado<\/u><\/span><\/strong><\/a><a href=\"https:\/\/aeaf.edu.pt\/wp-content\/uploads\/2025\/10\/Regulamento-CFAEBE-2025-aprovado.pdf\" class=\"wp-block-file__button\" download>Descarregar<\/a><\/div>\n\n\n\n<div class=\"wp-block-file aligncenter\"><a href=\"https:\/\/aeaf.edu.pt\/wp-content\/uploads\/2025\/10\/Requerimento_candidatura_modelo.pdf\" target=\"_blank\" rel=\"noreferrer noopener\"><strong><span class=\"has-inline-color has-black-color\"><u>Requerimento Candidatura &#8211; Modelo<\/u><\/span><\/strong><\/a><a href=\"https:\/\/aeaf.edu.pt\/wp-content\/uploads\/2025\/10\/Requerimento_candidatura_modelo.pdf\" class=\"wp-block-file__button\" download>Descarregar<\/a><\/div>\n","protected":false},"excerpt":{"rendered":"<p>Torna-se p\u00fablico que, ao abrigo do Decreto-Lei n.\u00ba 22\/2014, de 11 de fevereiro, que define o novo Regime Jur\u00eddico da Forma\u00e7\u00e3o Continua de Professores, em conjuga\u00e7\u00e3o com o Decreto-Lei n.\u00ba 127\/2015, de 7 de julho, est\u00e1 aberto, pelo prazo de 10 dias \u00fateis ap\u00f3s a publica\u00e7\u00e3o do presente aviso, o concurso para Diretor do Centro [&hellip;]<\/p>\n","protected":false},"author":5,"featured_media":9991,"comment_status":"closed","ping_status":"closed","sticky":false,"template":"","format":"standard","meta":[],"categories":[46,33],"tags":[],"_links":{"self":[{"href":"http:\/\/aeaf.edu.pt\/index.php?rest_route=\/wp\/v2\/posts\/15540"}],"collection":[{"href":"http:\/\/aeaf.edu.pt\/index.php?rest_route=\/wp\/v2\/posts"}],"about":[{"href":"http:\/\/aeaf.edu.pt\/index.php?rest_route=\/wp\/v2\/types\/post"}],"author":[{"embeddable":true,"href":"http:\/\/aeaf.edu.pt\/index.php?rest_route=\/wp\/v2\/users\/5"}],"replies":[{"embeddable":true,"href":"http:\/\/aeaf.edu.pt\/index.php?rest_route=%2Fwp%2Fv2%2Fcomments&post=15540"}],"version-history":[{"count":6,"href":"http:\/\/aeaf.edu.pt\/index.php?rest_route=\/wp\/v2\/posts\/15540\/revisions"}],"predecessor-version":[{"id":15936,"href":"http:\/\/aeaf.edu.pt\/index.php?rest_route=\/wp\/v2\/posts\/15540\/revisions\/15936"}],"wp:featuredmedia":[{"embeddable":true,"href":"http:\/\/aeaf.edu.pt\/index.php?rest_route=\/wp\/v2\/media\/9991"}],"wp:attachment":[{"href":"http:\/\/aeaf.edu.pt\/index.php?rest_route=%2Fwp%2Fv2%2Fmedia&parent=15540"}],"wp:term":[{"taxonomy":"category","embeddable":true,"href":"http:\/\/aeaf.edu.pt\/index.php?rest_route=%2Fwp%2Fv2%2Fcategories&post=15540"},{"taxonomy":"post_tag","embeddable":true,"href":"http:\/\/aeaf.edu.pt\/index.php?rest_route=%2Fwp%2Fv2%2Ftags&post=15540"}],"curies":[{"name":"wp","href":"https:\/\/api.w.org\/{rel}","templated":true}]}}