{"id":16177,"date":"2026-04-23T14:51:00","date_gmt":"2026-04-23T14:51:00","guid":{"rendered":"https:\/\/aeaf.edu.pt\/?p=16177"},"modified":"2026-04-30T14:52:48","modified_gmt":"2026-04-30T14:52:48","slug":"abertura-de-concurso-para-o-grupo-de-recrutamento-110-horario-n-o-78","status":"publish","type":"post","link":"http:\/\/aeaf.edu.pt\/?p=16177","title":{"rendered":"Abertura de Concurso para o Grupo de Recrutamento 110 &#8211; Hor\u00e1rio n.\u00ba 78"},"content":{"rendered":"\n<hr class=\"wp-block-separator\"\/>\n\n\n\n<p>Nos termos do disposto Decreto-Lei n.\u00ba 32-A\/2023, de 8 de maio, torna-se p\u00fablico que por despacho da Diretora do Agrupamento de Escolas Alcaides de Faria, do dia 23 de abril de 2026, se encontra aberto, pelo prazo de 3 dias \u00fateis, o procedimento concursal para o preenchimento de 1 (uma) vaga na categoria de Professor.<\/p>\n\n\n\n<p>.<\/p>\n\n\n\n<hr class=\"wp-block-separator\"\/>\n\n\n\n<div class=\"wp-block-file aligncenter\"><a href=\"https:\/\/aeaf.edu.pt\/wp-content\/uploads\/2026\/04\/Edital-40-GR-110-Horario-78.pdf\" target=\"_blank\" rel=\"noreferrer noopener\"><strong><span class=\"has-inline-color has-black-color\"><u>Edital 40 GR 110 &#8211; Hor\u00e1rio 78<\/u><\/span><\/strong><\/a><a href=\"https:\/\/aeaf.edu.pt\/wp-content\/uploads\/2026\/04\/Edital-40-GR-110-Horario-78.pdf\" class=\"wp-block-file__button\" download>Descarregar<\/a><\/div>\n\n\n\n<hr class=\"wp-block-separator\"\/>\n\n\n\n<div class=\"wp-block-file aligncenter\"><a href=\"https:\/\/aeaf.edu.pt\/wp-content\/uploads\/2026\/04\/Horario-78-Contratacao-de-Escola.pdf\" target=\"_blank\" rel=\"noreferrer noopener\"><strong><span class=\"has-inline-color has-black-color\"><u>Hor\u00e1rio 78 &#8211; Contrata\u00e7\u00e3o de Escola<\/u><\/span><\/strong><\/a><a href=\"https:\/\/aeaf.edu.pt\/wp-content\/uploads\/2026\/04\/Horario-78-Contratacao-de-Escola.pdf\" class=\"wp-block-file__button\" download>Descarregar<\/a><\/div>\n","protected":false},"excerpt":{"rendered":"<p>Nos termos do disposto Decreto-Lei n.\u00ba 32-A\/2023, de 8 de maio, torna-se p\u00fablico que por despacho da Diretora do Agrupamento de Escolas Alcaides de Faria, do dia 23 de abril de 2026, se encontra aberto, pelo prazo de 3 dias \u00fateis, o procedimento concursal para o preenchimento de 1 (uma) vaga na categoria de Professor. [&hellip;]<\/p>\n","protected":false},"author":5,"featured_media":10002,"comment_status":"closed","ping_status":"closed","sticky":false,"template":"","format":"standard","meta":[],"categories":[46,16],"tags":[],"_links":{"self":[{"href":"http:\/\/aeaf.edu.pt\/index.php?rest_route=\/wp\/v2\/posts\/16177"}],"collection":[{"href":"http:\/\/aeaf.edu.pt\/index.php?rest_route=\/wp\/v2\/posts"}],"about":[{"href":"http:\/\/aeaf.edu.pt\/index.php?rest_route=\/wp\/v2\/types\/post"}],"author":[{"embeddable":true,"href":"http:\/\/aeaf.edu.pt\/index.php?rest_route=\/wp\/v2\/users\/5"}],"replies":[{"embeddable":true,"href":"http:\/\/aeaf.edu.pt\/index.php?rest_route=%2Fwp%2Fv2%2Fcomments&post=16177"}],"version-history":[{"count":2,"href":"http:\/\/aeaf.edu.pt\/index.php?rest_route=\/wp\/v2\/posts\/16177\/revisions"}],"predecessor-version":[{"id":16182,"href":"http:\/\/aeaf.edu.pt\/index.php?rest_route=\/wp\/v2\/posts\/16177\/revisions\/16182"}],"wp:featuredmedia":[{"embeddable":true,"href":"http:\/\/aeaf.edu.pt\/index.php?rest_route=\/wp\/v2\/media\/10002"}],"wp:attachment":[{"href":"http:\/\/aeaf.edu.pt\/index.php?rest_route=%2Fwp%2Fv2%2Fmedia&parent=16177"}],"wp:term":[{"taxonomy":"category","embeddable":true,"href":"http:\/\/aeaf.edu.pt\/index.php?rest_route=%2Fwp%2Fv2%2Fcategories&post=16177"},{"taxonomy":"post_tag","embeddable":true,"href":"http:\/\/aeaf.edu.pt\/index.php?rest_route=%2Fwp%2Fv2%2Ftags&post=16177"}],"curies":[{"name":"wp","href":"https:\/\/api.w.org\/{rel}","templated":true}]}}