{"id":4603,"date":"2015-05-27T00:22:50","date_gmt":"2015-05-27T00:22:50","guid":{"rendered":"http:\/\/aeaf.edu.pt\/?p=4603"},"modified":"2015-08-18T12:07:37","modified_gmt":"2015-08-18T12:07:37","slug":"eleicao-de-quatro-elementos-das-associacoes-de-pais-e-encarregados-de-educacao-para-o-conselho-geral","status":"publish","type":"post","link":"http:\/\/aeaf.edu.pt\/?p=4603","title":{"rendered":"Elei\u00e7\u00e3o de quatro elementos das Associa\u00e7\u00f5es de Pais e Encarregados de Educa\u00e7\u00e3o para o Conselho Geral"},"content":{"rendered":"<p style=\"text-align: center;\"><strong><span style=\"color: #000000;\">Proposta para ser submetida a elei\u00e7\u00e3o[1] em assembleia geral de Pais e Encarregados de Educa\u00e7\u00e3o a realizar no dia 5 de junho, \u00e0s 19h00, no audit\u00f3rio da Escola secund\u00e1ria Alcaides de Faria.<\/span><\/strong><\/p>\n<table style=\"height: 527px;\" width=\"1026\">\n<tbody>\n<tr>\n<td width=\"264\">\n<h4 style=\"text-align: center;\"><strong>ASSOCIA\u00c7\u00c3O<\/strong><\/h4>\n<\/td>\n<td style=\"text-align: center;\" width=\"331\">\n<h4><strong>CONDI\u00c7\u00c3O<\/strong><\/h4>\n<\/td>\n<\/tr>\n<tr>\n<td width=\"264\">Associa\u00e7\u00e3o de Pais e Encarregados de Educa\u00e7\u00e3o da Escola Secund\u00e1ria Alcaides de Faria<\/td>\n<td width=\"331\"><strong>EFETIVOS<\/strong><\/p>\n<p style=\"padding-left: 30px;\">Lu\u00eds Pedro Jardim Sobral<\/p>\n<p style=\"padding-left: 30px;\">Clara Andreia da Silva Lemos de Jesus<\/p>\n<p><strong>SUPLENTES:<\/strong><\/p>\n<p style=\"padding-left: 30px;\">Jos\u00e9 Ant\u00f3nio Faria Miranda da Silva<\/p>\n<p style=\"padding-left: 30px;\">Cristina de Ara\u00fajo Amoeda Pinheiro<\/p>\n<\/td>\n<\/tr>\n<tr>\n<td width=\"264\">Associa\u00e7\u00e3o de Pais e Encarregados de Educa\u00e7\u00e3o da EB2,3 de Manhente<\/td>\n<td width=\"331\"><span style=\"color: #000000;\"><strong>EFETIVO<\/strong>:<\/span><\/p>\n<p style=\"padding-left: 30px;\">S\u00f3nia Fernanda Salgueiro Lopes Macedo<\/p>\n<p><span style=\"color: #000000;\"><strong>SUPLENTE<\/strong>:<\/span><\/p>\n<p style=\"padding-left: 30px;\">Manuel Francisco Figueiredo Freitas<\/p>\n<\/td>\n<\/tr>\n<tr>\n<td width=\"264\">Restantes associa\u00e7\u00f5es (Associa\u00e7\u00e3o de Pais e Encarregados de Educa\u00e7\u00e3o do JI\/ EB<sub>1 <\/sub>Ucha, Associa\u00e7\u00e3o de Pais e Encarregados de Educa\u00e7\u00e3o do JI\/ EB<sub>1<\/sub> Manhente)<\/td>\n<td width=\"331\"><span style=\"color: #000000;\"><strong>EFETIVO<\/strong>:<\/span><\/p>\n<p style=\"padding-left: 30px;\">Delfim Nelson Garrido Fernandes<\/p>\n<p><span style=\"color: #000000;\"><strong>SUPLENTE<\/strong>:<\/span><\/p>\n<p style=\"text-align: left; padding-left: 30px;\">Filipe Armindo Barbosa Sambento<\/p>\n<\/td>\n<\/tr>\n<\/tbody>\n<\/table>\n<p style=\"text-align: center;\"><strong>Documento a descarregar:<\/strong><span style=\"color: #000000;\"><strong>\u00a0<\/strong>\u00a0<\/span><strong><span style=\"text-decoration: underline;\"><span style=\"color: #000000;\"><a href=\"http:\/\/aeaf.edu.pt\/wp-content\/uploads\/2015\/05\/Convocat\u00f3ria-n\u00ba221-2014_2015.pdf\" target=\"_blank\"><span style=\"color: #000000; text-decoration: underline;\">Convocat\u00f3ria n\u00ba221-2014_2015<\/span><\/a><\/span><\/span><\/strong><\/p>\n<p>&nbsp;<\/p>\n<p><span style=\"color: #000000;\">[1] De acordo com o estipulado no Decreto-Lei n\u00ba 75\/2008, com a nova reda\u00e7\u00e3o dada pelo Decreto-Lei 137 \/2012, nomeadamente no n\u00ba 3 do artigo 14.<\/span><\/p>\n<p style=\"text-align: center;\"><strong><span style=\"color: #000000;\">\u00a0<\/span><\/strong><\/p>\n<p>&nbsp;<\/p>\n","protected":false},"excerpt":{"rendered":"<p>Proposta para ser submetida a elei\u00e7\u00e3o[1] em assembleia geral de Pais e Encarregados de Educa\u00e7\u00e3o a realizar no dia 5 de junho, \u00e0s 19h00, no audit\u00f3rio da Escola secund\u00e1ria Alcaides de Faria. ASSOCIA\u00c7\u00c3O CONDI\u00c7\u00c3O Associa\u00e7\u00e3o de Pais e Encarregados de Educa\u00e7\u00e3o da Escola Secund\u00e1ria Alcaides de Faria EFETIVOS Lu\u00eds Pedro Jardim Sobral Clara Andreia da [&hellip;]<\/p>\n","protected":false},"author":5,"featured_media":4614,"comment_status":"closed","ping_status":"closed","sticky":false,"template":"","format":"standard","meta":[],"categories":[60,1],"tags":[],"_links":{"self":[{"href":"http:\/\/aeaf.edu.pt\/index.php?rest_route=\/wp\/v2\/posts\/4603"}],"collection":[{"href":"http:\/\/aeaf.edu.pt\/index.php?rest_route=\/wp\/v2\/posts"}],"about":[{"href":"http:\/\/aeaf.edu.pt\/index.php?rest_route=\/wp\/v2\/types\/post"}],"author":[{"embeddable":true,"href":"http:\/\/aeaf.edu.pt\/index.php?rest_route=\/wp\/v2\/users\/5"}],"replies":[{"embeddable":true,"href":"http:\/\/aeaf.edu.pt\/index.php?rest_route=%2Fwp%2Fv2%2Fcomments&post=4603"}],"version-history":[{"count":11,"href":"http:\/\/aeaf.edu.pt\/index.php?rest_route=\/wp\/v2\/posts\/4603\/revisions"}],"predecessor-version":[{"id":5027,"href":"http:\/\/aeaf.edu.pt\/index.php?rest_route=\/wp\/v2\/posts\/4603\/revisions\/5027"}],"wp:featuredmedia":[{"embeddable":true,"href":"http:\/\/aeaf.edu.pt\/index.php?rest_route=\/wp\/v2\/media\/4614"}],"wp:attachment":[{"href":"http:\/\/aeaf.edu.pt\/index.php?rest_route=%2Fwp%2Fv2%2Fmedia&parent=4603"}],"wp:term":[{"taxonomy":"category","embeddable":true,"href":"http:\/\/aeaf.edu.pt\/index.php?rest_route=%2Fwp%2Fv2%2Fcategories&post=4603"},{"taxonomy":"post_tag","embeddable":true,"href":"http:\/\/aeaf.edu.pt\/index.php?rest_route=%2Fwp%2Fv2%2Ftags&post=4603"}],"curies":[{"name":"wp","href":"https:\/\/api.w.org\/{rel}","templated":true}]}}