{"id":4619,"date":"2015-05-29T21:25:31","date_gmt":"2015-05-29T21:25:31","guid":{"rendered":"http:\/\/aeaf.edu.pt\/?p=4619"},"modified":"2015-08-18T12:08:37","modified_gmt":"2015-08-18T12:08:37","slug":"4619","status":"publish","type":"post","link":"http:\/\/aeaf.edu.pt\/?p=4619","title":{"rendered":"Calend\u00e1rio das Aulas de Prepara\u00e7\u00e3o para Exames Nacionais 2014\/2015"},"content":{"rendered":"<h2 style=\"text-align: center;\"><span style=\"color: #000000;\">3\u00ba Ciclo<\/span><\/h2>\n<h3 style=\"text-align: center;\"><\/h3>\n<p style=\"text-align: center;\"><a href=\"http:\/\/aeaf.edu.pt\/wp-content\/uploads\/2015\/03\/SeparadorPost1.png\"><img loading=\"lazy\" class=\"alignnone  wp-image-4536\" src=\"http:\/\/aeaf.edu.pt\/wp-content\/uploads\/2015\/03\/SeparadorPost1-300x18.png\" alt=\"SeparadorPost1\" width=\"300\" height=\"10\" \/><\/a><\/p>\n<h4 class=\"_58gi\" style=\"text-align: center;\"><a href=\"http:\/\/aeaf.edu.pt\/?p=4631&amp;preview=true\" target=\"_blank\"><span style=\"text-decoration: underline; color: #003366;\">Escola B\u00e1sica 2,3 de Manhente<\/span><\/a><\/h4>\n<p>&nbsp;<\/p>\n<h4 class=\"_58gi\" style=\"text-align: center;\"><a href=\"http:\/\/aeaf.edu.pt\/?p=4643&amp;preview=true\" target=\"_blank\"><span style=\"text-decoration: underline; color: #003366;\">Escola Secund\u00e1ria Alcaides de Faria<\/span><\/a><\/h4>\n<p>&nbsp;<\/p>\n<h2 style=\"text-align: center;\"><span style=\"color: #000000;\">Ensino Secund\u00e1rio<\/span><\/h2>\n<p style=\"text-align: center;\"><a href=\"http:\/\/aeaf.edu.pt\/wp-content\/uploads\/2015\/03\/SeparadorPost1.png\"><img loading=\"lazy\" class=\"alignnone size-medium wp-image-4536\" src=\"http:\/\/aeaf.edu.pt\/wp-content\/uploads\/2015\/03\/SeparadorPost1-300x18.png\" alt=\"SeparadorPost1\" width=\"300\" height=\"18\" srcset=\"http:\/\/aeaf.edu.pt\/wp-content\/uploads\/2015\/03\/SeparadorPost1-300x18.png 300w, http:\/\/aeaf.edu.pt\/wp-content\/uploads\/2015\/03\/SeparadorPost1-495x31.png 495w, http:\/\/aeaf.edu.pt\/wp-content\/uploads\/2015\/03\/SeparadorPost1-450x27.png 450w, http:\/\/aeaf.edu.pt\/wp-content\/uploads\/2015\/03\/SeparadorPost1.png 500w\" sizes=\"(max-width: 300px) 100vw, 300px\" \/><\/a><\/p>\n<h4 class=\"_58gi\" style=\"text-align: center;\"><a href=\"http:\/\/aeaf.edu.pt\/?p=4658&amp;preview=true\" target=\"_blank\"><span style=\"text-decoration: underline; color: #003366;\">11\u00ba Ano<\/span><\/a><\/h4>\n<p>&nbsp;<\/p>\n<h4 class=\"_58gi\" style=\"text-align: center;\"><a href=\"http:\/\/aeaf.edu.pt\/?p=4662&amp;preview=true\" target=\"_blank\"><span style=\"text-decoration: underline; color: #003366;\">12\u00ba Ano<\/span><\/a><\/h4>\n","protected":false},"excerpt":{"rendered":"<p>3\u00ba Ciclo Escola B\u00e1sica 2,3 de Manhente &nbsp; Escola Secund\u00e1ria Alcaides de Faria &nbsp; Ensino Secund\u00e1rio 11\u00ba Ano &nbsp; 12\u00ba Ano<\/p>\n","protected":false},"author":5,"featured_media":4625,"comment_status":"closed","ping_status":"closed","sticky":false,"template":"","format":"standard","meta":[],"categories":[60,1],"tags":[],"_links":{"self":[{"href":"http:\/\/aeaf.edu.pt\/index.php?rest_route=\/wp\/v2\/posts\/4619"}],"collection":[{"href":"http:\/\/aeaf.edu.pt\/index.php?rest_route=\/wp\/v2\/posts"}],"about":[{"href":"http:\/\/aeaf.edu.pt\/index.php?rest_route=\/wp\/v2\/types\/post"}],"author":[{"embeddable":true,"href":"http:\/\/aeaf.edu.pt\/index.php?rest_route=\/wp\/v2\/users\/5"}],"replies":[{"embeddable":true,"href":"http:\/\/aeaf.edu.pt\/index.php?rest_route=%2Fwp%2Fv2%2Fcomments&post=4619"}],"version-history":[{"count":14,"href":"http:\/\/aeaf.edu.pt\/index.php?rest_route=\/wp\/v2\/posts\/4619\/revisions"}],"predecessor-version":[{"id":4665,"href":"http:\/\/aeaf.edu.pt\/index.php?rest_route=\/wp\/v2\/posts\/4619\/revisions\/4665"}],"wp:featuredmedia":[{"embeddable":true,"href":"http:\/\/aeaf.edu.pt\/index.php?rest_route=\/wp\/v2\/media\/4625"}],"wp:attachment":[{"href":"http:\/\/aeaf.edu.pt\/index.php?rest_route=%2Fwp%2Fv2%2Fmedia&parent=4619"}],"wp:term":[{"taxonomy":"category","embeddable":true,"href":"http:\/\/aeaf.edu.pt\/index.php?rest_route=%2Fwp%2Fv2%2Fcategories&post=4619"},{"taxonomy":"post_tag","embeddable":true,"href":"http:\/\/aeaf.edu.pt\/index.php?rest_route=%2Fwp%2Fv2%2Ftags&post=4619"}],"curies":[{"name":"wp","href":"https:\/\/api.w.org\/{rel}","templated":true}]}}