{"id":4759,"date":"2015-06-01T19:01:14","date_gmt":"2015-06-01T19:01:14","guid":{"rendered":"http:\/\/aeaf.edu.pt\/?p=4759"},"modified":"2015-11-11T17:42:58","modified_gmt":"2015-11-11T17:42:58","slug":"aviso-devolucao-de-manuais-escolares-2","status":"publish","type":"post","link":"http:\/\/aeaf.edu.pt\/?p=4759","title":{"rendered":"AVISO &#8211; Devolu\u00e7\u00e3o de Manuais Escolares"},"content":{"rendered":"<h3 style=\"text-align: center;\"><strong>BOLSA DE MANUAIS ESCOLARES (DESPACHO N\u00ba 11886-A\/2012)<\/strong><\/h3>\n<h3 style=\"text-align: center;\"><strong>Devolu\u00e7\u00e3o de Manuais Escolares<\/strong><\/h3>\n<p>&nbsp;<\/p>\n<p><span style=\"color: #000000;\">Os Encarregados de Educa\u00e7\u00e3o ou os alunos quando maiores, <strong><span style=\"color: #000000;\">dever\u00e3o devolver <\/span><\/strong>os manuais escolares adquiridos com subs\u00eddio da A\u00e7\u00e3o Social Escolar, ou emprestados atrav\u00e9s da Bolsa de Manuais, <strong><span style=\"color: #000000;\">nas seguintes datas<\/span><\/strong><span style=\"text-decoration: underline;\">:<\/span><\/span><\/p>\n<ul>\n<li>\n<h4><em>6\u00ba e 9\u00ba Anos<\/em> \u2013 dia <em><span style=\"text-decoration: underline;\">24 de junho<\/span><\/em> (quarta-feira) na secretaria (<em><span style=\"text-decoration: underline;\"><strong>EB2,3 MANHENTE<\/strong><\/span><\/em>)<\/h4>\n<\/li>\n<li>\n<h4><em>6\u00ba e 9\u00ba Anos<\/em> \u2013 dia <span style=\"text-decoration: underline;\"><em>24 de junho<\/em><\/span> (quarta-feira) na sala de assessores (<em><span style=\"text-decoration: underline;\"><strong>ESAF<\/strong><\/span><\/em>)<\/h4>\n<\/li>\n<li>\n<h4><em>12\u00ba Ano<\/em> \u2013 dia <span style=\"text-decoration: underline;\"><em>30 de junho<\/em><\/span> (ter\u00e7a-feira) na sala de assessores<\/h4>\n<\/li>\n<\/ul>\n<h4>\u00a0\u00a0\u00a0\u00a0\u00a0\u00a0\u00a0 Alunos do <em><strong>6\u00ba ano<\/strong><\/em> \u2013 Devolvem os <strong>manuais dos 5\u00ba e 6\u00ba anos<\/strong><\/h4>\n<h4>\u00a0\u00a0\u00a0\u00a0\u00a0\u00a0\u00a0 Alunos do <em><strong>9\u00ba ano<\/strong><\/em> \u2013 Devolvem os <strong>manuais<\/strong> <strong>dos 7\u00ba, 8\u00ba e 9\u00ba anos<\/strong><\/h4>\n<h4>\u00a0\u00a0\u00a0\u00a0\u00a0\u00a0\u00a0 Alunos do <em><strong>12\u00ba ano<\/strong><\/em> \u2013 Devolvem os <strong>manuais<\/strong> <strong>dos<\/strong> <strong>10\u00ba,<\/strong> <strong>11\u00ba e 12\u00ba anos<\/strong><\/h4>\n<p><span style=\"color: #000000;\">Alunos que n\u00e3o transitam para o ano escolar seguinte n\u00e3o devolvem os manuais.<\/span><\/p>\n<p><span style=\"color: #000000;\">Os Encarregados de Educa\u00e7\u00e3o\/alunos acima referidos devem dirigir-se aos Servi\u00e7os Administrativos da Escola B2,3 de Manhente e da Escola Secund\u00e1ria Alcaides de Faria nos dias <strong><span style=\"color: #000000;\">11 e 12 de junho<\/span><\/strong> <span style=\"text-decoration: underline;\">(<em>quinta-feira e sexta-feira<\/em>)<\/span> para saberem quais os manuais que t\u00eam de devolver.<\/span><\/p>\n<h4><span style=\"color: #000000;\"><strong>A n\u00e3o restitui\u00e7\u00e3o dos manuais escolares, ou a sua devolu\u00e7\u00e3o em mau estado de conserva\u00e7\u00e3o, por causa imput\u00e1vel ao aluno, que impossibilite a sua reutiliza\u00e7\u00e3o, ou ainda a entrega fora da data estipulada, implicam a impossibilidade de atribui\u00e7\u00e3o deste tipo de apoio no ano letivo seguinte.<\/strong><\/span><\/h4>\n<p><span style=\"color: #000000;\">Os alunos que no pr\u00f3ximo ano letivo se candidatarem a apoio no \u00e2mbito da A\u00e7\u00e3o Social Escolar, mais concretamente escal\u00e3o A ou B, <strong><span style=\"color: #000000;\">n\u00e3o devem comprar os manuais<\/span><\/strong> sem indica\u00e7\u00e3o expressa dos servi\u00e7os de apoio social escolar do Agrupamento.<\/span><\/p>\n<p><span style=\"color: #000000;\">Os manuais escolares para empr\u00e9stimo para o pr\u00f3ximo ano letivo estar\u00e3o dispon\u00edveis de <span style=\"text-decoration: underline;\">1 a 15 agosto<\/span>.<\/span><\/p>\n<p>&nbsp;<\/p>\n<p style=\"padding-left: 420px;\"><span style=\"color: #000000;\">O Diretor,<\/span><\/p>\n<p style=\"padding-left: 330px;\"><span style=\"color: #000000;\">Prof. Manuel David Macedo Louren\u00e7o<\/span><\/p>\n","protected":false},"excerpt":{"rendered":"<p>BOLSA DE MANUAIS ESCOLARES (DESPACHO N\u00ba 11886-A\/2012) Devolu\u00e7\u00e3o de Manuais Escolares &nbsp; Os Encarregados de Educa\u00e7\u00e3o ou os alunos quando maiores, dever\u00e3o devolver os manuais escolares adquiridos com subs\u00eddio da A\u00e7\u00e3o Social Escolar, ou emprestados atrav\u00e9s da Bolsa de Manuais, nas seguintes datas: 6\u00ba e 9\u00ba Anos \u2013 dia 24 de junho (quarta-feira) na secretaria [&hellip;]<\/p>\n","protected":false},"author":5,"featured_media":4758,"comment_status":"closed","ping_status":"closed","sticky":false,"template":"","format":"standard","meta":[],"categories":[60,1],"tags":[],"_links":{"self":[{"href":"http:\/\/aeaf.edu.pt\/index.php?rest_route=\/wp\/v2\/posts\/4759"}],"collection":[{"href":"http:\/\/aeaf.edu.pt\/index.php?rest_route=\/wp\/v2\/posts"}],"about":[{"href":"http:\/\/aeaf.edu.pt\/index.php?rest_route=\/wp\/v2\/types\/post"}],"author":[{"embeddable":true,"href":"http:\/\/aeaf.edu.pt\/index.php?rest_route=\/wp\/v2\/users\/5"}],"replies":[{"embeddable":true,"href":"http:\/\/aeaf.edu.pt\/index.php?rest_route=%2Fwp%2Fv2%2Fcomments&post=4759"}],"version-history":[{"count":10,"href":"http:\/\/aeaf.edu.pt\/index.php?rest_route=\/wp\/v2\/posts\/4759\/revisions"}],"predecessor-version":[{"id":4770,"href":"http:\/\/aeaf.edu.pt\/index.php?rest_route=\/wp\/v2\/posts\/4759\/revisions\/4770"}],"wp:featuredmedia":[{"embeddable":true,"href":"http:\/\/aeaf.edu.pt\/index.php?rest_route=\/wp\/v2\/media\/4758"}],"wp:attachment":[{"href":"http:\/\/aeaf.edu.pt\/index.php?rest_route=%2Fwp%2Fv2%2Fmedia&parent=4759"}],"wp:term":[{"taxonomy":"category","embeddable":true,"href":"http:\/\/aeaf.edu.pt\/index.php?rest_route=%2Fwp%2Fv2%2Fcategories&post=4759"},{"taxonomy":"post_tag","embeddable":true,"href":"http:\/\/aeaf.edu.pt\/index.php?rest_route=%2Fwp%2Fv2%2Ftags&post=4759"}],"curies":[{"name":"wp","href":"https:\/\/api.w.org\/{rel}","templated":true}]}}