{"id":4825,"date":"2015-06-10T22:07:43","date_gmt":"2015-06-10T22:07:43","guid":{"rendered":"http:\/\/aeaf.edu.pt\/?p=4825"},"modified":"2015-08-18T12:14:25","modified_gmt":"2015-08-18T12:14:25","slug":"acesso-ao-ensino-superior-alteracao-as-portarias-dos-cursos-profissionais","status":"publish","type":"post","link":"http:\/\/aeaf.edu.pt\/?p=4825","title":{"rendered":"Acesso ao ensino superior. Altera\u00e7\u00e3o \u00e0s Portarias dos Cursos Profissionais."},"content":{"rendered":"<h4 style=\"text-align: justify;\">Os alunos dos <em><strong>Cursos Profissionais<\/strong><\/em>, dos <em><strong>Cursos do Ensino Art\u00edstico especializado<\/strong><\/em> que conclu\u00edram o seu curso a partir do ano letivo 2012\/2013 e dos <em><strong>Cursos Vocacionais<\/strong><\/em>, que pretendam prosseguir estudos no ensino superior <span style=\"text-decoration: underline;\">t\u00eam de realizar o exame final nacional de Portugu\u00eas (639)<\/span> e <span style=\"text-decoration: underline;\">outro exame \u00e0 escolha<\/span> de entre os que s\u00e3o oferecidos para os v\u00e1rios cursos cient\u00edfico\u2010human\u00edstico.<\/h4>\n<p style=\"text-align: center;\"><a href=\"http:\/\/aeaf.edu.pt\/wp-content\/uploads\/2015\/03\/separador-1.png\"><img loading=\"lazy\" class=\"alignnone  wp-image-4496\" src=\"http:\/\/aeaf.edu.pt\/wp-content\/uploads\/2015\/03\/separador-1-300x64.png\" alt=\"separador-1\" width=\"314\" height=\"36\" \/><\/a><\/p>\n<h4 style=\"text-align: center;\">\u00a0Documento a descarregar: <strong><span style=\"text-decoration: underline;\"><span style=\"color: #000000;\"><a href=\"http:\/\/aeaf.edu.pt\/wp-content\/uploads\/2015\/06\/Acesso-ao-ensino-superior-Cursos-Profissionais.pdf\" target=\"_blank\"><span style=\"color: #000000; text-decoration: underline;\">Acesso ao ensino superior &#8211; Cursos Profissionais<\/span><\/a><\/span><\/span><\/strong><\/h4>\n","protected":false},"excerpt":{"rendered":"<p>Os alunos dos Cursos Profissionais, dos Cursos do Ensino Art\u00edstico especializado que conclu\u00edram o seu curso a partir do ano letivo 2012\/2013 e dos Cursos Vocacionais, que pretendam prosseguir estudos no ensino superior t\u00eam de realizar o exame final nacional de Portugu\u00eas (639) e outro exame \u00e0 escolha de entre os que s\u00e3o oferecidos para [&hellip;]<\/p>\n","protected":false},"author":5,"featured_media":4532,"comment_status":"closed","ping_status":"closed","sticky":false,"template":"","format":"standard","meta":[],"categories":[33,1],"tags":[],"_links":{"self":[{"href":"http:\/\/aeaf.edu.pt\/index.php?rest_route=\/wp\/v2\/posts\/4825"}],"collection":[{"href":"http:\/\/aeaf.edu.pt\/index.php?rest_route=\/wp\/v2\/posts"}],"about":[{"href":"http:\/\/aeaf.edu.pt\/index.php?rest_route=\/wp\/v2\/types\/post"}],"author":[{"embeddable":true,"href":"http:\/\/aeaf.edu.pt\/index.php?rest_route=\/wp\/v2\/users\/5"}],"replies":[{"embeddable":true,"href":"http:\/\/aeaf.edu.pt\/index.php?rest_route=%2Fwp%2Fv2%2Fcomments&post=4825"}],"version-history":[{"count":4,"href":"http:\/\/aeaf.edu.pt\/index.php?rest_route=\/wp\/v2\/posts\/4825\/revisions"}],"predecessor-version":[{"id":4830,"href":"http:\/\/aeaf.edu.pt\/index.php?rest_route=\/wp\/v2\/posts\/4825\/revisions\/4830"}],"wp:featuredmedia":[{"embeddable":true,"href":"http:\/\/aeaf.edu.pt\/index.php?rest_route=\/wp\/v2\/media\/4532"}],"wp:attachment":[{"href":"http:\/\/aeaf.edu.pt\/index.php?rest_route=%2Fwp%2Fv2%2Fmedia&parent=4825"}],"wp:term":[{"taxonomy":"category","embeddable":true,"href":"http:\/\/aeaf.edu.pt\/index.php?rest_route=%2Fwp%2Fv2%2Fcategories&post=4825"},{"taxonomy":"post_tag","embeddable":true,"href":"http:\/\/aeaf.edu.pt\/index.php?rest_route=%2Fwp%2Fv2%2Ftags&post=4825"}],"curies":[{"name":"wp","href":"https:\/\/api.w.org\/{rel}","templated":true}]}}