{"id":4831,"date":"2015-06-10T22:51:27","date_gmt":"2015-06-10T22:51:27","guid":{"rendered":"http:\/\/aeaf.edu.pt\/?p=4831"},"modified":"2015-08-18T12:09:49","modified_gmt":"2015-08-18T12:09:49","slug":"com-a-luz-te-escrevo-exposicao-de-fotografia-besaf-foto-2015-8-a-edicao","status":"publish","type":"post","link":"http:\/\/aeaf.edu.pt\/?p=4831","title":{"rendered":"&#8220;Com a luz te escrevo&#8230;&#8221; &#8211; Resultado BESAF Foto 2015 (8.\u00aa edi\u00e7\u00e3o)"},"content":{"rendered":"<p style=\"text-align: justify;\"><span style=\"color: #000000;\"><span style=\"color: #ff9900;\">A Biblioteca informa:<\/span><br \/>\n<\/span><\/p>\n<p style=\"text-align: center;\"><a href=\"http:\/\/aeaf.edu.pt\/wp-content\/uploads\/2015\/06\/1\u00baLugar.png\"><img loading=\"lazy\" class=\"alignnone size-medium wp-image-4849\" src=\"http:\/\/aeaf.edu.pt\/wp-content\/uploads\/2015\/06\/1\u00baLugar-300x211.png\" alt=\"1\u00baLugar\" width=\"300\" height=\"211\" srcset=\"http:\/\/aeaf.edu.pt\/wp-content\/uploads\/2015\/06\/1\u00baLugar-300x211.png 300w, http:\/\/aeaf.edu.pt\/wp-content\/uploads\/2015\/06\/1\u00baLugar-705x498.png 705w, http:\/\/aeaf.edu.pt\/wp-content\/uploads\/2015\/06\/1\u00baLugar-450x317.png 450w, http:\/\/aeaf.edu.pt\/wp-content\/uploads\/2015\/06\/1\u00baLugar.png 944w\" sizes=\"(max-width: 300px) 100vw, 300px\" \/><\/a><\/p>\n<p style=\"text-align: center;\"><a href=\"http:\/\/aeaf.edu.pt\/wp-content\/uploads\/2015\/06\/2\u00baLugar.png\"><img loading=\"lazy\" class=\"alignnone size-medium wp-image-4848\" src=\"http:\/\/aeaf.edu.pt\/wp-content\/uploads\/2015\/06\/2\u00baLugar-300x218.png\" alt=\"2\u00baLugar\" width=\"300\" height=\"218\" srcset=\"http:\/\/aeaf.edu.pt\/wp-content\/uploads\/2015\/06\/2\u00baLugar-300x218.png 300w, http:\/\/aeaf.edu.pt\/wp-content\/uploads\/2015\/06\/2\u00baLugar-705x513.png 705w, http:\/\/aeaf.edu.pt\/wp-content\/uploads\/2015\/06\/2\u00baLugar-450x327.png 450w, http:\/\/aeaf.edu.pt\/wp-content\/uploads\/2015\/06\/2\u00baLugar.png 918w\" sizes=\"(max-width: 300px) 100vw, 300px\" \/><\/a><\/p>\n<p style=\"text-align: center;\"><a href=\"http:\/\/aeaf.edu.pt\/wp-content\/uploads\/2015\/06\/3\u00baLugar.png\"><img loading=\"lazy\" class=\"alignnone size-medium wp-image-4847\" src=\"http:\/\/aeaf.edu.pt\/wp-content\/uploads\/2015\/06\/3\u00baLugar-242x300.png\" alt=\"3\u00baLugar\" width=\"242\" height=\"300\" srcset=\"http:\/\/aeaf.edu.pt\/wp-content\/uploads\/2015\/06\/3\u00baLugar-242x300.png 242w, http:\/\/aeaf.edu.pt\/wp-content\/uploads\/2015\/06\/3\u00baLugar-568x705.png 568w, http:\/\/aeaf.edu.pt\/wp-content\/uploads\/2015\/06\/3\u00baLugar-450x557.png 450w, http:\/\/aeaf.edu.pt\/wp-content\/uploads\/2015\/06\/3\u00baLugar.png 601w\" sizes=\"(max-width: 242px) 100vw, 242px\" \/><\/a><\/p>\n<p style=\"text-align: justify;\"><span style=\"color: #000000;\">A edi\u00e7\u00e3o de 2015 do<\/span> <em><span style=\"color: #000000;\"><strong><span style=\"color: #000000;\">BESAF foto<\/span><\/strong><\/span><\/em><span style=\"color: #000000;\">, concurso de fotografia promovido pela biblioteca escolar da Escola Secund\u00e1ria Alcaides de Faria (escola sede do agrupamento com o mesmo nome), que assumiu como tema deste ano (internacional da luz) &#8220;<em><span style=\"color: #000000;\"><strong><span style=\"color: #000000;\">Com a luz te escrevo&#8230;<\/span><\/strong><\/span><\/em>&#8220;, j\u00e1 tem vencedores. Rui Oliveira Duarte, aluno do 11.\u00ba ano, \u00e9 o vencedor do 1.\u00ba pr\u00e9mio desta edi\u00e7\u00e3o. O j\u00fari, reunido no passado dia 3 de junho, atribuiu ainda o 2.\u00ba e 3.\u00ba pr\u00e9mios aos trabalhos dos alunos: Paulo Senra (12.\u00baano) e Ana Barbosa (11.\u00baano) respetivamente.<\/span><\/p>\n<p style=\"text-align: justify;\"><span style=\"color: #000000;\">N\u00e3o deixe de visitar e apreciar a exposi\u00e7\u00e3o <em>in loco<\/em> (mezanino da biblioteca escolar da ESAF), mas tamb\u00e9m pode visit\u00e1-la virtualmente aqui: <a href=\"http:\/\/bibliotecaesaf.blogspot.pt\/\"><span style=\"color: #000000;\">http:\/\/bibliotecaesaf.blogspot.pt\/<\/span><\/a><\/span><\/p>\n<p>&nbsp;<\/p>\n<p><strong><span style=\"color: #000000;\"><strong><span style=\"color: #000000;\">Siga-nos em:<\/span><\/strong><\/span><\/strong><\/p>\n<p><span style=\"text-decoration: underline;\"><span style=\"color: #000000; text-decoration: underline;\"><a href=\"http:\/\/biblioesaf.webnode.pt\/\"><span style=\"color: #000000; text-decoration: underline;\">http:\/\/biblioesaf.webnode.pt\/<\/span><\/a><\/span><\/span><\/p>\n<p><span style=\"text-decoration: underline;\"><span style=\"color: #000000; text-decoration: underline;\"><a href=\"http:\/\/bibliotecaesaf.blogspot.com\/\"><span style=\"color: #000000; text-decoration: underline;\">http:\/\/bibliotecaesaf.blogspot.com\/<\/span><\/a><\/span><\/span><\/p>\n<p><span style=\"text-decoration: underline;\"><span style=\"color: #000000; text-decoration: underline;\"><a href=\"http:\/\/www.facebook.com\/bibliotecaesaf\"><span style=\"color: #000000; text-decoration: underline;\">http:\/\/www.facebook.com\/bibliotecaesaf<\/span><\/a><\/span><\/span><\/p>\n<p><span style=\"text-decoration: underline;\"><span style=\"color: #000000; text-decoration: underline;\"><a href=\"http:\/\/twitter.com\/#%21\/biblioesaf\"><span style=\"color: #000000; text-decoration: underline;\">http:\/\/twitter.com\/#!\/biblioesaf<\/span><\/a><\/span><\/span><\/p>\n<p><span style=\"text-decoration: underline;\"><span style=\"color: #000000; text-decoration: underline;\"><a href=\"http:\/\/delicious.com\/biblioesaf\"><span style=\"color: #000000; text-decoration: underline;\">http:\/\/delicious.com\/biblioesaf<\/span><\/a><\/span><\/span><\/p>\n<p><span style=\"text-decoration: underline;\"><span style=\"color: #000000; text-decoration: underline;\"><a href=\"http:\/\/portal.esalcaidesdefaria.pt\/course\/view.php?id=12\"><span style=\"color: #000000; text-decoration: underline;\">http:\/\/portal.esalcaidesdefaria.pt\/course\/view.php?id=12<\/span><\/a><\/span><\/span><\/p>\n","protected":false},"excerpt":{"rendered":"<p>A Biblioteca informa: A edi\u00e7\u00e3o de 2015 do BESAF foto, concurso de fotografia promovido pela biblioteca escolar da Escola Secund\u00e1ria Alcaides de Faria (escola sede do agrupamento com o mesmo nome), que assumiu como tema deste ano (internacional da luz) &#8220;Com a luz te escrevo&#8230;&#8220;, j\u00e1 tem vencedores. Rui Oliveira Duarte, aluno do 11.\u00ba ano, [&hellip;]<\/p>\n","protected":false},"author":5,"featured_media":4217,"comment_status":"closed","ping_status":"closed","sticky":false,"template":"","format":"standard","meta":[],"categories":[60,1],"tags":[],"_links":{"self":[{"href":"http:\/\/aeaf.edu.pt\/index.php?rest_route=\/wp\/v2\/posts\/4831"}],"collection":[{"href":"http:\/\/aeaf.edu.pt\/index.php?rest_route=\/wp\/v2\/posts"}],"about":[{"href":"http:\/\/aeaf.edu.pt\/index.php?rest_route=\/wp\/v2\/types\/post"}],"author":[{"embeddable":true,"href":"http:\/\/aeaf.edu.pt\/index.php?rest_route=\/wp\/v2\/users\/5"}],"replies":[{"embeddable":true,"href":"http:\/\/aeaf.edu.pt\/index.php?rest_route=%2Fwp%2Fv2%2Fcomments&post=4831"}],"version-history":[{"count":19,"href":"http:\/\/aeaf.edu.pt\/index.php?rest_route=\/wp\/v2\/posts\/4831\/revisions"}],"predecessor-version":[{"id":4854,"href":"http:\/\/aeaf.edu.pt\/index.php?rest_route=\/wp\/v2\/posts\/4831\/revisions\/4854"}],"wp:featuredmedia":[{"embeddable":true,"href":"http:\/\/aeaf.edu.pt\/index.php?rest_route=\/wp\/v2\/media\/4217"}],"wp:attachment":[{"href":"http:\/\/aeaf.edu.pt\/index.php?rest_route=%2Fwp%2Fv2%2Fmedia&parent=4831"}],"wp:term":[{"taxonomy":"category","embeddable":true,"href":"http:\/\/aeaf.edu.pt\/index.php?rest_route=%2Fwp%2Fv2%2Fcategories&post=4831"},{"taxonomy":"post_tag","embeddable":true,"href":"http:\/\/aeaf.edu.pt\/index.php?rest_route=%2Fwp%2Fv2%2Ftags&post=4831"}],"curies":[{"name":"wp","href":"https:\/\/api.w.org\/{rel}","templated":true}]}}