{"id":4954,"date":"2015-06-30T16:31:11","date_gmt":"2015-06-30T16:31:11","guid":{"rendered":"http:\/\/aeaf.edu.pt\/?p=4954"},"modified":"2015-06-30T16:46:59","modified_gmt":"2015-06-30T16:46:59","slug":"lingua-estrangeira-i-ii-ou-iii","status":"publish","type":"post","link":"http:\/\/aeaf.edu.pt\/?p=4954","title":{"rendered":"L\u00edngua Estrangeira I, II ou III"},"content":{"rendered":"<p><strong><span style=\"color: #000000;\"><br \/>\n<\/span><\/strong><\/p>\n<h3 style=\"text-align: center;\"><span style=\"color: #000000;\"><em>O aluno deve escolher a L\u00edngua Estrangeira estudada na componente de forma\u00e7\u00e3o geral, nos 10\u00ba e 11\u00ba anos.<\/em><\/span><\/h3>\n<p style=\"text-align: center;\"><span style=\"text-decoration: underline;\"><strong><span style=\"color: #000000; text-decoration: underline;\"><a href=\"http:\/\/aeaf.edu.pt\/wp-content\/uploads\/2015\/06\/Alemao_10_11_12.pdf\" target=\"_blank\"><span style=\"color: #000000; text-decoration: underline;\">Alem\u00e3o_10\u00ba_11\u00ba_12\u00ba<\/span><\/a><\/span><\/strong><\/span><\/p>\n<p style=\"text-align: center;\"><span style=\"text-decoration: underline;\"><strong><span style=\"color: #000000; text-decoration: underline;\"><a href=\"http:\/\/aeaf.edu.pt\/wp-content\/uploads\/2015\/06\/Espanhol_12.pdf\" target=\"_blank\"><span style=\"color: #000000; text-decoration: underline;\">Espanhol_12\u00ba<\/span><\/a><\/span><\/strong><\/span><\/p>\n<p style=\"text-align: center;\"><span style=\"text-decoration: underline;\"><strong><span style=\"color: #000000; text-decoration: underline;\"><a href=\"http:\/\/aeaf.edu.pt\/wp-content\/uploads\/2015\/06\/Frances_10_11_12.pdf\" target=\"_blank\"><span style=\"color: #000000; text-decoration: underline;\">Franc\u00eas_10\u00ba_11\u00ba_12\u00ba<\/span><\/a> <\/span><\/strong><\/span><\/p>\n<p style=\"text-align: center;\"><span style=\"text-decoration: underline;\"><strong><span style=\"color: #000000; text-decoration: underline;\"><a href=\"http:\/\/aeaf.edu.pt\/wp-content\/uploads\/2015\/06\/Ingles_10_11_12.pdf\" target=\"_blank\"><span style=\"color: #000000; text-decoration: underline;\">Ingl\u00eas_10\u00ba_11\u00ba_12\u00ba<\/span><\/a> <\/span><\/strong><\/span><\/p>\n<p style=\"text-align: center;\">\n","protected":false},"excerpt":{"rendered":"<p>O aluno deve escolher a L\u00edngua Estrangeira estudada na componente de forma\u00e7\u00e3o geral, nos 10\u00ba e 11\u00ba anos. Alem\u00e3o_10\u00ba_11\u00ba_12\u00ba Espanhol_12\u00ba Franc\u00eas_10\u00ba_11\u00ba_12\u00ba Ingl\u00eas_10\u00ba_11\u00ba_12\u00ba<\/p>\n","protected":false},"author":5,"featured_media":4970,"comment_status":"closed","ping_status":"closed","sticky":false,"template":"","format":"standard","meta":[],"categories":[1],"tags":[],"_links":{"self":[{"href":"http:\/\/aeaf.edu.pt\/index.php?rest_route=\/wp\/v2\/posts\/4954"}],"collection":[{"href":"http:\/\/aeaf.edu.pt\/index.php?rest_route=\/wp\/v2\/posts"}],"about":[{"href":"http:\/\/aeaf.edu.pt\/index.php?rest_route=\/wp\/v2\/types\/post"}],"author":[{"embeddable":true,"href":"http:\/\/aeaf.edu.pt\/index.php?rest_route=\/wp\/v2\/users\/5"}],"replies":[{"embeddable":true,"href":"http:\/\/aeaf.edu.pt\/index.php?rest_route=%2Fwp%2Fv2%2Fcomments&post=4954"}],"version-history":[{"count":6,"href":"http:\/\/aeaf.edu.pt\/index.php?rest_route=\/wp\/v2\/posts\/4954\/revisions"}],"predecessor-version":[{"id":4972,"href":"http:\/\/aeaf.edu.pt\/index.php?rest_route=\/wp\/v2\/posts\/4954\/revisions\/4972"}],"wp:featuredmedia":[{"embeddable":true,"href":"http:\/\/aeaf.edu.pt\/index.php?rest_route=\/wp\/v2\/media\/4970"}],"wp:attachment":[{"href":"http:\/\/aeaf.edu.pt\/index.php?rest_route=%2Fwp%2Fv2%2Fmedia&parent=4954"}],"wp:term":[{"taxonomy":"category","embeddable":true,"href":"http:\/\/aeaf.edu.pt\/index.php?rest_route=%2Fwp%2Fv2%2Fcategories&post=4954"},{"taxonomy":"post_tag","embeddable":true,"href":"http:\/\/aeaf.edu.pt\/index.php?rest_route=%2Fwp%2Fv2%2Ftags&post=4954"}],"curies":[{"name":"wp","href":"https:\/\/api.w.org\/{rel}","templated":true}]}}