{"id":4988,"date":"2015-08-04T21:15:40","date_gmt":"2015-08-04T21:15:40","guid":{"rendered":"http:\/\/aeaf.edu.pt\/?p=4988"},"modified":"2016-09-23T16:35:12","modified_gmt":"2016-09-23T16:35:12","slug":"ensino-secundario-recorrente-na-esaf","status":"publish","type":"post","link":"http:\/\/aeaf.edu.pt\/?p=4988","title":{"rendered":"ENSINO SECUND\u00c1RIO RECORRENTE NA ESAF"},"content":{"rendered":"<p style=\"text-align: center;\"><span style=\"color: #000000;\">Vimos, por este meio, informar que o <span style=\"text-decoration: underline;\">Ensino Secund\u00e1rio Recorrente<\/span> vai regressar \u00e0 <strong><span style=\"color: #000000;\">Escola Secund\u00e1ria Alcaides de Faria, Barcelos.<\/span><\/strong><\/span><br \/>\n<span style=\"color: #000000;\">Dando seguimento assim a uma longa tradi\u00e7\u00e3o na qualifica\u00e7\u00e3o de adultos no ensino noturno, a nossa Escola vai oferecer, no pr\u00f3ximo ano letivo, os seguinte cursos secund\u00e1rios:<\/span><br \/>\n<strong><span style=\"color: #000000;\">&#8211; Ci\u00eancias e Tecnologias;<\/span><\/strong><br \/>\n<strong> <span style=\"color: #000000;\">&#8211; Ci\u00eancias Socioecon\u00f3micas; <\/span><\/strong><br \/>\n<strong> <span style=\"color: #000000;\">&#8211; L\u00ednguas e Humanidades;<\/span><\/strong><br \/>\n<strong> <span style=\"color: #000000;\">&#8211; Artes Visuais. <\/span><\/strong><br \/>\n<span style=\"color: #000000;\">Os presentes cursos destinam-se a <em><span style=\"text-decoration: underline;\">cidad\u00e3os com mais de dezoito anos com o 9\u00ba ano de escolaridade<\/span><\/em> e o prazo para as matr\u00edculas decorre at\u00e9 <em><span style=\"text-decoration: underline;\">04 de setembro de 2015<\/span><\/em>, nos Servi\u00e7os Administrativos desta Escola.<\/span><\/p>\n<p style=\"text-align: right;\"><span style=\"color: #000000;\"> O Diretor, \u00a0 \u00a0 \u00a0 \u00a0 \u00a0 \u00a0 \u00a0 \u00a0\u00a0<\/span><\/p>\n<p style=\"text-align: right;\"><span style=\"color: #000000;\">Manuel David Louren\u00e7o<\/span><\/p>\n","protected":false},"excerpt":{"rendered":"<p>Vimos, por este meio, informar que o Ensino Secund\u00e1rio Recorrente vai regressar \u00e0 Escola Secund\u00e1ria Alcaides de Faria, Barcelos. Dando seguimento assim a uma longa tradi\u00e7\u00e3o na qualifica\u00e7\u00e3o de adultos no ensino noturno, a nossa Escola vai oferecer, no pr\u00f3ximo ano letivo, os seguinte cursos secund\u00e1rios: &#8211; Ci\u00eancias e Tecnologias; &#8211; Ci\u00eancias Socioecon\u00f3micas; &#8211; L\u00ednguas [&hellip;]<\/p>\n","protected":false},"author":5,"featured_media":5004,"comment_status":"closed","ping_status":"closed","sticky":false,"template":"","format":"standard","meta":[],"categories":[60,1],"tags":[],"_links":{"self":[{"href":"http:\/\/aeaf.edu.pt\/index.php?rest_route=\/wp\/v2\/posts\/4988"}],"collection":[{"href":"http:\/\/aeaf.edu.pt\/index.php?rest_route=\/wp\/v2\/posts"}],"about":[{"href":"http:\/\/aeaf.edu.pt\/index.php?rest_route=\/wp\/v2\/types\/post"}],"author":[{"embeddable":true,"href":"http:\/\/aeaf.edu.pt\/index.php?rest_route=\/wp\/v2\/users\/5"}],"replies":[{"embeddable":true,"href":"http:\/\/aeaf.edu.pt\/index.php?rest_route=%2Fwp%2Fv2%2Fcomments&post=4988"}],"version-history":[{"count":17,"href":"http:\/\/aeaf.edu.pt\/index.php?rest_route=\/wp\/v2\/posts\/4988\/revisions"}],"predecessor-version":[{"id":5006,"href":"http:\/\/aeaf.edu.pt\/index.php?rest_route=\/wp\/v2\/posts\/4988\/revisions\/5006"}],"wp:featuredmedia":[{"embeddable":true,"href":"http:\/\/aeaf.edu.pt\/index.php?rest_route=\/wp\/v2\/media\/5004"}],"wp:attachment":[{"href":"http:\/\/aeaf.edu.pt\/index.php?rest_route=%2Fwp%2Fv2%2Fmedia&parent=4988"}],"wp:term":[{"taxonomy":"category","embeddable":true,"href":"http:\/\/aeaf.edu.pt\/index.php?rest_route=%2Fwp%2Fv2%2Fcategories&post=4988"},{"taxonomy":"post_tag","embeddable":true,"href":"http:\/\/aeaf.edu.pt\/index.php?rest_route=%2Fwp%2Fv2%2Ftags&post=4988"}],"curies":[{"name":"wp","href":"https:\/\/api.w.org\/{rel}","templated":true}]}}