{"id":5010,"date":"2015-08-18T11:29:04","date_gmt":"2015-08-18T11:29:04","guid":{"rendered":"http:\/\/aeaf.edu.pt\/?p=5010"},"modified":"2015-10-01T22:12:21","modified_gmt":"2015-10-01T22:12:21","slug":"contratacao-de-escola-20152016-tecnicos-especializados","status":"publish","type":"post","link":"http:\/\/aeaf.edu.pt\/?p=5010","title":{"rendered":"Contrata\u00e7\u00e3o de Escola 2015\/2016  T\u00e9cnicos Especializados"},"content":{"rendered":"<p style=\"text-align: center;\"><em><strong><span style=\"color: #000000;\">[Atualizado a 23 agosto 2015 &amp; 04 setembro 2015, <em><strong><span style=\"color: #000000;\">08 setembro 2015<\/span><\/strong><\/em>]<\/span><\/strong><\/em><\/p>\n<p style=\"text-align: center;\"><strong><span style=\"color: #000000;\">\u00a0<\/span><\/strong><\/p>\n<p style=\"text-align: center;\"><strong><span style=\"color: #000000;\"><span style=\"color: #000000; text-decoration: underline;\"><a href=\"http:\/\/aeaf.edu.pt\/wp-content\/uploads\/2015\/08\/Edital-1.pdf\" target=\"_blank\"><span style=\"color: #000000; text-decoration: underline;\">Edital 1<\/span><\/a><\/span>\u00a0 \u2044 \u00a0 <\/span><\/strong><strong><span style=\"color: #000000;\"><span style=\"color: #000000; text-decoration: underline;\"><a href=\"http:\/\/aeaf.edu.pt\/wp-content\/uploads\/2015\/08\/Edital-2.pdf\" target=\"_blank\"><span style=\"color: #000000; text-decoration: underline;\">Edital 2<\/span><\/a><\/span>\u00a0 \u2044\u00a0 <\/span><span style=\"color: #000000;\"><span style=\"color: #000000; text-decoration: underline;\"><a href=\"http:\/\/aeaf.edu.pt\/wp-content\/uploads\/2015\/08\/Edital-3.pdf\" target=\"_blank\"><span style=\"color: #000000; text-decoration: underline;\">Edital 3<\/span><\/a><\/span>\u00a0 \u2044\u00a0 <\/span><span style=\"color: #000000;\"><span style=\"color: #000000; text-decoration: underline;\"><a href=\"http:\/\/aeaf.edu.pt\/wp-content\/uploads\/2015\/08\/Edital-4.pdf\" target=\"_blank\"><span style=\"color: #000000; text-decoration: underline;\">Edital 4<\/span><\/a><\/span>\u00a0 \u2044\u00a0 <\/span><span style=\"text-decoration: underline;\"><span style=\"color: #000000; text-decoration: underline;\"><a href=\"http:\/\/aeaf.edu.pt\/wp-content\/uploads\/2015\/08\/Edital-5.pdf\" target=\"_blank\"><span style=\"color: #000000; text-decoration: underline;\">Edital 5<\/span><\/a><\/span><\/span><\/strong><\/p>\n<p style=\"text-align: center;\"><a href=\"http:\/\/aeaf.edu.pt\/wp-content\/uploads\/2015\/08\/Crit\u00e9rios-de-Sele\u00e7\u00e3o-Concursos-T\u00e9cnicos-Especializados.pdf\" target=\"_blank\"><strong><span style=\"text-decoration: underline;\"><span style=\"color: #000000; text-decoration: underline;\"><span style=\"color: #000000; text-decoration: underline;\">Crit\u00e9rios de Sele\u00e7\u00e3o<\/span><\/span><span style=\"color: #000000; text-decoration: underline;\"><span style=\"color: #000000; text-decoration: underline;\"> &#8211; Concursos T\u00e9cnicos Especializados<\/span><\/span><\/span><\/strong><\/a><\/p>\n<p style=\"text-align: center;\"><a href=\"http:\/\/aeaf.edu.pt\/wp-content\/uploads\/2015\/03\/SeparadorPost1.png\"><img loading=\"lazy\" class=\"alignnone size-medium wp-image-4536\" src=\"http:\/\/aeaf.edu.pt\/wp-content\/uploads\/2015\/03\/SeparadorPost1-300x18.png\" alt=\"SeparadorPost1\" width=\"300\" height=\"18\" srcset=\"http:\/\/aeaf.edu.pt\/wp-content\/uploads\/2015\/03\/SeparadorPost1-300x18.png 300w, http:\/\/aeaf.edu.pt\/wp-content\/uploads\/2015\/03\/SeparadorPost1-495x31.png 495w, http:\/\/aeaf.edu.pt\/wp-content\/uploads\/2015\/03\/SeparadorPost1-450x27.png 450w, http:\/\/aeaf.edu.pt\/wp-content\/uploads\/2015\/03\/SeparadorPost1.png 500w\" sizes=\"(max-width: 300px) 100vw, 300px\" \/><\/a><\/p>\n<p style=\"text-align: center;\"><strong><span style=\"color: #000000;\">Atualiza\u00e7\u00e3o de 23 agosto 2015<\/span><\/strong><\/p>\n<p style=\"text-align: center;\"><a href=\"http:\/\/aeaf.edu.pt\/?p=5029&amp;preview=true\" target=\"_blank\"><span style=\"text-decoration: underline;\"><span style=\"color: #000000; text-decoration: underline;\"><strong><span style=\"color: #000000; text-decoration: underline;\">Lista de Candidatos<\/span><\/strong><\/span><\/span><\/a><\/p>\n<p style=\"text-align: center;\"><a href=\"http:\/\/aeaf.edu.pt\/wp-content\/uploads\/2015\/03\/SeparadorPost1.png\"><img loading=\"lazy\" class=\"alignnone size-medium wp-image-4536\" src=\"http:\/\/aeaf.edu.pt\/wp-content\/uploads\/2015\/03\/SeparadorPost1-300x18.png\" alt=\"SeparadorPost1\" width=\"300\" height=\"18\" srcset=\"http:\/\/aeaf.edu.pt\/wp-content\/uploads\/2015\/03\/SeparadorPost1-300x18.png 300w, http:\/\/aeaf.edu.pt\/wp-content\/uploads\/2015\/03\/SeparadorPost1-495x31.png 495w, http:\/\/aeaf.edu.pt\/wp-content\/uploads\/2015\/03\/SeparadorPost1-450x27.png 450w, http:\/\/aeaf.edu.pt\/wp-content\/uploads\/2015\/03\/SeparadorPost1.png 500w\" sizes=\"(max-width: 300px) 100vw, 300px\" \/><\/a><\/p>\n<p style=\"text-align: center;\"><strong><span style=\"color: #000000;\">Lista de Candidatos Admitidos a Entrevista &#8211; <strong><span style=\"color: #000000;\">Atualiza\u00e7\u00e3o de 04 setembro 2015<\/span><\/strong><\/span><\/strong><\/p>\n<p style=\"text-align: center;\"><span style=\"text-decoration: underline;\"><strong><span style=\"color: #000000; text-decoration: underline;\"><a href=\"http:\/\/aeaf.edu.pt\/wp-content\/uploads\/2015\/08\/LISTA-ORDENADA-DOS-ADMITIDOS-A-ENTREVISTA-H51.pdf\" target=\"_blank\"><span style=\"color: #000000; text-decoration: underline;\">LISTA ORDENADA DOS ADMITIDOS A ENTREVISTA Hor\u00e1rio51<\/span><\/a><\/span><\/strong><\/span><\/p>\n<p style=\"text-align: center;\"><span style=\"text-decoration: underline;\"><strong><span style=\"color: #000000; text-decoration: underline;\"><a href=\"http:\/\/aeaf.edu.pt\/wp-content\/uploads\/2015\/08\/LISTA-ORDENADA-DOS-ADMITIDOS-A-ENTREVISTA-H52.pdf\" target=\"_blank\"><span style=\"color: #000000; text-decoration: underline;\">LISTA ORDENADA DOS ADMITIDOS A ENTREVISTA Hor\u00e1rio52<\/span><\/a><\/span><\/strong><\/span><\/p>\n<p style=\"text-align: center;\"><span style=\"text-decoration: underline;\"><strong><span style=\"color: #000000; text-decoration: underline;\"><a href=\"http:\/\/aeaf.edu.pt\/wp-content\/uploads\/2015\/08\/LISTA-ORDENADA-DOS-ADMITIDOS-A-ENTREVISTA-H53.pdf\" target=\"_blank\"><span style=\"color: #000000; text-decoration: underline;\">LISTA ORDENADA DOS ADMITIDOS A ENTREVISTA Hor\u00e1rio53<\/span><\/a><\/span><\/strong><\/span><\/p>\n<p style=\"text-align: center;\"><span style=\"text-decoration: underline;\"><strong><span style=\"color: #000000; text-decoration: underline;\"><a href=\"http:\/\/aeaf.edu.pt\/wp-content\/uploads\/2015\/08\/LISTA-ORDENADA-DOS-ADMITIDOS-A-ENTREVISTA-H54.pdf\" target=\"_blank\"><span style=\"color: #000000; text-decoration: underline;\">LISTA ORDENADA DOS ADMITIDOS A ENTREVISTA Hor\u00e1rio54<\/span><\/a><\/span><\/strong><\/span><\/p>\n<p style=\"text-align: center;\"><span style=\"text-decoration: underline;\"><strong><span style=\"color: #000000; text-decoration: underline;\"><a href=\"http:\/\/aeaf.edu.pt\/wp-content\/uploads\/2015\/08\/LISTA-ORDENADA-DOS-ADMITIDOS-A-ENTREVISTA-H55.pdf\" target=\"_blank\"><span style=\"color: #000000; text-decoration: underline;\">LISTA ORDENADA DOS ADMITIDOS A ENTREVISTA Hor\u00e1rio55<\/span><\/a><\/span><\/strong><\/span><\/p>\n<p style=\"text-align: center;\"><span style=\"text-decoration: underline;\"><strong><span style=\"color: #000000; text-decoration: underline;\"><a href=\"http:\/\/aeaf.edu.pt\/wp-content\/uploads\/2015\/08\/LISTA-DE-EXCLUIDOS.pdf\" target=\"_blank\"><span style=\"color: #000000; text-decoration: underline;\">LISTA DE EXCLU\u00cdDOS<\/span><\/a><\/span><\/strong><\/span><\/p>\n<p style=\"text-align: center;\"><a href=\"http:\/\/aeaf.edu.pt\/wp-content\/uploads\/2015\/03\/SeparadorPost1.png\"><img loading=\"lazy\" class=\"alignnone size-medium wp-image-4536\" src=\"http:\/\/aeaf.edu.pt\/wp-content\/uploads\/2015\/03\/SeparadorPost1-300x18.png\" alt=\"SeparadorPost1\" width=\"300\" height=\"18\" srcset=\"http:\/\/aeaf.edu.pt\/wp-content\/uploads\/2015\/03\/SeparadorPost1-300x18.png 300w, http:\/\/aeaf.edu.pt\/wp-content\/uploads\/2015\/03\/SeparadorPost1-495x31.png 495w, http:\/\/aeaf.edu.pt\/wp-content\/uploads\/2015\/03\/SeparadorPost1-450x27.png 450w, http:\/\/aeaf.edu.pt\/wp-content\/uploads\/2015\/03\/SeparadorPost1.png 500w\" sizes=\"(max-width: 300px) 100vw, 300px\" \/><\/a><\/p>\n<p style=\"text-align: center;\"><strong><span style=\"color: #000000;\"><strong><span style=\"color: #000000;\">Atualiza\u00e7\u00e3o de 08 setembro 2015 &amp; 25 setembro 2015<br \/>\n<\/span><\/strong><\/span><\/strong><\/p>\n<p style=\"text-align: center;\"><a href=\"http:\/\/aeaf.edu.pt\/?p=5079&amp;preview=true\" target=\"_blank\"><span style=\"color: #000000;\"><strong><span style=\"text-decoration: underline;\"><span style=\"color: #000000; text-decoration: underline;\">Lista de Classifica\u00e7\u00e3o Final <\/span><img loading=\"lazy\" class=\"alignnone size-full wp-image-4014\" src=\"http:\/\/aeaf.edu.pt\/wp-content\/uploads\/2014\/09\/novo-3.gif\" alt=\"novo 3\" width=\"44\" height=\"16\" \/><\/span><\/strong><\/span><\/a><\/p>\n","protected":false},"excerpt":{"rendered":"<p>[Atualizado a 23 agosto 2015 &amp; 04 setembro 2015, 08 setembro 2015] \u00a0 Edital 1\u00a0 \u2044 \u00a0 Edital 2\u00a0 \u2044\u00a0 Edital 3\u00a0 \u2044\u00a0 Edital 4\u00a0 \u2044\u00a0 Edital 5 Crit\u00e9rios de Sele\u00e7\u00e3o &#8211; Concursos T\u00e9cnicos Especializados Atualiza\u00e7\u00e3o de 23 agosto 2015 Lista de Candidatos Lista de Candidatos Admitidos a Entrevista &#8211; Atualiza\u00e7\u00e3o de 04 setembro 2015 [&hellip;]<\/p>\n","protected":false},"author":5,"featured_media":5088,"comment_status":"closed","ping_status":"closed","sticky":false,"template":"","format":"standard","meta":[],"categories":[46,1],"tags":[],"_links":{"self":[{"href":"http:\/\/aeaf.edu.pt\/index.php?rest_route=\/wp\/v2\/posts\/5010"}],"collection":[{"href":"http:\/\/aeaf.edu.pt\/index.php?rest_route=\/wp\/v2\/posts"}],"about":[{"href":"http:\/\/aeaf.edu.pt\/index.php?rest_route=\/wp\/v2\/types\/post"}],"author":[{"embeddable":true,"href":"http:\/\/aeaf.edu.pt\/index.php?rest_route=\/wp\/v2\/users\/5"}],"replies":[{"embeddable":true,"href":"http:\/\/aeaf.edu.pt\/index.php?rest_route=%2Fwp%2Fv2%2Fcomments&post=5010"}],"version-history":[{"count":21,"href":"http:\/\/aeaf.edu.pt\/index.php?rest_route=\/wp\/v2\/posts\/5010\/revisions"}],"predecessor-version":[{"id":5180,"href":"http:\/\/aeaf.edu.pt\/index.php?rest_route=\/wp\/v2\/posts\/5010\/revisions\/5180"}],"wp:featuredmedia":[{"embeddable":true,"href":"http:\/\/aeaf.edu.pt\/index.php?rest_route=\/wp\/v2\/media\/5088"}],"wp:attachment":[{"href":"http:\/\/aeaf.edu.pt\/index.php?rest_route=%2Fwp%2Fv2%2Fmedia&parent=5010"}],"wp:term":[{"taxonomy":"category","embeddable":true,"href":"http:\/\/aeaf.edu.pt\/index.php?rest_route=%2Fwp%2Fv2%2Fcategories&post=5010"},{"taxonomy":"post_tag","embeddable":true,"href":"http:\/\/aeaf.edu.pt\/index.php?rest_route=%2Fwp%2Fv2%2Ftags&post=5010"}],"curies":[{"name":"wp","href":"https:\/\/api.w.org\/{rel}","templated":true}]}}