{"id":5092,"date":"2015-09-11T12:53:39","date_gmt":"2015-09-11T12:53:39","guid":{"rendered":"http:\/\/aeaf.edu.pt\/?p=5092"},"modified":"2015-11-11T17:38:28","modified_gmt":"2015-11-11T17:38:28","slug":"concurso-para-lecionacao-das-atividades-de-enriquecimento-curricular","status":"publish","type":"post","link":"http:\/\/aeaf.edu.pt\/?p=5092","title":{"rendered":"Concurso para leciona\u00e7\u00e3o das Atividades de Enriquecimento Curricular"},"content":{"rendered":"<p style=\"text-align: center;\"><strong><span style=\"color: #000000;\">Concurso P\u00fablico<\/span><\/strong><\/p>\n<p style=\"text-align: justify;\"><span style=\"color: #000000;\">Nos termos do n\u00famero 6, do artigo 6.\u00ba, do Decreto-Lei 212\/2009, de 3 de setembro, Manuel David Macedo Louren\u00e7o, na qualidade de diretor do Agrupamento de Escolas Alcaides de Faria, Barcelos, torna p\u00fablico o procedimento concursal para sele\u00e7\u00e3o e recrutamento de recursos humanos que visam assegurar necessidades tempor\u00e1rias no \u00e2mbito das Atividades de Enriquecimento Curricular (AEC).<\/span><\/p>\n<p style=\"text-align: center;\"><strong><span style=\"color: #000000;\">\u00a0Documento a descarregar:\u00a0<\/span><span style=\"text-decoration: underline;\"><span style=\"color: #000000;\"><a href=\"http:\/\/aeaf.edu.pt\/wp-content\/uploads\/2015\/09\/Edital_AEC_2015-2016.pdf\" target=\"_blank\"><span style=\"color: #000000; text-decoration: underline;\">Edital_AEC_2015-2016<\/span><\/a><\/span><\/span><\/strong><\/p>\n<p style=\"text-align: center;\"><a href=\"http:\/\/aeaf.edu.pt\/wp-content\/uploads\/2015\/03\/separador.png\"><img loading=\"lazy\" class=\"alignnone size-medium wp-image-4528\" src=\"http:\/\/aeaf.edu.pt\/wp-content\/uploads\/2015\/03\/separador-300x30.png\" alt=\"separador\" width=\"300\" height=\"30\" srcset=\"http:\/\/aeaf.edu.pt\/wp-content\/uploads\/2015\/03\/separador-300x30.png 300w, http:\/\/aeaf.edu.pt\/wp-content\/uploads\/2015\/03\/separador-705x72.png 705w, http:\/\/aeaf.edu.pt\/wp-content\/uploads\/2015\/03\/separador-450x45.png 450w, http:\/\/aeaf.edu.pt\/wp-content\/uploads\/2015\/03\/separador.png 734w\" sizes=\"(max-width: 300px) 100vw, 300px\" \/><\/a><\/p>\n<h3 style=\"text-align: justify;\"><strong><span style=\"color: #000000;\">Concurso AEC &#8211; Listas ordenadas de candidatos:<\/span><\/strong><\/h3>\n<p style=\"padding-left: 120px; text-align: left;\"><strong><span style=\"color: #000000;\">Oferta 1939 \u2013 Inicia\u00e7\u00e3o ao Ingl\u00eas: <\/span><span style=\"text-decoration: underline;\"><a href=\"http:\/\/aeaf.edu.pt\/wp-content\/uploads\/2015\/09\/Lista_Ordenada_1939.pdf\" target=\"_blank\"><span style=\"color: #000000; text-decoration: underline;\">Lista_Ordenada_1939<\/span><\/a><\/span><\/strong><br \/>\n<strong><span style=\"color: #000000;\">Oferta 1946 \u2013 Atividade F\u00edsica e Desportiva: <\/span><span style=\"text-decoration: underline;\"><a href=\"http:\/\/aeaf.edu.pt\/wp-content\/uploads\/2015\/09\/Lista_Ordenada_1946.pdf\" target=\"_blank\"><span style=\"color: #000000; text-decoration: underline;\">Lista_Ordenada_1946<\/span><\/a><\/span><\/strong><br \/>\n<strong><span style=\"color: #000000;\">Oferta 1950 \u2013 Express\u00e3o Pl\u00e1stica: <\/span><span style=\"text-decoration: underline;\"><a href=\"http:\/\/aeaf.edu.pt\/wp-content\/uploads\/2015\/09\/Lista_Ordenada_1950.pdf\" target=\"_blank\"><span style=\"color: #000000; text-decoration: underline;\">Lista_Ordenada_1950<\/span><\/a><\/span><\/strong><br \/>\n<strong><span style=\"color: #000000;\">Oferta 1952 \u2013 Express\u00e3o Pl\u00e1stica:\u00a0<\/span><span style=\"text-decoration: underline;\"><a href=\"http:\/\/aeaf.edu.pt\/wp-content\/uploads\/2015\/09\/Lista_Ordenada_1952.pdf\" target=\"_blank\"><span style=\"color: #000000; text-decoration: underline;\">Lista_Ordenada_1952<\/span><\/a><\/span><\/strong><\/p>\n","protected":false},"excerpt":{"rendered":"<p>Concurso P\u00fablico Nos termos do n\u00famero 6, do artigo 6.\u00ba, do Decreto-Lei 212\/2009, de 3 de setembro, Manuel David Macedo Louren\u00e7o, na qualidade de diretor do Agrupamento de Escolas Alcaides de Faria, Barcelos, torna p\u00fablico o procedimento concursal para sele\u00e7\u00e3o e recrutamento de recursos humanos que visam assegurar necessidades tempor\u00e1rias no \u00e2mbito das Atividades de [&hellip;]<\/p>\n","protected":false},"author":5,"featured_media":5147,"comment_status":"closed","ping_status":"closed","sticky":false,"template":"","format":"standard","meta":[],"categories":[46,1],"tags":[],"_links":{"self":[{"href":"http:\/\/aeaf.edu.pt\/index.php?rest_route=\/wp\/v2\/posts\/5092"}],"collection":[{"href":"http:\/\/aeaf.edu.pt\/index.php?rest_route=\/wp\/v2\/posts"}],"about":[{"href":"http:\/\/aeaf.edu.pt\/index.php?rest_route=\/wp\/v2\/types\/post"}],"author":[{"embeddable":true,"href":"http:\/\/aeaf.edu.pt\/index.php?rest_route=\/wp\/v2\/users\/5"}],"replies":[{"embeddable":true,"href":"http:\/\/aeaf.edu.pt\/index.php?rest_route=%2Fwp%2Fv2%2Fcomments&post=5092"}],"version-history":[{"count":14,"href":"http:\/\/aeaf.edu.pt\/index.php?rest_route=\/wp\/v2\/posts\/5092\/revisions"}],"predecessor-version":[{"id":5288,"href":"http:\/\/aeaf.edu.pt\/index.php?rest_route=\/wp\/v2\/posts\/5092\/revisions\/5288"}],"wp:featuredmedia":[{"embeddable":true,"href":"http:\/\/aeaf.edu.pt\/index.php?rest_route=\/wp\/v2\/media\/5147"}],"wp:attachment":[{"href":"http:\/\/aeaf.edu.pt\/index.php?rest_route=%2Fwp%2Fv2%2Fmedia&parent=5092"}],"wp:term":[{"taxonomy":"category","embeddable":true,"href":"http:\/\/aeaf.edu.pt\/index.php?rest_route=%2Fwp%2Fv2%2Fcategories&post=5092"},{"taxonomy":"post_tag","embeddable":true,"href":"http:\/\/aeaf.edu.pt\/index.php?rest_route=%2Fwp%2Fv2%2Ftags&post=5092"}],"curies":[{"name":"wp","href":"https:\/\/api.w.org\/{rel}","templated":true}]}}