{"id":5106,"date":"2015-09-14T13:07:45","date_gmt":"2015-09-14T13:07:45","guid":{"rendered":"http:\/\/aeaf.edu.pt\/?p=5106"},"modified":"2015-10-23T17:50:33","modified_gmt":"2015-10-23T17:50:33","slug":"contratacao-de-escola-2","status":"publish","type":"post","link":"http:\/\/aeaf.edu.pt\/?p=5106","title":{"rendered":"Contrata\u00e7\u00e3o de Escola"},"content":{"rendered":"<h4 style=\"padding-left: 90px; text-align: center;\"><strong><span style=\"color: #000000;\">Concurso de Contrata\u00e7\u00e3o de Escola, para o grupos disciplinares.<\/span><\/strong><\/h4>\n<p>&nbsp;<\/p>\n<p style=\"text-align: justify; padding-left: 90px;\"><em><strong><span style=\"color: #000000;\">Grupo Disciplinar de:<\/span><\/strong><\/em><\/p>\n<p style=\"padding-left: 90px; text-align: center;\"><strong><span style=\"color: #000000;\"> Educa\u00e7\u00e3o Especial 1 (910) &#8211; <span style=\"color: #000000;\">Hor\u00e1rio 58 &#8211;&gt;\u00a0<\/span><\/span><span style=\"text-decoration: underline;\"><span style=\"color: #000000; text-decoration: underline;\"><a href=\"http:\/\/aeaf.edu.pt\/wp-content\/uploads\/2015\/09\/Edital-7.pdf\" target=\"_blank\"><span style=\"color: #000000; text-decoration: underline;\">Edital 7 <\/span><\/a><\/span><\/span><\/strong><\/p>\n<p style=\"padding-left: 90px; text-align: center;\">***<\/p>\n<p style=\"padding-left: 90px; text-align: left;\"><strong><span style=\"color: #000000;\">Lista de Ordena\u00e7\u00e3o -Gradua\u00e7\u00e3o Profissional:<\/span><\/strong><\/p>\n<p style=\"padding-left: 90px; text-align: center;\"><strong><span style=\"text-decoration: underline;\"><a href=\"http:\/\/aeaf.edu.pt\/wp-content\/uploads\/2015\/09\/Lista-Ordena\u00e7\u00e3o-Gradua\u00e7\u00e3o-Profissional-Hor\u00e1rio-58.pdf\" target=\"_blank\"><span style=\"color: #000000; text-decoration: underline;\"><span style=\"color: #000000; text-decoration: underline;\">Lista Ordena\u00e7\u00e3o Gradua\u00e7\u00e3o Profissional Hor\u00e1rio 58<\/span><\/span><\/a><\/span><\/strong><\/p>\n<p style=\"padding-left: 90px; text-align: center;\">***<\/p>\n<p style=\"padding-left: 90px; text-align: left;\"><strong><span style=\"color: #000000;\">Lista de Classifica\u00e7\u00e3o Final do Hor\u00e1rio 58<a href=\"http:\/\/aeaf.edu.pt\/wp-content\/uploads\/2014\/09\/novo-3.gif\"><span style=\"color: #000000;\"><img loading=\"lazy\" class=\"alignnone size-full wp-image-4014\" src=\"http:\/\/aeaf.edu.pt\/wp-content\/uploads\/2014\/09\/novo-3.gif\" alt=\"novo 3\" width=\"44\" height=\"16\" \/><\/span><\/a>:<\/span><\/strong><\/p>\n<p style=\"padding-left: 90px; text-align: center;\"><strong><span style=\"text-decoration: underline;\"><a href=\"http:\/\/aeaf.edu.pt\/wp-content\/uploads\/2015\/09\/Lista-de-Classifica\u00e7\u00e3o-Final-H58.pdf\" target=\"_blank\"><span style=\"color: #000000; text-decoration: underline;\"><span style=\"color: #000000; text-decoration: underline;\">Lista de Classifica\u00e7\u00e3o Final Hor\u00e1rio58<\/span><\/span><\/a><\/span><\/strong><\/p>\n<p style=\"padding-left: 90px; text-align: center;\"><span style=\"color: #000000;\"><a href=\"http:\/\/aeaf.edu.pt\/wp-content\/uploads\/2015\/03\/SeparadorPost1.png\"><img loading=\"lazy\" class=\"alignnone wp-image-4536\" src=\"http:\/\/aeaf.edu.pt\/wp-content\/uploads\/2015\/03\/SeparadorPost1-300x18.png\" alt=\"SeparadorPost1\" width=\"537\" height=\"18\" \/><\/a><\/span><\/p>\n<p style=\"text-align: justify; padding-left: 90px;\"><em><strong><span style=\"color: #000000;\">Grupo Disciplinar de:<\/span><\/strong><\/em><\/p>\n<p style=\"padding-left: 90px; text-align: center;\"><strong><span style=\"color: #000000;\"> Educa\u00e7\u00e3o Moral e Religiosa Cat\u00f3lica (290) &#8211; Hor\u00e1rio 59 &#8211;&gt;\u00a0<\/span><\/strong><a href=\"http:\/\/aeaf.edu.pt\/wp-content\/uploads\/2015\/09\/Edital-8.pdf\" target=\"_blank\"><span style=\"text-decoration: underline;\"><strong><span style=\"color: #000000; text-decoration: underline;\">Edital 8<\/span><\/strong><\/span><\/a><\/p>\n<p style=\"padding-left: 90px; text-align: center;\"><strong><span style=\"color: #000000;\">Educa\u00e7\u00e3o Moral e Religiosa Cat\u00f3lica (290) &#8211; Hor\u00e1rio 60 &#8211;&gt;\u00a0<\/span><\/strong><a href=\"http:\/\/aeaf.edu.pt\/wp-content\/uploads\/2015\/09\/Edital-9.pdf\" target=\"_blank\"><span style=\"text-decoration: underline;\"><strong><span style=\"color: #000000; text-decoration: underline;\">Edital 9<\/span><\/strong><\/span><\/a><\/p>\n<p style=\"padding-left: 90px; text-align: center;\"><strong><span style=\"color: #000000;\">Educa\u00e7\u00e3o Moral e Religiosa Cat\u00f3lica (290) &#8211; Hor\u00e1rio 61 &#8211;&gt;\u00a0<\/span><\/strong><a href=\"http:\/\/aeaf.edu.pt\/wp-content\/uploads\/2015\/09\/Edital-10.pdf\" target=\"_blank\"><span style=\"text-decoration: underline;\"><strong><span style=\"color: #000000; text-decoration: underline;\">Edital 10<\/span><\/strong><\/span><\/a><\/p>\n<p style=\"padding-left: 90px; text-align: center;\"><strong><span style=\"color: #000000;\">Educa\u00e7\u00e3o Moral e Religiosa Cat\u00f3lica (290) &#8211; Hor\u00e1rio 62 &#8211;&gt;\u00a0<\/span><\/strong><a href=\"http:\/\/aeaf.edu.pt\/wp-content\/uploads\/2015\/09\/Edital-11.pdf\" target=\"_blank\"><span style=\"text-decoration: underline;\"><strong><span style=\"color: #000000; text-decoration: underline;\">Edital 11<\/span><\/strong><\/span><\/a><\/p>\n<p style=\"padding-left: 90px; text-align: center;\">***<\/p>\n<p style=\"padding-left: 90px; text-align: left;\"><strong><span style=\"color: #000000;\">Lista de Ordena\u00e7\u00e3o -Gradua\u00e7\u00e3o Profissional:<\/span><\/strong><\/p>\n<p style=\"padding-left: 90px; text-align: center;\"><strong><span style=\"text-decoration: underline;\"><a href=\"http:\/\/aeaf.edu.pt\/wp-content\/uploads\/2015\/09\/Lista-Ordena\u00e7\u00e3o-Gradua\u00e7\u00e3o-Profissional-Hor\u00e1rio-59.pdf\" target=\"_blank\"><span style=\"color: #000000; text-decoration: underline;\"><span style=\"color: #000000; text-decoration: underline;\">Lista Ordena\u00e7\u00e3o Gradua\u00e7\u00e3o Profissional Hor\u00e1rio 59<\/span><\/span><\/a><\/span><\/strong><\/p>\n<p style=\"padding-left: 90px; text-align: center;\"><strong><span style=\"text-decoration: underline;\"><a href=\"http:\/\/aeaf.edu.pt\/wp-content\/uploads\/2015\/09\/Lista-Ordena\u00e7\u00e3o-Gradua\u00e7\u00e3o-Profissional-Hor\u00e1rio-60.pdf\" target=\"_blank\"><span style=\"color: #000000; text-decoration: underline;\"><span style=\"color: #000000; text-decoration: underline;\">Lista Ordena\u00e7\u00e3o Gradua\u00e7\u00e3o Profissional Hor\u00e1rio 60<\/span><\/span><\/a><\/span><\/strong><\/p>\n<p style=\"padding-left: 90px; text-align: center;\"><strong><span style=\"text-decoration: underline;\"><a href=\"http:\/\/aeaf.edu.pt\/wp-content\/uploads\/2015\/09\/Lista-Ordena\u00e7\u00e3o-Gradua\u00e7\u00e3o-Profissional-Hor\u00e1rio-61.pdf\" target=\"_blank\"><span style=\"color: #000000; text-decoration: underline;\"><span style=\"color: #000000; text-decoration: underline;\">Lista Ordena\u00e7\u00e3o Gradua\u00e7\u00e3o Profissional Hor\u00e1rio 61<\/span><\/span><\/a><\/span><\/strong><\/p>\n<p style=\"padding-left: 90px; text-align: center;\"><strong><span style=\"text-decoration: underline;\"><span style=\"color: #000000;\"><a style=\"color: #000000; text-decoration: underline;\" href=\"http:\/\/aeaf.edu.pt\/wp-content\/uploads\/2015\/09\/Lista-Ordena\u00e7\u00e3o-Gradua\u00e7\u00e3o-Profissional-Hor\u00e1rio62.pdf\">Lista Ordena\u00e7\u00e3o Gradua\u00e7\u00e3o Profissional Hor\u00e1rio62<\/a><\/span><\/span><\/strong><\/p>\n<p style=\"padding-left: 90px; text-align: center;\">***<\/p>\n<p style=\"padding-left: 90px; text-align: left;\"><strong><span style=\"color: #000000;\">Lista de Classifica\u00e7\u00e3o Final de Hor\u00e1rios<a href=\"http:\/\/aeaf.edu.pt\/wp-content\/uploads\/2014\/09\/novo-3.gif\"><span style=\"color: #000000;\"><img loading=\"lazy\" class=\"alignnone size-full wp-image-4014\" src=\"http:\/\/aeaf.edu.pt\/wp-content\/uploads\/2014\/09\/novo-3.gif\" alt=\"novo 3\" width=\"44\" height=\"16\" \/><\/span><\/a>:<\/span><\/strong><\/p>\n<p style=\"padding-left: 90px; text-align: center;\"><strong><span style=\"text-decoration: underline;\"><a href=\"http:\/\/aeaf.edu.pt\/wp-content\/uploads\/2015\/09\/Lista-de-Classifica\u00e7\u00e3o-Final-H59.pdf\" target=\"_blank\"><span style=\"color: #000000;\"><span style=\"color: #000000; text-decoration: underline;\">Lista de Classifica\u00e7\u00e3o Final Hor\u00e1rio59<\/span><\/span><\/a><\/span><\/strong><\/p>\n<p style=\"padding-left: 90px; text-align: center;\"><span style=\"text-decoration: underline;\"><strong><span style=\"color: #000000;\"><a href=\"http:\/\/aeaf.edu.pt\/wp-content\/uploads\/2015\/09\/Lista-de-Classifica\u00e7\u00e3o-Final-H60.pdf\" target=\"_blank\"><span style=\"color: #000000; text-decoration: underline;\">Lista de Classifica\u00e7\u00e3o Final Hor\u00e1rio60<\/span><\/a><\/span><\/strong><\/span><\/p>\n<p style=\"padding-left: 90px; text-align: center;\"><strong><span style=\"text-decoration: underline;\"><a href=\"http:\/\/aeaf.edu.pt\/wp-content\/uploads\/2015\/09\/Lista-de-Classifica\u00e7\u00e3o-Final-H61.pdf\" target=\"_blank\"><span style=\"color: #000000; text-decoration: underline;\"><span style=\"color: #000000; text-decoration: underline;\">Lista de Classifica\u00e7\u00e3o Final Hor\u00e1rio61<\/span><\/span><\/a><\/span><\/strong><\/p>\n<p style=\"padding-left: 90px; text-align: center;\"><span style=\"text-decoration: underline;\"><strong><a href=\"http:\/\/aeaf.edu.pt\/wp-content\/uploads\/2015\/09\/Lista-de-Classifica\u00e7\u00e3o-Final-H62.pdf\" target=\"_blank\"><span style=\"color: #000000; text-decoration: underline;\"><span style=\"color: #000000; text-decoration: underline;\">Lista de Classifica\u00e7\u00e3o Final Hor\u00e1rio62<\/span><\/span><\/a><\/strong><\/span><\/p>\n<p style=\"padding-left: 90px; text-align: center;\"><span style=\"color: #000000;\">\u2022\u2022\u2022\u2022\u2022\u2022\u2022\u2022\u2022\u2022\u2022\u2022\u2022\u2022\u2022\u2022\u2022\u2022\u2022\u2022<\/span><\/p>\n<p style=\"padding-left: 90px; text-align: center;\"><em><strong><span style=\"color: #000000;\">Para todos os Grupos de Recrutamento:\u00a0 <\/span><\/strong><\/em><span style=\"text-decoration: underline;\"><strong><span style=\"color: #000000; text-decoration: underline;\"><a href=\"http:\/\/aeaf.edu.pt\/wp-content\/uploads\/2015\/09\/Avalia\u00e7\u00e3o-Curricular-Crit\u00e9rios.pdf\" target=\"_blank\"><span style=\"color: #000000; text-decoration: underline;\">Avalia\u00e7\u00e3o Curricular &#8211; Crit\u00e9rios<\/span><\/a><\/span><\/strong><\/span><\/p>\n","protected":false},"excerpt":{"rendered":"<p>Concurso de Contrata\u00e7\u00e3o de Escola, para o grupos disciplinares. &nbsp; Grupo Disciplinar de: Educa\u00e7\u00e3o Especial 1 (910) &#8211; Hor\u00e1rio 58 &#8211;&gt;\u00a0Edital 7 *** Lista de Ordena\u00e7\u00e3o -Gradua\u00e7\u00e3o Profissional: Lista Ordena\u00e7\u00e3o Gradua\u00e7\u00e3o Profissional Hor\u00e1rio 58 *** Lista de Classifica\u00e7\u00e3o Final do Hor\u00e1rio 58: Lista de Classifica\u00e7\u00e3o Final Hor\u00e1rio58 Grupo Disciplinar de: Educa\u00e7\u00e3o Moral e Religiosa Cat\u00f3lica [&hellip;]<\/p>\n","protected":false},"author":5,"featured_media":5088,"comment_status":"closed","ping_status":"closed","sticky":false,"template":"","format":"standard","meta":[],"categories":[46,1],"tags":[],"_links":{"self":[{"href":"http:\/\/aeaf.edu.pt\/index.php?rest_route=\/wp\/v2\/posts\/5106"}],"collection":[{"href":"http:\/\/aeaf.edu.pt\/index.php?rest_route=\/wp\/v2\/posts"}],"about":[{"href":"http:\/\/aeaf.edu.pt\/index.php?rest_route=\/wp\/v2\/types\/post"}],"author":[{"embeddable":true,"href":"http:\/\/aeaf.edu.pt\/index.php?rest_route=\/wp\/v2\/users\/5"}],"replies":[{"embeddable":true,"href":"http:\/\/aeaf.edu.pt\/index.php?rest_route=%2Fwp%2Fv2%2Fcomments&post=5106"}],"version-history":[{"count":29,"href":"http:\/\/aeaf.edu.pt\/index.php?rest_route=\/wp\/v2\/posts\/5106\/revisions"}],"predecessor-version":[{"id":5253,"href":"http:\/\/aeaf.edu.pt\/index.php?rest_route=\/wp\/v2\/posts\/5106\/revisions\/5253"}],"wp:featuredmedia":[{"embeddable":true,"href":"http:\/\/aeaf.edu.pt\/index.php?rest_route=\/wp\/v2\/media\/5088"}],"wp:attachment":[{"href":"http:\/\/aeaf.edu.pt\/index.php?rest_route=%2Fwp%2Fv2%2Fmedia&parent=5106"}],"wp:term":[{"taxonomy":"category","embeddable":true,"href":"http:\/\/aeaf.edu.pt\/index.php?rest_route=%2Fwp%2Fv2%2Fcategories&post=5106"},{"taxonomy":"post_tag","embeddable":true,"href":"http:\/\/aeaf.edu.pt\/index.php?rest_route=%2Fwp%2Fv2%2Ftags&post=5106"}],"curies":[{"name":"wp","href":"https:\/\/api.w.org\/{rel}","templated":true}]}}