{"id":5224,"date":"2015-10-16T15:17:51","date_gmt":"2015-10-16T15:17:51","guid":{"rendered":"http:\/\/aeaf.edu.pt\/?p=5224"},"modified":"2015-11-11T17:34:36","modified_gmt":"2015-11-11T17:34:36","slug":"contratacao-de-escola-grupo-disciplinar-290-e-m-r-c","status":"publish","type":"post","link":"http:\/\/aeaf.edu.pt\/?p=5224","title":{"rendered":"Contrata\u00e7\u00e3o de Escola &#8211; Grupo Disciplinar 290 &#8211; E.M.R.C."},"content":{"rendered":"<p style=\"text-align: center;\"><strong><span style=\"color: #000000;\">Grupo de Recrutamento (<em>290<\/em>), para lecionar as disciplinas de Educa\u00e7\u00e3o Moral e Religiosa Cat\u00f3lica, com 03 horas semanais (<em>Hor\u00e1rio n.\u00ba 71<\/em>).<\/span><\/strong><\/p>\n<p style=\"text-align: center;\"><strong><span style=\"color: #000000;\">Documento a descarregar:\u00a0<\/span><span style=\"text-decoration: underline;\"><span style=\"color: #000000;\"><a style=\"color: #000000; text-decoration: underline;\" href=\"http:\/\/aeaf.edu.pt\/wp-content\/uploads\/2015\/10\/Edital-12.pdf\" target=\"_blank\">Edital 12<\/a><\/span><\/span><\/strong><\/p>\n<p style=\"text-align: center;\"><strong><span style=\"color: #000000;\">Documento a descarregar: <\/span><span style=\"text-decoration: underline;\"><span style=\"color: #000000;\"><a style=\"color: #000000; text-decoration: underline;\" href=\"http:\/\/aeaf.edu.pt\/wp-content\/uploads\/2015\/10\/Avalia\u00e7\u00e3o-Curricular-Crit\u00e9rios.pdf\" target=\"_blank\">Avalia\u00e7\u00e3o Curricular &#8211; Crit\u00e9rios<\/a><\/span><\/span><\/strong><\/p>\n<p style=\"text-align: center;\"><strong><span style=\"color: #000000;\">Documento a descarregar: <\/span><span style=\"text-decoration: underline;\"><a href=\"http:\/\/aeaf.edu.pt\/wp-content\/uploads\/2015\/10\/Lista-Ordena\u00e7\u00e3o-Gradua\u00e7\u00e3o-Profissional-Hor\u00e1rio-71.pdf\" target=\"_blank\"><span style=\"color: #000000; text-decoration: underline;\">Lista Ordena\u00e7\u00e3o Gradua\u00e7\u00e3o Profissional Hor\u00e1rio 71<\/span><\/a><\/span><\/strong><\/p>\n<p style=\"text-align: center;\"><strong><span style=\"color: #000000;\">Documento a descarregar<a href=\"http:\/\/aeaf.edu.pt\/wp-content\/uploads\/2014\/09\/novo-3.gif\" data-id=\"4014\"><img loading=\"lazy\" class=\"alignnone size-full wp-image-4014\" src=\"http:\/\/aeaf.edu.pt\/wp-content\/uploads\/2014\/09\/novo-3.gif\" alt=\"novo 3\" width=\"44\" height=\"16\" \/><\/a>: <\/span><span style=\"text-decoration: underline;\"><a href=\"http:\/\/aeaf.edu.pt\/wp-content\/uploads\/2015\/10\/Lista-de-Classifica\u00e7\u00e3o-Final-H71.pdf\" target=\"_blank\"><span style=\"color: #000000; text-decoration: underline;\">Lista de Classifica\u00e7\u00e3o Final H71<\/span><\/a><\/span><\/strong><a href=\"http:\/\/aeaf.edu.pt\/wp-content\/uploads\/2015\/03\/separador-1.png\" data-id=\"4496\"><img loading=\"lazy\" class=\"wp-image-4496 aligncenter\" src=\"http:\/\/aeaf.edu.pt\/wp-content\/uploads\/2015\/03\/separador-1-300x64.png\" alt=\"separador-1\" width=\"272\" height=\"58\" srcset=\"http:\/\/aeaf.edu.pt\/wp-content\/uploads\/2015\/03\/separador-1-300x64.png 300w, http:\/\/aeaf.edu.pt\/wp-content\/uploads\/2015\/03\/separador-1-450x96.png 450w, http:\/\/aeaf.edu.pt\/wp-content\/uploads\/2015\/03\/separador-1.png 700w\" sizes=\"(max-width: 272px) 100vw, 272px\" \/><\/a><span style=\"color: #000000;\"><strong><span style=\"color: #000080;\">AVISO:<\/span><\/strong>\u00a0Os Curr\u00edculos dos candidatos aos hor\u00e1rios de <span style=\"text-decoration: underline;\"><em>Contrata\u00e7\u00e3o de Escola<\/em><\/span> devem ser enviados, durante o prazo previsto para a candidatura, para o seguinte endere\u00e7o eletr\u00f3nico: <em><span style=\"text-decoration: underline;\">concursos@aeaf.edu.pt<\/span><\/em><\/span><\/p>\n","protected":false},"excerpt":{"rendered":"<p>Grupo de Recrutamento (290), para lecionar as disciplinas de Educa\u00e7\u00e3o Moral e Religiosa Cat\u00f3lica, com 03 horas semanais (Hor\u00e1rio n.\u00ba 71). Documento a descarregar:\u00a0Edital 12 Documento a descarregar: Avalia\u00e7\u00e3o Curricular &#8211; Crit\u00e9rios Documento a descarregar: Lista Ordena\u00e7\u00e3o Gradua\u00e7\u00e3o Profissional Hor\u00e1rio 71 Documento a descarregar: Lista de Classifica\u00e7\u00e3o Final H71AVISO:\u00a0Os Curr\u00edculos dos candidatos aos hor\u00e1rios de [&hellip;]<\/p>\n","protected":false},"author":5,"featured_media":0,"comment_status":"closed","ping_status":"closed","sticky":false,"template":"","format":"standard","meta":[],"categories":[46,1],"tags":[],"_links":{"self":[{"href":"http:\/\/aeaf.edu.pt\/index.php?rest_route=\/wp\/v2\/posts\/5224"}],"collection":[{"href":"http:\/\/aeaf.edu.pt\/index.php?rest_route=\/wp\/v2\/posts"}],"about":[{"href":"http:\/\/aeaf.edu.pt\/index.php?rest_route=\/wp\/v2\/types\/post"}],"author":[{"embeddable":true,"href":"http:\/\/aeaf.edu.pt\/index.php?rest_route=\/wp\/v2\/users\/5"}],"replies":[{"embeddable":true,"href":"http:\/\/aeaf.edu.pt\/index.php?rest_route=%2Fwp%2Fv2%2Fcomments&post=5224"}],"version-history":[{"count":12,"href":"http:\/\/aeaf.edu.pt\/index.php?rest_route=\/wp\/v2\/posts\/5224\/revisions"}],"predecessor-version":[{"id":5251,"href":"http:\/\/aeaf.edu.pt\/index.php?rest_route=\/wp\/v2\/posts\/5224\/revisions\/5251"}],"wp:attachment":[{"href":"http:\/\/aeaf.edu.pt\/index.php?rest_route=%2Fwp%2Fv2%2Fmedia&parent=5224"}],"wp:term":[{"taxonomy":"category","embeddable":true,"href":"http:\/\/aeaf.edu.pt\/index.php?rest_route=%2Fwp%2Fv2%2Fcategories&post=5224"},{"taxonomy":"post_tag","embeddable":true,"href":"http:\/\/aeaf.edu.pt\/index.php?rest_route=%2Fwp%2Fv2%2Ftags&post=5224"}],"curies":[{"name":"wp","href":"https:\/\/api.w.org\/{rel}","templated":true}]}}