{"id":5243,"date":"2015-10-21T18:07:07","date_gmt":"2015-10-21T18:07:07","guid":{"rendered":"http:\/\/aeaf.edu.pt\/?p=5243"},"modified":"2015-11-20T20:14:03","modified_gmt":"2015-11-20T20:14:03","slug":"outubro-rosa","status":"publish","type":"post","link":"http:\/\/aeaf.edu.pt\/?p=5243","title":{"rendered":"Outubro Rosa"},"content":{"rendered":"<p style=\"text-align: justify;\"><span style=\"color: #000000;\">A Escola Secund\u00e1ria Alcaides de Faria associa-se \u00e0s comemora\u00e7\u00f5es do<\/span> <strong><span style=\"color: #ff00ff;\">\u201cOutubro Rosa\u201d<\/span><\/strong> <span style=\"color: #000000;\">e\u00a0\u00e0 campanha de consciencializa\u00e7\u00e3o que tem como objetivo principal alertar as mulheres e a sociedade sobre a import\u00e2ncia da preven\u00e7\u00e3o e do diagn\u00f3stico precoce do\u00a0<a style=\"color: #000000;\" href=\"https:\/\/pt.wikipedia.org\/wiki\/C%C3%A2ncer_de_mama\">cancro<\/a> da mama.<\/span><\/p>\n<p style=\"text-align: justify;\"><span style=\"color: #000000;\">Durante o m\u00eas de outubro a escola entrou na<\/span> <strong><span style=\"color: #ff00ff;\">\u201cOnda Rosa\u201d<\/span>,<\/strong> <span style=\"color: #000000;\">realizando algumas atividades com os alunos. A \u00e1rea disciplinar de Biologia e Geologia e a disciplina de ESC convida a todos a vestir uma pe\u00e7a de roupa cor-de-rosa no dia 30 de outubro e a juntarem-se no \u00e1trio da escola, durante o 1\u00ba intervalo da manh\u00e3, para construirmos um La\u00e7o Humano, s\u00edmbolo desta campanha e assim fazermos uma pequena homenagem a quem est\u00e1 a lutar contra esta doen\u00e7a ou a quem j\u00e1 partiu.<\/span><\/p>\n<p style=\"text-align: justify;\"><span style=\"color: #000000;\">Agradecemos a vossa colabora\u00e7\u00e3o\u2026 Junta-te a n\u00f3s e n\u00e3o te esque\u00e7as de participar! Veste-te de cor-de-rosa!<\/span><\/p>\n<p style=\"text-align: center;\"><a href=\"http:\/\/aeaf.edu.pt\/wp-content\/uploads\/2015\/10\/outRosa.png\" data-id=\"5255\"><img loading=\"lazy\" class=\"alignnone size-medium wp-image-5255\" src=\"http:\/\/aeaf.edu.pt\/wp-content\/uploads\/2015\/10\/outRosa-300x112.png\" alt=\"outRosa\" width=\"300\" height=\"112\" srcset=\"http:\/\/aeaf.edu.pt\/wp-content\/uploads\/2015\/10\/outRosa-300x112.png 300w, http:\/\/aeaf.edu.pt\/wp-content\/uploads\/2015\/10\/outRosa.png 351w\" sizes=\"(max-width: 300px) 100vw, 300px\" \/><\/a><\/p>\n<p style=\"text-align: center;\"><strong><span style=\"color: #000000;\">La\u00e7o Humano, 30 outubro 2015, ESAF &#8211; Barcelos.\u00a0<\/span><\/strong><\/p>\n<p style=\"text-align: center;\"><a href=\"http:\/\/aeaf.edu.pt\/wp-content\/uploads\/2015\/10\/OndaRosaESAF.jpg\" data-id=\"5282\"><img loading=\"lazy\" class=\"alignnone size-medium wp-image-5282\" src=\"http:\/\/aeaf.edu.pt\/wp-content\/uploads\/2015\/10\/OndaRosaESAF-300x169.jpg\" alt=\"OndaRosaESAF\" width=\"300\" height=\"169\" srcset=\"http:\/\/aeaf.edu.pt\/wp-content\/uploads\/2015\/10\/OndaRosaESAF-300x169.jpg 300w, http:\/\/aeaf.edu.pt\/wp-content\/uploads\/2015\/10\/OndaRosaESAF-1030x579.jpg 1030w, http:\/\/aeaf.edu.pt\/wp-content\/uploads\/2015\/10\/OndaRosaESAF-705x396.jpg 705w, http:\/\/aeaf.edu.pt\/wp-content\/uploads\/2015\/10\/OndaRosaESAF-450x253.jpg 450w, http:\/\/aeaf.edu.pt\/wp-content\/uploads\/2015\/10\/OndaRosaESAF.jpg 1366w\" sizes=\"(max-width: 300px) 100vw, 300px\" \/><\/a><\/p>\n<p style=\"text-align: center;\"><em><strong><span style=\"color: #000000;\">&#8220;Agradecemos a todos que vestiram rosa e contribu\u00edram para que isso fosse poss\u00edvel.&#8221;<\/span><\/strong><\/em><\/p>\n","protected":false},"excerpt":{"rendered":"<p>A Escola Secund\u00e1ria Alcaides de Faria associa-se \u00e0s comemora\u00e7\u00f5es do \u201cOutubro Rosa\u201d e\u00a0\u00e0 campanha de consciencializa\u00e7\u00e3o que tem como objetivo principal alertar as mulheres e a sociedade sobre a import\u00e2ncia da preven\u00e7\u00e3o e do diagn\u00f3stico precoce do\u00a0cancro da mama. Durante o m\u00eas de outubro a escola entrou na \u201cOnda Rosa\u201d, realizando algumas atividades com os [&hellip;]<\/p>\n","protected":false},"author":5,"featured_media":5244,"comment_status":"closed","ping_status":"closed","sticky":false,"template":"","format":"standard","meta":[],"categories":[60,1],"tags":[],"_links":{"self":[{"href":"http:\/\/aeaf.edu.pt\/index.php?rest_route=\/wp\/v2\/posts\/5243"}],"collection":[{"href":"http:\/\/aeaf.edu.pt\/index.php?rest_route=\/wp\/v2\/posts"}],"about":[{"href":"http:\/\/aeaf.edu.pt\/index.php?rest_route=\/wp\/v2\/types\/post"}],"author":[{"embeddable":true,"href":"http:\/\/aeaf.edu.pt\/index.php?rest_route=\/wp\/v2\/users\/5"}],"replies":[{"embeddable":true,"href":"http:\/\/aeaf.edu.pt\/index.php?rest_route=%2Fwp%2Fv2%2Fcomments&post=5243"}],"version-history":[{"count":6,"href":"http:\/\/aeaf.edu.pt\/index.php?rest_route=\/wp\/v2\/posts\/5243\/revisions"}],"predecessor-version":[{"id":5283,"href":"http:\/\/aeaf.edu.pt\/index.php?rest_route=\/wp\/v2\/posts\/5243\/revisions\/5283"}],"wp:featuredmedia":[{"embeddable":true,"href":"http:\/\/aeaf.edu.pt\/index.php?rest_route=\/wp\/v2\/media\/5244"}],"wp:attachment":[{"href":"http:\/\/aeaf.edu.pt\/index.php?rest_route=%2Fwp%2Fv2%2Fmedia&parent=5243"}],"wp:term":[{"taxonomy":"category","embeddable":true,"href":"http:\/\/aeaf.edu.pt\/index.php?rest_route=%2Fwp%2Fv2%2Fcategories&post=5243"},{"taxonomy":"post_tag","embeddable":true,"href":"http:\/\/aeaf.edu.pt\/index.php?rest_route=%2Fwp%2Fv2%2Ftags&post=5243"}],"curies":[{"name":"wp","href":"https:\/\/api.w.org\/{rel}","templated":true}]}}