{"id":5319,"date":"2015-11-23T10:15:00","date_gmt":"2015-11-23T10:15:00","guid":{"rendered":"http:\/\/aeaf.edu.pt\/?p=5319"},"modified":"2016-01-20T21:53:06","modified_gmt":"2016-01-20T21:53:06","slug":"plano-anual-de-atividades-do-agrupamento-de-escolas-alcaides-de-faria-2","status":"publish","type":"post","link":"http:\/\/aeaf.edu.pt\/?p=5319","title":{"rendered":"Plano Anual de Atividades do Agrupamento de Escolas Alcaides de Faria &#8211; 2015\/16"},"content":{"rendered":"<p style=\"text-align: justify;\"><span style=\"color: #000000;\">\u00a0<\/span><\/p>\n<p style=\"text-align: justify;\"><span style=\"color: #000000;\">O Plano Anual de Atividades \u00e9 o documento que elenca, \u00e0 data, as v\u00e1rias iniciativas e atividades a levar a cabo nas escolas do Agrupamento. \u00c9 um documento din\u00e2mico e em constru\u00e7\u00e3o, uma vez que ser\u00e1, quando oportuno, paulatinamente enriquecido com atividades entretanto propostas.<\/span><\/p>\n<p style=\"text-align: justify;\"><span style=\"color: #000000;\">Plano Anual de Atividades (2015-16) do Agrupamento de Escolas Alcaides de Faria, obteve parecer favor\u00e1vel no Conselho Pedag\u00f3gico de 18 de novembro de 2015 e aguarda aprova\u00e7\u00e3o do Conselho Geral.<\/span><\/p>\n<p style=\"text-align: center;\"><span style=\"color: #000000;\">Atividades a Desenvolver no Ano Letivo 2015\/16:<strong> <span style=\"text-decoration: underline;\"><a style=\"color: #000000; text-decoration: underline;\" href=\"http:\/\/aeaf.edu.pt\/wp-content\/uploads\/2015\/11\/PAA_2015_2016_aeaf.pdf\" target=\"_blank\">PAA_2015_2016_aeaf<br \/>\n<\/a><\/span><\/strong><\/span><\/p>\n","protected":false},"excerpt":{"rendered":"<p>\u00a0 O Plano Anual de Atividades \u00e9 o documento que elenca, \u00e0 data, as v\u00e1rias iniciativas e atividades a levar a cabo nas escolas do Agrupamento. \u00c9 um documento din\u00e2mico e em constru\u00e7\u00e3o, uma vez que ser\u00e1, quando oportuno, paulatinamente enriquecido com atividades entretanto propostas. Plano Anual de Atividades (2015-16) do Agrupamento de Escolas Alcaides [&hellip;]<\/p>\n","protected":false},"author":5,"featured_media":5329,"comment_status":"closed","ping_status":"closed","sticky":false,"template":"","format":"standard","meta":[],"categories":[33],"tags":[],"_links":{"self":[{"href":"http:\/\/aeaf.edu.pt\/index.php?rest_route=\/wp\/v2\/posts\/5319"}],"collection":[{"href":"http:\/\/aeaf.edu.pt\/index.php?rest_route=\/wp\/v2\/posts"}],"about":[{"href":"http:\/\/aeaf.edu.pt\/index.php?rest_route=\/wp\/v2\/types\/post"}],"author":[{"embeddable":true,"href":"http:\/\/aeaf.edu.pt\/index.php?rest_route=\/wp\/v2\/users\/5"}],"replies":[{"embeddable":true,"href":"http:\/\/aeaf.edu.pt\/index.php?rest_route=%2Fwp%2Fv2%2Fcomments&post=5319"}],"version-history":[{"count":8,"href":"http:\/\/aeaf.edu.pt\/index.php?rest_route=\/wp\/v2\/posts\/5319\/revisions"}],"predecessor-version":[{"id":5327,"href":"http:\/\/aeaf.edu.pt\/index.php?rest_route=\/wp\/v2\/posts\/5319\/revisions\/5327"}],"wp:featuredmedia":[{"embeddable":true,"href":"http:\/\/aeaf.edu.pt\/index.php?rest_route=\/wp\/v2\/media\/5329"}],"wp:attachment":[{"href":"http:\/\/aeaf.edu.pt\/index.php?rest_route=%2Fwp%2Fv2%2Fmedia&parent=5319"}],"wp:term":[{"taxonomy":"category","embeddable":true,"href":"http:\/\/aeaf.edu.pt\/index.php?rest_route=%2Fwp%2Fv2%2Fcategories&post=5319"},{"taxonomy":"post_tag","embeddable":true,"href":"http:\/\/aeaf.edu.pt\/index.php?rest_route=%2Fwp%2Fv2%2Ftags&post=5319"}],"curies":[{"name":"wp","href":"https:\/\/api.w.org\/{rel}","templated":true}]}}