{"id":5341,"date":"2015-12-04T15:09:18","date_gmt":"2015-12-04T15:09:18","guid":{"rendered":"http:\/\/aeaf.edu.pt\/?p=5341"},"modified":"2016-05-18T21:54:29","modified_gmt":"2016-05-18T21:54:29","slug":"revista-alcaides-2015-2016-regulamento","status":"publish","type":"post","link":"http:\/\/aeaf.edu.pt\/?p=5341","title":{"rendered":"Revista &#8220;alcaides&#8221; 2015-2016 &#8211; REGULAMENTO"},"content":{"rendered":"<p><span style=\"color: #000000;\">Solicita-se a toda a comunidade educativa a participa\u00e7\u00e3o na 4\u00aa edi\u00e7\u00e3o da revista \u201calcaides\u201d, a revista do nosso Agrupamento.<\/span><br \/>\n<span style=\"color: #000000;\">O tema desta edi\u00e7\u00e3o ser\u00e1 um tema da atualidade: \u201c<strong><span style=\"color: #000080;\">Migra\u00e7\u00f5es<\/span><\/strong>\u201d. Pretende-se uma abordagem sincr\u00f3nica, transversal sobre o tema, explorando e refletindo sobre as suas dimens\u00f5es hist\u00f3ricas, morais, sociais, pol\u00edticas, culturais, religiosas, econ\u00f3micas,\u2026<\/span><br \/>\n<span style=\"color: #000000;\">Para participar neste projeto deve enviar textos em ficheiro em formato word (prosa, poesia, opinativo, intimista, reflexivo, cr\u00edtico&#8230;), ilustra\u00e7\u00e3o, fotografia, desenho, colagem, pintura, etc; trabalhos in\u00e9ditos e originais, para o seguinte e\u2010mail \u2013 <strong><span style=\"text-decoration: underline;\"><span style=\"color: #000080; text-decoration: underline;\">revista@esaf.edu.pt.<\/span><\/span><\/strong><\/span><br \/>\n<span style=\"color: #000000;\">O prazo de entrega dos trabalhos termina a <strong><span style=\"color: #000080;\">15 de Abril de 2016<\/span><\/strong>. Solicita-se que, se poss\u00edvel, os conte\u00fados para a revista sejam enviados durante o ano letivo a seu tempo, a fim de serem revistos e tratados para edi\u00e7\u00e3o e pagina\u00e7\u00e3o da revista de forma atempada. <\/span><br \/>\n<span style=\"color: #000000;\">O regulamento da revista \u201calcaides\u201d:\u00a0<span style=\"text-decoration: underline;\"><strong><a style=\"color: #000000; text-decoration: underline;\" href=\"http:\/\/aeaf.edu.pt\/wp-content\/uploads\/2015\/12\/regulamento-ALCAIDES_15_16.pdf\" target=\"_blank\">regulamento ALCAIDES_15_16<\/a> <\/strong><\/span><\/span><\/p>\n<p style=\"text-align: right;\"><span style=\"color: #000000;\">Agradecemos, desde j\u00e1, a colabora\u00e7\u00e3o de todos. Participe!<\/span><\/p>\n<p style=\"text-align: center;\"><span style=\"color: #000000;\">Agrupamento de Escolas Alcaides de Faria, em 02 de dezembro de 2015.<\/span><\/p>\n<p style=\"text-align: center;\"><span style=\"color: #000000;\">O Diretor,<\/span><br \/>\n<span style=\"color: #000000;\">Prof. Manuel David Macedo Louren\u00e7o<\/span><\/p>\n","protected":false},"excerpt":{"rendered":"<p>Solicita-se a toda a comunidade educativa a participa\u00e7\u00e3o na 4\u00aa edi\u00e7\u00e3o da revista \u201calcaides\u201d, a revista do nosso Agrupamento. O tema desta edi\u00e7\u00e3o ser\u00e1 um tema da atualidade: \u201cMigra\u00e7\u00f5es\u201d. Pretende-se uma abordagem sincr\u00f3nica, transversal sobre o tema, explorando e refletindo sobre as suas dimens\u00f5es hist\u00f3ricas, morais, sociais, pol\u00edticas, culturais, religiosas, econ\u00f3micas,\u2026 Para participar neste projeto [&hellip;]<\/p>\n","protected":false},"author":5,"featured_media":4545,"comment_status":"closed","ping_status":"closed","sticky":false,"template":"","format":"standard","meta":[],"categories":[60,1],"tags":[],"_links":{"self":[{"href":"http:\/\/aeaf.edu.pt\/index.php?rest_route=\/wp\/v2\/posts\/5341"}],"collection":[{"href":"http:\/\/aeaf.edu.pt\/index.php?rest_route=\/wp\/v2\/posts"}],"about":[{"href":"http:\/\/aeaf.edu.pt\/index.php?rest_route=\/wp\/v2\/types\/post"}],"author":[{"embeddable":true,"href":"http:\/\/aeaf.edu.pt\/index.php?rest_route=\/wp\/v2\/users\/5"}],"replies":[{"embeddable":true,"href":"http:\/\/aeaf.edu.pt\/index.php?rest_route=%2Fwp%2Fv2%2Fcomments&post=5341"}],"version-history":[{"count":19,"href":"http:\/\/aeaf.edu.pt\/index.php?rest_route=\/wp\/v2\/posts\/5341\/revisions"}],"predecessor-version":[{"id":5623,"href":"http:\/\/aeaf.edu.pt\/index.php?rest_route=\/wp\/v2\/posts\/5341\/revisions\/5623"}],"wp:featuredmedia":[{"embeddable":true,"href":"http:\/\/aeaf.edu.pt\/index.php?rest_route=\/wp\/v2\/media\/4545"}],"wp:attachment":[{"href":"http:\/\/aeaf.edu.pt\/index.php?rest_route=%2Fwp%2Fv2%2Fmedia&parent=5341"}],"wp:term":[{"taxonomy":"category","embeddable":true,"href":"http:\/\/aeaf.edu.pt\/index.php?rest_route=%2Fwp%2Fv2%2Fcategories&post=5341"},{"taxonomy":"post_tag","embeddable":true,"href":"http:\/\/aeaf.edu.pt\/index.php?rest_route=%2Fwp%2Fv2%2Ftags&post=5341"}],"curies":[{"name":"wp","href":"https:\/\/api.w.org\/{rel}","templated":true}]}}