{"id":5397,"date":"2016-01-07T23:22:48","date_gmt":"2016-01-07T23:22:48","guid":{"rendered":"http:\/\/aeaf.edu.pt\/?p=5397"},"modified":"2016-01-28T15:55:08","modified_gmt":"2016-01-28T15:55:08","slug":"contratacao-de-escola-grupo-disciplinar-290-e-m-r-c-3","status":"publish","type":"post","link":"http:\/\/aeaf.edu.pt\/?p=5397","title":{"rendered":"Contrata\u00e7\u00e3o de Escola &#8211; Grupo Disciplinar 290 &#8211; E.M.R.C."},"content":{"rendered":"<p><strong><span style=\"color: #000000;\">Grupo de Recrutamento (<em>290<\/em>), para lecionar a disciplina de Educa\u00e7\u00e3o Moral e Religiosa Cat\u00f3lica, com 05 horas semanais (<em>Hor\u00e1rio n.\u00ba 79<\/em>).<\/span><\/strong><\/p>\n<p style=\"text-align: center;\"><strong><span style=\"color: #000000;\">Documento a descarregar: <\/span><\/strong><span style=\"color: #000000;\"><strong><span style=\"text-decoration: underline;\"><a style=\"color: #000000; text-decoration: underline;\" href=\"http:\/\/aeaf.edu.pt\/wp-content\/uploads\/2016\/01\/Edital-14.pdf\" target=\"_blank\">Edital 14<\/a><\/span><\/strong><\/span><\/p>\n<p style=\"text-align: center;\"><strong><span style=\"color: #000000;\">Documento a descarregar:\u00a0<\/span><\/strong><span style=\"color: #000000;\"><strong><span style=\"text-decoration: underline;\"><a style=\"color: #000000; text-decoration: underline;\" href=\"http:\/\/aeaf.edu.pt\/wp-content\/uploads\/2015\/12\/Avalia\u00e7\u00e3o-Curricular-Crit\u00e9rios.pdf\" target=\"_blank\">Avalia\u00e7\u00e3o Curricular &#8211; Crit\u00e9rios<\/a><\/span><\/strong><\/span><\/p>\n<p style=\"text-align: center;\"><strong><span style=\"color: #000000;\">Documento a descarregar:\u00a0<\/span><span style=\"text-decoration: underline;\"><span style=\"color: #000000;\"><a style=\"color: #000000; text-decoration: underline;\" href=\"http:\/\/aeaf.edu.pt\/wp-content\/uploads\/2016\/01\/Lista-Ordena\u00e7\u00e3o-Gradua\u00e7\u00e3o-Profissional-Hor\u00e1rio-79-1.pdf\" target=\"_blank\">Lista Ordena\u00e7\u00e3o Gradua\u00e7\u00e3o Profissional Hor\u00e1rio 79<\/a><\/span><\/span><\/strong><\/p>\n<p style=\"text-align: center;\"><strong><span style=\"color: #000000;\">Documento a descarregar<a href=\"http:\/\/aeaf.edu.pt\/wp-content\/uploads\/2014\/09\/novo-3.gif\" data-id=\"4014\"><img loading=\"lazy\" class=\"alignnone size-full wp-image-4014\" src=\"http:\/\/aeaf.edu.pt\/wp-content\/uploads\/2014\/09\/novo-3.gif\" alt=\"novo 3\" width=\"44\" height=\"16\" \/><\/a>:<\/span> <span style=\"text-decoration: underline;\"><a href=\"http:\/\/aeaf.edu.pt\/wp-content\/uploads\/2016\/01\/Lista-de-Classifica\u00e7\u00e3o-Final-H79.pdf\" target=\"_blank\"><span style=\"color: #000000; text-decoration: underline;\">Lista de Classifica\u00e7\u00e3o Final H79<\/span><\/a><\/span><\/strong><\/p>\n<p style=\"text-align: center;\"><strong><span style=\"color: #000000;\">AVISO:\u00a0<\/span><\/strong>Os Curr\u00edculos dos candidatos aos hor\u00e1rios de <span style=\"color: #000000;\"><em><u><span style=\"text-decoration: underline;\">Contrata\u00e7\u00e3o de Escola<\/span><\/u><\/em><\/span> devem ser enviados, durante o prazo previsto para a candidatura, para o seguinte endere\u00e7o eletr\u00f3nico: <span style=\"color: #000000;\"><em><span style=\"text-decoration: underline;\"><u>concursos@aeaf.edu.pt<\/u><\/span><\/em><\/span><\/p>\n","protected":false},"excerpt":{"rendered":"<p>Grupo de Recrutamento (290), para lecionar a disciplina de Educa\u00e7\u00e3o Moral e Religiosa Cat\u00f3lica, com 05 horas semanais (Hor\u00e1rio n.\u00ba 79). Documento a descarregar: Edital 14 Documento a descarregar:\u00a0Avalia\u00e7\u00e3o Curricular &#8211; Crit\u00e9rios Documento a descarregar:\u00a0Lista Ordena\u00e7\u00e3o Gradua\u00e7\u00e3o Profissional Hor\u00e1rio 79 Documento a descarregar: Lista de Classifica\u00e7\u00e3o Final H79 AVISO:\u00a0Os Curr\u00edculos dos candidatos aos hor\u00e1rios de [&hellip;]<\/p>\n","protected":false},"author":5,"featured_media":5088,"comment_status":"closed","ping_status":"closed","sticky":false,"template":"","format":"standard","meta":[],"categories":[46,1],"tags":[],"_links":{"self":[{"href":"http:\/\/aeaf.edu.pt\/index.php?rest_route=\/wp\/v2\/posts\/5397"}],"collection":[{"href":"http:\/\/aeaf.edu.pt\/index.php?rest_route=\/wp\/v2\/posts"}],"about":[{"href":"http:\/\/aeaf.edu.pt\/index.php?rest_route=\/wp\/v2\/types\/post"}],"author":[{"embeddable":true,"href":"http:\/\/aeaf.edu.pt\/index.php?rest_route=\/wp\/v2\/users\/5"}],"replies":[{"embeddable":true,"href":"http:\/\/aeaf.edu.pt\/index.php?rest_route=%2Fwp%2Fv2%2Fcomments&post=5397"}],"version-history":[{"count":6,"href":"http:\/\/aeaf.edu.pt\/index.php?rest_route=\/wp\/v2\/posts\/5397\/revisions"}],"predecessor-version":[{"id":5407,"href":"http:\/\/aeaf.edu.pt\/index.php?rest_route=\/wp\/v2\/posts\/5397\/revisions\/5407"}],"wp:featuredmedia":[{"embeddable":true,"href":"http:\/\/aeaf.edu.pt\/index.php?rest_route=\/wp\/v2\/media\/5088"}],"wp:attachment":[{"href":"http:\/\/aeaf.edu.pt\/index.php?rest_route=%2Fwp%2Fv2%2Fmedia&parent=5397"}],"wp:term":[{"taxonomy":"category","embeddable":true,"href":"http:\/\/aeaf.edu.pt\/index.php?rest_route=%2Fwp%2Fv2%2Fcategories&post=5397"},{"taxonomy":"post_tag","embeddable":true,"href":"http:\/\/aeaf.edu.pt\/index.php?rest_route=%2Fwp%2Fv2%2Ftags&post=5397"}],"curies":[{"name":"wp","href":"https:\/\/api.w.org\/{rel}","templated":true}]}}