{"id":5431,"date":"2016-01-28T15:26:09","date_gmt":"2016-01-28T15:26:09","guid":{"rendered":"http:\/\/aeaf.edu.pt\/?p=5431"},"modified":"2016-02-24T18:43:33","modified_gmt":"2016-02-24T18:43:33","slug":"contratacao-de-escola-grupo-disciplinar-620-e-f","status":"publish","type":"post","link":"http:\/\/aeaf.edu.pt\/?p=5431","title":{"rendered":"Contrata\u00e7\u00e3o de Escola &#8211; Grupo Disciplinar 620 &#8211; E.F."},"content":{"rendered":"<p style=\"text-align: center;\"><strong><span style=\"color: #000000;\">Grupo de Recrutamento (6<em>20<\/em>), para lecionar a disciplina de Educa\u00e7\u00e3o F\u00edsica, com 17 horas semanais (<em>Hor\u00e1rio n.\u00ba 80<\/em>).<\/span><\/strong><\/p>\n<p style=\"text-align: center;\"><span style=\"color: #000000;\"><strong><span style=\"color: #000000;\">Documento a descarregar:\u00a0<\/span><\/strong><\/span><span style=\"color: #000000;\"><strong><span style=\"text-decoration: underline;\"><a style=\"color: #000000; text-decoration: underline;\" href=\"http:\/\/aeaf.edu.pt\/wp-content\/uploads\/2016\/01\/Edital-15.pdf\" target=\"_blank\"><span style=\"color: #000000;\">Edital 15<\/span><\/a><\/span><\/strong><\/span><\/p>\n<p style=\"text-align: center;\"><span style=\"color: #000000;\"><strong><span style=\"color: #000000;\">Documento a descarregar:\u00a0<\/span><\/strong><span style=\"text-decoration: underline;\"><strong><a style=\"color: #000000; text-decoration: underline;\" href=\"http:\/\/aeaf.edu.pt\/wp-content\/uploads\/2016\/01\/Avalia\u00e7\u00e3o-Curricular-Crit\u00e9rios.pdf\" target=\"_blank\"><span style=\"color: #000000;\">Avalia\u00e7\u00e3o Curricular &#8211; Crit\u00e9rios<\/span><\/a><\/strong><\/span><\/span><\/p>\n<p style=\"text-align: center;\"><strong><span style=\"color: #000000;\">Documento a descarregar: <\/span><\/strong><span style=\"color: #000000;\"><strong><span style=\"text-decoration: underline;\"><a style=\"color: #000000; text-decoration: underline;\" href=\"http:\/\/aeaf.edu.pt\/wp-content\/uploads\/2016\/01\/Lista-Ordena\u00e7\u00e3o-Gradua\u00e7\u00e3o-Profissional-Hor\u00e1rio-80.pdf\" target=\"_blank\">Lista Ordena\u00e7\u00e3o Gradua\u00e7\u00e3o Profissional Hor\u00e1rio 80<\/a><\/span><\/strong><\/span><\/p>\n<p style=\"text-align: center;\"><strong><span style=\"color: #000000;\">Documento a descarregar<a href=\"http:\/\/aeaf.edu.pt\/wp-content\/uploads\/2014\/09\/novo-3.gif\" data-id=\"4014\"><img loading=\"lazy\" class=\"alignnone size-full wp-image-4014\" src=\"http:\/\/aeaf.edu.pt\/wp-content\/uploads\/2014\/09\/novo-3.gif\" alt=\"novo 3\" width=\"44\" height=\"16\" \/><\/a>: <\/span><\/strong><span style=\"color: #000000;\"><strong><span style=\"text-decoration: underline;\"><a style=\"color: #000000; text-decoration: underline;\" href=\"http:\/\/aeaf.edu.pt\/wp-content\/uploads\/2016\/01\/Lista-de-Classifica\u00e7\u00e3o-Final-Hor\u00e1rio-80.pdf\" target=\"_blank\">Lista de Classifica\u00e7\u00e3o Final Hor\u00e1rio 80<\/a><\/span><\/strong><\/span><\/p>\n<p><strong><span style=\"color: #000000;\">AVISO:\u00a0<\/span><\/strong><span style=\"color: #000000;\">Os Curr\u00edculos dos candidatos aos hor\u00e1rios de<\/span><strong><span style=\"color: #000000;\"> <em><u>Contrata\u00e7\u00e3o de Escola<\/u><\/em> <\/span><\/strong><span style=\"color: #000000;\">devem ser enviados, durante o prazo previsto para a candidatura, para o seguinte endere\u00e7o eletr\u00f3nico<\/span><strong><span style=\"color: #000000;\">: <em><u>concursos@aeaf.edu.pt<\/u><\/em><\/span><\/strong><\/p>\n","protected":false},"excerpt":{"rendered":"<p>Grupo de Recrutamento (620), para lecionar a disciplina de Educa\u00e7\u00e3o F\u00edsica, com 17 horas semanais (Hor\u00e1rio n.\u00ba 80). Documento a descarregar:\u00a0Edital 15 Documento a descarregar:\u00a0Avalia\u00e7\u00e3o Curricular &#8211; Crit\u00e9rios Documento a descarregar: Lista Ordena\u00e7\u00e3o Gradua\u00e7\u00e3o Profissional Hor\u00e1rio 80 Documento a descarregar: Lista de Classifica\u00e7\u00e3o Final Hor\u00e1rio 80 AVISO:\u00a0Os Curr\u00edculos dos candidatos aos hor\u00e1rios de Contrata\u00e7\u00e3o de [&hellip;]<\/p>\n","protected":false},"author":5,"featured_media":5088,"comment_status":"closed","ping_status":"closed","sticky":false,"template":"","format":"standard","meta":[],"categories":[46,1],"tags":[],"_links":{"self":[{"href":"http:\/\/aeaf.edu.pt\/index.php?rest_route=\/wp\/v2\/posts\/5431"}],"collection":[{"href":"http:\/\/aeaf.edu.pt\/index.php?rest_route=\/wp\/v2\/posts"}],"about":[{"href":"http:\/\/aeaf.edu.pt\/index.php?rest_route=\/wp\/v2\/types\/post"}],"author":[{"embeddable":true,"href":"http:\/\/aeaf.edu.pt\/index.php?rest_route=\/wp\/v2\/users\/5"}],"replies":[{"embeddable":true,"href":"http:\/\/aeaf.edu.pt\/index.php?rest_route=%2Fwp%2Fv2%2Fcomments&post=5431"}],"version-history":[{"count":16,"href":"http:\/\/aeaf.edu.pt\/index.php?rest_route=\/wp\/v2\/posts\/5431\/revisions"}],"predecessor-version":[{"id":5433,"href":"http:\/\/aeaf.edu.pt\/index.php?rest_route=\/wp\/v2\/posts\/5431\/revisions\/5433"}],"wp:featuredmedia":[{"embeddable":true,"href":"http:\/\/aeaf.edu.pt\/index.php?rest_route=\/wp\/v2\/media\/5088"}],"wp:attachment":[{"href":"http:\/\/aeaf.edu.pt\/index.php?rest_route=%2Fwp%2Fv2%2Fmedia&parent=5431"}],"wp:term":[{"taxonomy":"category","embeddable":true,"href":"http:\/\/aeaf.edu.pt\/index.php?rest_route=%2Fwp%2Fv2%2Fcategories&post=5431"},{"taxonomy":"post_tag","embeddable":true,"href":"http:\/\/aeaf.edu.pt\/index.php?rest_route=%2Fwp%2Fv2%2Ftags&post=5431"}],"curies":[{"name":"wp","href":"https:\/\/api.w.org\/{rel}","templated":true}]}}