{"id":5474,"date":"2016-03-03T14:14:46","date_gmt":"2016-03-03T14:14:46","guid":{"rendered":"http:\/\/aeaf.edu.pt\/?p=5474"},"modified":"2016-04-22T15:42:07","modified_gmt":"2016-04-22T15:42:07","slug":"campea-nacional-corta-mato-escolar","status":"publish","type":"post","link":"http:\/\/aeaf.edu.pt\/?p=5474","title":{"rendered":"Campe\u00e3 Nacional Corta Mato Escolar"},"content":{"rendered":"<p style=\"text-align: justify;\">No passado dia 27 de fevereiro a Escola Secund\u00e1ria Alcaides de Faria obteve um brilhante 1\u00ba lugar, no escal\u00e3o Infantil B Feminino, na prova de Corta Mato Escolar de dimens\u00e3o Nacional, que se realizou no Parque das Devesas em Vila Nova de Famalic\u00e3o, com a aluna do 8\u00ba B, Beatriz Castro, tendo tamb\u00e9m alcan\u00e7ado um 4\u00ba lugar a aluna Ana Margarida Ara\u00fajo, do 7\u00ba B, que ap\u00f3s queda conseguiu retomar a prova e alcan\u00e7ar lugar de destaque.<\/p>\n<p style=\"text-align: right; padding-left: 210px;\"><strong><em>\u201cAgradecemos a todos o que participaram e contribu\u00edram para que isso fosse poss\u00edvel.\u201d<\/em><\/strong><\/p>\n<h6 style=\"text-align: right;\">O Agrupamento de Escolas Alcaides de Faria<\/h6>\n","protected":false},"excerpt":{"rendered":"<p>No passado dia 27 de fevereiro a Escola Secund\u00e1ria Alcaides de Faria obteve um brilhante 1\u00ba lugar, no escal\u00e3o Infantil B Feminino, na prova de Corta Mato Escolar de dimens\u00e3o Nacional, que se realizou no Parque das Devesas em Vila Nova de Famalic\u00e3o, com a aluna do 8\u00ba B, Beatriz Castro, tendo tamb\u00e9m alcan\u00e7ado um [&hellip;]<\/p>\n","protected":false},"author":5,"featured_media":5475,"comment_status":"closed","ping_status":"closed","sticky":false,"template":"","format":"standard","meta":[],"categories":[60,1],"tags":[],"_links":{"self":[{"href":"http:\/\/aeaf.edu.pt\/index.php?rest_route=\/wp\/v2\/posts\/5474"}],"collection":[{"href":"http:\/\/aeaf.edu.pt\/index.php?rest_route=\/wp\/v2\/posts"}],"about":[{"href":"http:\/\/aeaf.edu.pt\/index.php?rest_route=\/wp\/v2\/types\/post"}],"author":[{"embeddable":true,"href":"http:\/\/aeaf.edu.pt\/index.php?rest_route=\/wp\/v2\/users\/5"}],"replies":[{"embeddable":true,"href":"http:\/\/aeaf.edu.pt\/index.php?rest_route=%2Fwp%2Fv2%2Fcomments&post=5474"}],"version-history":[{"count":7,"href":"http:\/\/aeaf.edu.pt\/index.php?rest_route=\/wp\/v2\/posts\/5474\/revisions"}],"predecessor-version":[{"id":5482,"href":"http:\/\/aeaf.edu.pt\/index.php?rest_route=\/wp\/v2\/posts\/5474\/revisions\/5482"}],"wp:featuredmedia":[{"embeddable":true,"href":"http:\/\/aeaf.edu.pt\/index.php?rest_route=\/wp\/v2\/media\/5475"}],"wp:attachment":[{"href":"http:\/\/aeaf.edu.pt\/index.php?rest_route=%2Fwp%2Fv2%2Fmedia&parent=5474"}],"wp:term":[{"taxonomy":"category","embeddable":true,"href":"http:\/\/aeaf.edu.pt\/index.php?rest_route=%2Fwp%2Fv2%2Fcategories&post=5474"},{"taxonomy":"post_tag","embeddable":true,"href":"http:\/\/aeaf.edu.pt\/index.php?rest_route=%2Fwp%2Fv2%2Ftags&post=5474"}],"curies":[{"name":"wp","href":"https:\/\/api.w.org\/{rel}","templated":true}]}}