{"id":5484,"date":"2016-03-10T22:29:47","date_gmt":"2016-03-10T22:29:47","guid":{"rendered":"http:\/\/aeaf.edu.pt\/?p=5484"},"modified":"2016-05-18T21:37:18","modified_gmt":"2016-05-18T21:37:18","slug":"inscricoes-para-os-exames-do-ensino-secundario-nivel-nacional-eou-nivel-de-escola","status":"publish","type":"post","link":"http:\/\/aeaf.edu.pt\/?p=5484","title":{"rendered":"Inscri\u00e7\u00f5es para os Exames do Ensino Secund\u00e1rio: N\u00edvel nacional e\/ou N\u00edvel de Escola"},"content":{"rendered":"<p style=\"text-align: center;\"><strong><span style=\"color: #000000;\"><u><a href=\"http:\/\/aeaf.edu.pt\/wp-content\/uploads\/2016\/03\/Capturar.png\" data-id=\"5493\"><img loading=\"lazy\" class=\"wp-image-5493 aligncenter\" src=\"http:\/\/aeaf.edu.pt\/wp-content\/uploads\/2016\/03\/Capturar.png\" alt=\"Capturar\" width=\"179\" height=\"71\" srcset=\"http:\/\/aeaf.edu.pt\/wp-content\/uploads\/2016\/03\/Capturar.png 262w, http:\/\/aeaf.edu.pt\/wp-content\/uploads\/2016\/03\/Capturar-260x104.png 260w\" sizes=\"(max-width: 179px) 100vw, 179px\" \/><\/a><\/u><\/span><\/strong><\/p>\n<p style=\"text-align: center;\"><strong><span style=\"color: #000000;\"><u>CIRCULAR N\u00ba 145-2015\/2016<\/u><\/span><\/strong><\/p>\n<p style=\"text-align: center;\"><strong><span style=\"color: #000000;\"><u>(Para conhecimento das turmas dos 11\u00ba e 12\u00ba anos)<\/u><\/span><\/strong><\/p>\n<p style=\"text-align: center;\"><span style=\"color: #000000;\"><u>\u00a0<\/u><\/span><\/p>\n<p style=\"text-align: justify;\"><span style=\"color: #000000;\">Informam-se os alunos do 11\u00ba e 12\u00ba ano de que as inscri\u00e7\u00f5es para os exames do ensino secund\u00e1rio (quer a n\u00edvel nacional, quer a n\u00edvel de escola), seja qual for o fim a que se destinam (aprova\u00e7\u00e3o na disciplina, melhoria de classifica\u00e7\u00e3o, prova de ingresso), v\u00e3o realizar-se segundo o calend\u00e1rio abaixo indicado:<\/span><\/p>\n<p style=\"text-align: left;\"><em><strong><span style=\"color: #000000;\"><u>O prazo normal de inscri\u00e7\u00e3o decorre de 10 a 18 de mar\u00e7o de 2016 <\/u><\/span><\/strong><\/em><\/p>\n<p style=\"text-align: left;\"><strong><span style=\"color: #000000;\">Os alunos <u>devem<\/u> cumprir o seguinte calend\u00e1rio:<\/span><\/strong><\/p>\n<p style=\"text-align: left; padding-left: 30px;\"><strong><span style=\"color: #000000;\">&#8211; 11\u00ba ano dos cursos Cient\u00edfico-Human\u00edsticos: <span style=\"text-decoration: underline;\"><em>de 10 a 14 de mar\u00e7o<\/em><\/span><\/span><\/strong><\/p>\n<p style=\"text-align: left; padding-left: 30px;\"><strong><span style=\"color: #000000;\">&#8211; 12\u00ba ano dos cursos Cient\u00edfico-Human\u00edsticos: <span style=\"text-decoration: underline;\"><em>de 15 a 18 de mar\u00e7o<\/em><\/span><\/span><\/strong><\/p>\n<p style=\"text-align: left; padding-left: 30px;\"><strong><span style=\"color: #000000;\">&#8211; Ensino profissional (11\u00ba e 12\u00ba anos): <span style=\"text-decoration: underline;\"><em>de 10 a 18 de mar\u00e7o<\/em><\/span><\/span><\/strong><\/p>\n<p style=\"text-align: justify;\"><span style=\"color: #000000;\">Os impressos encontram-se \u00e0 venda na Papelaria da Escola e devem ser entregues, devidamente preenchidos, nos Servi\u00e7os Administrativos, acompanhados do Cart\u00e3o de Cidad\u00e3o e da respetiva fotoc\u00f3pia.<\/span><\/p>\n<p style=\"text-align: justify;\"><span style=\"color: #000000;\">Os alunos que realizem exames como autopropostos e\/ou para melhoria de classifica\u00e7\u00e3o est\u00e3o sujeitos ao pagamento por disciplina de 3,00\u20ac e 10,00\u20ac respetivamente, sendo que esse pagamento deve ser efetuado atrav\u00e9s do cart\u00e3o do aluno, previamente carregado na Papelaria.<\/span><\/p>\n<p style=\"text-align: center;\"><span style=\"color: #000000;\">&#8212;&#8212;&#8211;Agrupamento de Escolas Alcaides de Faria, em 07 de mar\u00e7o de 2016. &#8212;&#8212;&#8211;<\/span><\/p>\n<p style=\"text-align: center;\"><span style=\"color: #000000;\">\u00a0\u00a0\u00a0\u00a0\u00a0\u00a0\u00a0\u00a0\u00a0\u00a0 O Diretor,<\/span><\/p>\n<p style=\"text-align: center; padding-left: 60px;\"><span style=\"color: #000000;\">Manuel David Macedo Louren\u00e7o<\/span><\/p>\n<h4 style=\"text-align: center;\"><strong><span style=\"color: #0000ff;\">Guia Geral de Exames 2016:<\/span> <span style=\"text-decoration: underline;\"><a href=\"http:\/\/www.dges.mec.pt\/guiaexames\/\">www.dges.mec.pt\/guiaexames\/<\/a><\/span><\/strong><\/h4>\n<h4 style=\"text-align: center;\"><a class=\"lightbox-added alignnone\" href=\"http:\/\/aeaf.edu.pt\/wp-content\/uploads\/2015\/03\/separador.png\"><img loading=\"lazy\" class=\"alignnone size-medium wp-image-4528 aligncenter\" src=\"http:\/\/aeaf.edu.pt\/wp-content\/uploads\/2015\/03\/separador-300x30.png\" alt=\"separador\" width=\"300\" height=\"30\" srcset=\"http:\/\/aeaf.edu.pt\/wp-content\/uploads\/2015\/03\/separador-300x30.png 300w, http:\/\/aeaf.edu.pt\/wp-content\/uploads\/2015\/03\/separador-705x72.png 705w, http:\/\/aeaf.edu.pt\/wp-content\/uploads\/2015\/03\/separador-450x45.png 450w, http:\/\/aeaf.edu.pt\/wp-content\/uploads\/2015\/03\/separador.png 734w\" sizes=\"(max-width: 300px) 100vw, 300px\" \/><\/a><\/h4>\n<h4 style=\"text-align: center;\"><strong><span style=\"color: #0000ff;\">Pedido de Senha para Candidatura ONLINE:<\/span> <span style=\"text-decoration: underline;\"><a href=\"http:\/\/www.dges.mec.pt\/Online\/SenhaAcesso\/Pedir.aspx\" target=\"_blank\">www.dges.mec.pt\/Online\/<wbr \/>SenhaAcesso\/Pedir.aspx<\/a><\/span><\/strong><\/h4>\n<p style=\"text-align: center;\"><a class=\"lightbox-added alignnone\" href=\"http:\/\/aeaf.edu.pt\/wp-content\/uploads\/2015\/03\/separador.png\"><img loading=\"lazy\" class=\"alignnone size-medium wp-image-4528\" src=\"http:\/\/aeaf.edu.pt\/wp-content\/uploads\/2015\/03\/separador-300x30.png\" alt=\"separador\" width=\"300\" height=\"30\" srcset=\"http:\/\/aeaf.edu.pt\/wp-content\/uploads\/2015\/03\/separador-300x30.png 300w, http:\/\/aeaf.edu.pt\/wp-content\/uploads\/2015\/03\/separador-705x72.png 705w, http:\/\/aeaf.edu.pt\/wp-content\/uploads\/2015\/03\/separador-450x45.png 450w, http:\/\/aeaf.edu.pt\/wp-content\/uploads\/2015\/03\/separador.png 734w\" sizes=\"(max-width: 300px) 100vw, 300px\" \/><\/a><\/p>\n<h4 style=\"text-align: center;\"><span style=\"color: #0000ff;\">DGES &#8211; Dire\u00e7\u00e3o Geral do Ensino Superior:<\/span> <span style=\"text-decoration: underline;\"><a href=\"http:\/\/www.dges.mctes.pt\/DGES\/pt\" target=\"_blank\">http:\/\/www.dges.mctes.pt\/DGES\/<wbr \/>pt<\/a><\/span><\/h4>\n<p>&nbsp;<\/p>\n","protected":false},"excerpt":{"rendered":"<p>CIRCULAR N\u00ba 145-2015\/2016 (Para conhecimento das turmas dos 11\u00ba e 12\u00ba anos) \u00a0 Informam-se os alunos do 11\u00ba e 12\u00ba ano de que as inscri\u00e7\u00f5es para os exames do ensino secund\u00e1rio (quer a n\u00edvel nacional, quer a n\u00edvel de escola), seja qual for o fim a que se destinam (aprova\u00e7\u00e3o na disciplina, melhoria de classifica\u00e7\u00e3o, [&hellip;]<\/p>\n","protected":false},"author":5,"featured_media":4532,"comment_status":"closed","ping_status":"closed","sticky":false,"template":"","format":"standard","meta":[],"categories":[60,1],"tags":[],"_links":{"self":[{"href":"http:\/\/aeaf.edu.pt\/index.php?rest_route=\/wp\/v2\/posts\/5484"}],"collection":[{"href":"http:\/\/aeaf.edu.pt\/index.php?rest_route=\/wp\/v2\/posts"}],"about":[{"href":"http:\/\/aeaf.edu.pt\/index.php?rest_route=\/wp\/v2\/types\/post"}],"author":[{"embeddable":true,"href":"http:\/\/aeaf.edu.pt\/index.php?rest_route=\/wp\/v2\/users\/5"}],"replies":[{"embeddable":true,"href":"http:\/\/aeaf.edu.pt\/index.php?rest_route=%2Fwp%2Fv2%2Fcomments&post=5484"}],"version-history":[{"count":11,"href":"http:\/\/aeaf.edu.pt\/index.php?rest_route=\/wp\/v2\/posts\/5484\/revisions"}],"predecessor-version":[{"id":5621,"href":"http:\/\/aeaf.edu.pt\/index.php?rest_route=\/wp\/v2\/posts\/5484\/revisions\/5621"}],"wp:featuredmedia":[{"embeddable":true,"href":"http:\/\/aeaf.edu.pt\/index.php?rest_route=\/wp\/v2\/media\/4532"}],"wp:attachment":[{"href":"http:\/\/aeaf.edu.pt\/index.php?rest_route=%2Fwp%2Fv2%2Fmedia&parent=5484"}],"wp:term":[{"taxonomy":"category","embeddable":true,"href":"http:\/\/aeaf.edu.pt\/index.php?rest_route=%2Fwp%2Fv2%2Fcategories&post=5484"},{"taxonomy":"post_tag","embeddable":true,"href":"http:\/\/aeaf.edu.pt\/index.php?rest_route=%2Fwp%2Fv2%2Ftags&post=5484"}],"curies":[{"name":"wp","href":"https:\/\/api.w.org\/{rel}","templated":true}]}}