{"id":5530,"date":"2016-04-22T16:25:13","date_gmt":"2016-04-22T16:25:13","guid":{"rendered":"http:\/\/aeaf.edu.pt\/?p=5530"},"modified":"2016-05-18T21:31:58","modified_gmt":"2016-05-18T21:31:58","slug":"cartaz-da-autoria-de-madalena-mota-aluna-do-9-o-ano-esaf","status":"publish","type":"post","link":"http:\/\/aeaf.edu.pt\/?p=5530","title":{"rendered":"Cartaz da autoria de Madalena Mota, aluna do 9.\u00ba ano &#8211; ESAF"},"content":{"rendered":"<div class=\"gmail_quote\">\n<div dir=\"ltr\">\n<div class=\"gmail_quote\">\n<div dir=\"ltr\">\n<div class=\"gmail_quote\">\n<div dir=\"ltr\">\n<div class=\"gmail_quote\">\n<div dir=\"ltr\">\n<div class=\"gmail_quote\">\n<div dir=\"ltr\">\n<div class=\"gmail_quote\">\n<div dir=\"ltr\">\n<div class=\"gmail_quote\">\n<div dir=\"ltr\">\n<div class=\"gmail_quote\">\n<div dir=\"ltr\">\n<div class=\"gmail_quote\">\n<div dir=\"ltr\">\n<div class=\"gmail_quote\"><img loading=\"lazy\" class=\"CToWUd\" src=\"https:\/\/mail.google.com\/mail\/u\/0\/?ui=2&amp;ik=70748c9a11&amp;view=fimg&amp;th=1542a988ff312fed&amp;attid=0.2&amp;disp=emb&amp;realattid=ii_144cb5ae6c1b466c&amp;attbid=ANGjdJ-PubE230PiOVPUMAGlqwid6tE1AC91Vv0XExoryikKfFj-egSYPbqLGB8wa_h8bqCzA7Q5PNHUOXER_UL7s5INkJyEz5lwqsv4UwRfQkruJQ_IUbFq5OS6goA&amp;sz=w400-h82&amp;ats=1461338661643&amp;rm=1542a988ff312fed&amp;zw&amp;atsh=1\" alt=\"Imagem intercalada 2\" width=\"200\" height=\"41\" \/><b><span style=\"color: #ff9900;\">\u00a0 \u00a0 \u00a0 \u00a0 \u00a0 \u00a0 \u00a0 \u00a0\u00a0<\/span><\/b><\/div>\n<div class=\"gmail_quote\">\n<p><b><span style=\"color: #ff9900;\">\u00a0 \u00a0 \u00a0 \u00a0 \u00a0 \u00a0 \u00a0 \u00a0 \u00a0A Biblioteca:<\/span><\/b><\/p>\n<div>\n<div>\n<div>\n<div>\n<div style=\"text-align: justify;\"><span style=\"color: #000000;\">A celebra\u00e7\u00e3o do &#8220;25 de Abril&#8221; e daquilo que este importante acontecimento da nossa hist\u00f3ria recente convoca &#8211; da instaura\u00e7\u00e3o do regime democr\u00e1tico \u00e0 conquista de liberdades fundamentais e de direitos inalien\u00e1veis &#8211; tem sido um dos desideratos que, ano ap\u00f3s ano e em prol do fomento da literacia c\u00edvica e cidad\u00e3, a biblioteca escolar da Escola Alcaides de Faria promove junto da sua comunidade educativa.<\/span><\/div>\n<div style=\"text-align: justify;\"><span style=\"color: #000000;\">Este ano, quando se celebram quarenta e dois anos sobre aquela madrugada (dizia a poetisa Sophia de Mello Breyner Andresen) &#8220;que eu esperava \/ o dia inicial inteiro e limpo \/ onde emergimos da noite e do sil\u00eancio \/ e livres habitamos a subst\u00e2ncia do tempo&#8221;), evocaremos novamente esse dia 25 de abril de 1974, movidos n\u00e3o apenas pelo assinalar de uma data importante, mas sobretudo pela carga de sensibiliza\u00e7\u00e3o c\u00edvica e hist\u00f3rica que esse acontecimento suscita e que deve ser sempre partilhado com as gera\u00e7\u00f5es mais novas &#8211; os nossos alunos.<\/span><\/div>\n<div style=\"text-align: justify;\"><span style=\"color: #000000;\">Aqui partilhamos, com imensa satisfa\u00e7\u00e3o, o cartaz (deste ano) alusivo aos 42 anos do 25 de abril de 1974.\u00a0Ao longo de quase uma d\u00e9cada apresentamos sempre um cartaz in\u00e9dito, fruto da sensibilidade e criatividade daqueles com quem temos tido o privil\u00e9gio de contar com a sua colabora\u00e7\u00e3o. Por\u00e9m, h\u00e1 uma particularidade no cartaz que ora divulgamos; se os cartazes anteriores foram concebidos por professores nossos colegas, <span style=\"text-decoration: underline;\">o deste ano \u00e9 da autoria de uma jovem aluna do 9.\u00ba ano de escolaridade, Madalena Mota, que, de forma original, recria com linhas, cores, texturas, aquele momento fundante da nossa atual democracia.\u00a0<\/span><\/span><\/div>\n<div>\n<div style=\"text-align: justify;\">\u00a0<span style=\"color: #ffffff;\">.<\/span><\/div>\n<div style=\"text-align: right;\"><span style=\"color: #000000;\">Saiba mais em:\u00a0<span style=\"text-decoration: underline;\"><span style=\"font-family: Arial,sans-serif;\"><a style=\"color: #000000; text-decoration: underline;\" href=\"http:\/\/bibliotecaesaf.blogspot.pt\/2016\/04\/celebrar-o-dia-da-liberdade.html\" target=\"_blank\">http:\/\/bibliotecaesaf.<wbr \/>blogspot.pt\/2016\/04\/celebrar-<wbr \/>o-dia-da-liberdade.html<\/a><\/span><\/span><\/span><\/div>\n<\/div>\n<\/div>\n<\/div>\n<\/div>\n<\/div>\n<\/div>\n<div class=\"gmail_quote\"><\/div>\n<\/div>\n<\/div>\n<\/div>\n<\/div>\n<\/div>\n<\/div>\n<\/div>\n<\/div>\n<\/div>\n<\/div>\n<\/div>\n<\/div>\n<\/div>\n<\/div>\n<\/div>\n<\/div>\n<\/div>\n<\/div>\n<div style=\"text-align: right;\"><span style=\"font-size: xx-small;\">Biblioteca Escolar da ESAF ES\/3 Alcaides de Faria &#8211; Barcelos<\/span><\/div>\n<div style=\"text-align: right;\"><span style=\"font-size: xx-small;\">Agrupamento de Escolas Alcaides de Faria<\/span><\/div>\n","protected":false},"excerpt":{"rendered":"<p>\u00a0 \u00a0 \u00a0 \u00a0 \u00a0 \u00a0 \u00a0 \u00a0\u00a0 \u00a0 \u00a0 \u00a0 \u00a0 \u00a0 \u00a0 \u00a0 \u00a0 \u00a0A Biblioteca: A celebra\u00e7\u00e3o do &#8220;25 de Abril&#8221; e daquilo que este importante acontecimento da nossa hist\u00f3ria recente convoca &#8211; da instaura\u00e7\u00e3o do regime democr\u00e1tico \u00e0 conquista de liberdades fundamentais e de direitos inalien\u00e1veis &#8211; tem sido um dos [&hellip;]<\/p>\n","protected":false},"author":5,"featured_media":5538,"comment_status":"closed","ping_status":"closed","sticky":false,"template":"","format":"standard","meta":[],"categories":[60,1],"tags":[],"_links":{"self":[{"href":"http:\/\/aeaf.edu.pt\/index.php?rest_route=\/wp\/v2\/posts\/5530"}],"collection":[{"href":"http:\/\/aeaf.edu.pt\/index.php?rest_route=\/wp\/v2\/posts"}],"about":[{"href":"http:\/\/aeaf.edu.pt\/index.php?rest_route=\/wp\/v2\/types\/post"}],"author":[{"embeddable":true,"href":"http:\/\/aeaf.edu.pt\/index.php?rest_route=\/wp\/v2\/users\/5"}],"replies":[{"embeddable":true,"href":"http:\/\/aeaf.edu.pt\/index.php?rest_route=%2Fwp%2Fv2%2Fcomments&post=5530"}],"version-history":[{"count":16,"href":"http:\/\/aeaf.edu.pt\/index.php?rest_route=\/wp\/v2\/posts\/5530\/revisions"}],"predecessor-version":[{"id":5547,"href":"http:\/\/aeaf.edu.pt\/index.php?rest_route=\/wp\/v2\/posts\/5530\/revisions\/5547"}],"wp:featuredmedia":[{"embeddable":true,"href":"http:\/\/aeaf.edu.pt\/index.php?rest_route=\/wp\/v2\/media\/5538"}],"wp:attachment":[{"href":"http:\/\/aeaf.edu.pt\/index.php?rest_route=%2Fwp%2Fv2%2Fmedia&parent=5530"}],"wp:term":[{"taxonomy":"category","embeddable":true,"href":"http:\/\/aeaf.edu.pt\/index.php?rest_route=%2Fwp%2Fv2%2Fcategories&post=5530"},{"taxonomy":"post_tag","embeddable":true,"href":"http:\/\/aeaf.edu.pt\/index.php?rest_route=%2Fwp%2Fv2%2Ftags&post=5530"}],"curies":[{"name":"wp","href":"https:\/\/api.w.org\/{rel}","templated":true}]}}