{"id":7481,"date":"2018-10-10T17:17:04","date_gmt":"2018-10-10T17:17:04","guid":{"rendered":"http:\/\/aeaf.edu.pt\/?p=7481"},"modified":"2018-11-23T12:07:18","modified_gmt":"2018-11-23T12:07:18","slug":"atividadesvisitas-de-estudo","status":"publish","type":"post","link":"http:\/\/aeaf.edu.pt\/?p=7481","title":{"rendered":"Atividades\/Visitas de Estudo"},"content":{"rendered":"<p style=\"text-align: center;\"><span style=\"color: #000000;\">Apresenta\u00e7\u00e3o da(s) proposta(s) de atividade(s)\/visitas de estudo a integrar no <strong>P<\/strong>lano <strong>A<\/strong>nual de <\/span><span style=\"color: #000000;\"><strong>A<\/strong>tividades (PAA) do Agrupamento de Escolas Alcaides de Faria:<\/span><\/p>\n<p style=\"text-align: center;\"><span style=\"color: #ffffff;\">&#8230;<\/span><\/p>\n<p style=\"text-align: center;\"><span style=\"color: #000000;\"><strong>A realizar no 1\u00ba\u00a0e 2\u00ba e 3\u00ba Per\u00edodos: <span style=\"text-decoration: underline;\"><a href=\"http:\/\/aeaf.edu.pt\/wp-content\/uploads\/2018\/10\/Circular-n\u00ba-43-Visitas-de-Estudo.pdf\" target=\"_blank\" rel=\"noopener\"><span style=\"color: #000000; text-decoration: underline;\">Circular n\u00ba 43 Visitas de Estudo<\/span><\/a><\/span><br \/>\n<\/strong><\/span><\/p>\n<p style=\"text-align: center;\"><span style=\"color: #000000;\"><strong>At\u00e9 ao dia 26 de outubro,<\/strong> dever\u00e3o preencher e submeter\u00a0 o formul\u00e1rio, com as propostas de atividades\/visitas de estudo, existente em:\u00a0 <\/span><span style=\"text-decoration: underline;\"><strong><a href=\"https:\/\/goo.gl\/forms\/erTHWTDvYmt2kqJy1\" target=\"_blank\" rel=\"noopener\">https:\/\/goo.gl\/forms\/erTHWTDvYmt2kqJy1<\/a><\/strong><\/span><\/p>\n<p style=\"text-align: center;\">&#8230;<\/p>\n<p style=\"text-align: center;\"><span style=\"color: #000000;\"><strong>Relat\u00f3rio de Avalia\u00e7\u00e3o<\/strong><\/span><\/p>\n<p style=\"text-align: center;\"><span style=\"color: #000000;\">De acordo com os prazos, o relat\u00f3rio de avalia\u00e7\u00e3o da atividade\/visita de estudo \u00e9 preenchido e submetido no seguinte endere\u00e7o:\u00a0 <\/span><span style=\"text-decoration: underline;\"><strong><a href=\"https:\/\/goo.gl\/forms\/cYrbhbGcS0rhtBPL2\" target=\"_blank\" rel=\"noopener\">https:\/\/goo.gl\/forms\/cYrbhbGcS0rhtBPL2<\/a><\/strong><\/span><\/p>\n","protected":false},"excerpt":{"rendered":"<p>Apresenta\u00e7\u00e3o da(s) proposta(s) de atividade(s)\/visitas de estudo a integrar no Plano Anual de Atividades (PAA) do Agrupamento de Escolas Alcaides de Faria: &#8230; A realizar no 1\u00ba\u00a0e 2\u00ba e 3\u00ba Per\u00edodos: Circular n\u00ba 43 Visitas de Estudo At\u00e9 ao dia 26 de outubro, dever\u00e3o preencher e submeter\u00a0 o formul\u00e1rio, com as propostas de atividades\/visitas de [&hellip;]<\/p>\n","protected":false},"author":5,"featured_media":7700,"comment_status":"closed","ping_status":"closed","sticky":false,"template":"","format":"standard","meta":[],"categories":[33],"tags":[],"_links":{"self":[{"href":"http:\/\/aeaf.edu.pt\/index.php?rest_route=\/wp\/v2\/posts\/7481"}],"collection":[{"href":"http:\/\/aeaf.edu.pt\/index.php?rest_route=\/wp\/v2\/posts"}],"about":[{"href":"http:\/\/aeaf.edu.pt\/index.php?rest_route=\/wp\/v2\/types\/post"}],"author":[{"embeddable":true,"href":"http:\/\/aeaf.edu.pt\/index.php?rest_route=\/wp\/v2\/users\/5"}],"replies":[{"embeddable":true,"href":"http:\/\/aeaf.edu.pt\/index.php?rest_route=%2Fwp%2Fv2%2Fcomments&post=7481"}],"version-history":[{"count":7,"href":"http:\/\/aeaf.edu.pt\/index.php?rest_route=\/wp\/v2\/posts\/7481\/revisions"}],"predecessor-version":[{"id":7701,"href":"http:\/\/aeaf.edu.pt\/index.php?rest_route=\/wp\/v2\/posts\/7481\/revisions\/7701"}],"wp:featuredmedia":[{"embeddable":true,"href":"http:\/\/aeaf.edu.pt\/index.php?rest_route=\/wp\/v2\/media\/7700"}],"wp:attachment":[{"href":"http:\/\/aeaf.edu.pt\/index.php?rest_route=%2Fwp%2Fv2%2Fmedia&parent=7481"}],"wp:term":[{"taxonomy":"category","embeddable":true,"href":"http:\/\/aeaf.edu.pt\/index.php?rest_route=%2Fwp%2Fv2%2Fcategories&post=7481"},{"taxonomy":"post_tag","embeddable":true,"href":"http:\/\/aeaf.edu.pt\/index.php?rest_route=%2Fwp%2Fv2%2Ftags&post=7481"}],"curies":[{"name":"wp","href":"https:\/\/api.w.org\/{rel}","templated":true}]}}