{"id":8630,"date":"2019-05-07T19:27:38","date_gmt":"2019-05-07T19:27:38","guid":{"rendered":"http:\/\/aeaf.edu.pt\/?p=8630"},"modified":"2019-05-23T21:02:39","modified_gmt":"2019-05-23T21:02:39","slug":"direcao-do-agrupamento-de-escolas-alcaides-de-faria-global-teacher-prize","status":"publish","type":"post","link":"http:\/\/aeaf.edu.pt\/?p=8630","title":{"rendered":"Dire\u00e7\u00e3o do Agrupamento de Escolas Alcaides de Faria &#8211; \u201cGlobal Teacher Prize\u201d"},"content":{"rendered":"<section class=\"av_textblock_section\"  itemscope=\"itemscope\" itemtype=\"https:\/\/schema.org\/BlogPosting\" itemprop=\"blogPost\" ><div class='avia_textblock '   itemprop=\"text\" ><h3 style=\"text-align: center;\"><a href=\"http:\/\/aeaf.edu.pt\/wp-content\/uploads\/2018\/10\/VermelhoSep.png\"><img loading=\"lazy\" class=\"alignnone size-medium wp-image-7703\" src=\"http:\/\/aeaf.edu.pt\/wp-content\/uploads\/2018\/10\/VermelhoSep-300x100.png\" alt=\"\" width=\"300\" height=\"100\" \/><\/a><\/h3>\n<h3><span style=\"color: #ffffff;\">&#8230;<\/span><\/h3>\n<h4 style=\"text-align: center;\"><span style=\"color: #000000;\">A Dire\u00e7\u00e3o do Agrupamento de Escolas Alcaides de Faria congratula-se com o facto do professor de F\u00edsica e Qu\u00edmica do nosso Agrupamento, David Alexandre Duarte Ferreira, ter sido um dos 10 finalistas da Edi\u00e7\u00e3o de 2019 do \u201cGlobal Teacher Prize\u201d.<\/span><\/h4>\n<h4><span style=\"color: #ffffff;\">&#8230;<\/span><\/h4>\n<h4><span style=\"color: #000000;\">A lista dos 10 finalistas \u00e9 a seguinte:<\/span><\/h4>\n<ul>\n<li><span style=\"color: #000000;\">Ana Mafalda Monteiro Marques Pires Lapa Gon\u00e7alves, Professora de Ci\u00eancias, Ensino Secund\u00e1rio Regular, ensino p\u00fablico, Cascais<\/span><\/li>\n<\/ul>\n<ul>\n<li><span style=\"color: #000000;\">Angelizabel Sousa de Freitas, Professora de Ingl\u00eas, 3\u00b0 ciclo do Ensino B\u00e1sico, ensino p\u00fablico, Ribeira Brava, Madeira<\/span><\/li>\n<\/ul>\n<ul>\n<li><strong><span style=\"color: #000000;\">David Alexandre Duarte Ferreira, Professor de F\u00edsica e Qu\u00edmica, Ensino Secund\u00e1rio Regular, ensino p\u00fablico, Barcelos<\/span><\/strong><\/li>\n<\/ul>\n<ul>\n<li><span style=\"color: #000000;\">Fernanda Alves, Professora do Pr\u00e9-Escolar e 1o Ciclo, 1\u00b0 ciclo do Ensino B\u00e1sico, ensino privado, Porto<\/span><\/li>\n<\/ul>\n<ul>\n<li><span style=\"color: #000000;\">Ilda Maria Rei Azevedo Lima, Professora da Educa\u00e7\u00e3o F\u00edsica, 3\u00b0 ciclo do Ensino B\u00e1sico, ensino p\u00fablico, Mindelo<\/span><\/li>\n<\/ul>\n<ul>\n<li><span style=\"color: #000000;\">Jos\u00e9 Manuel da Rocha Galv\u00e3o, Professor de M\u00fasica, 2\u00b0 ciclo, ensino p\u00fablico, Moita<\/span><\/li>\n<\/ul>\n<ul>\n<li><span style=\"color: #000000;\">Lu\u00edsa Cristina Val\u00e9rio da Silva Fernandes, Professora de Ci\u00eancias, Ensino Secund\u00e1rio Regular, ensino p\u00fablico, Carcavelos<\/span><\/li>\n<\/ul>\n<ul>\n<li><span style=\"color: #000000;\">Maria In\u00eas Loureiro Rodrigues, Professora de L\u00ednguas, Ensino Secund\u00e1rio Profissional, Gondomar<\/span><\/li>\n<\/ul>\n<ul>\n<li><span style=\"color: #000000;\">Rui Jos\u00e9 Antunes de Cunha Sim\u00f5es Correia, Professor de Hist\u00f3ria, 3\u00b0 ciclo do Ensino B\u00e1sico, ensino p\u00fablico, Caldas da Rainha.<\/span><\/li>\n<\/ul>\n<ul>\n<li><span style=\"color: #000000;\">V\u00edtor Manuel Domingues Gon\u00e7alves, Professor de Inform\u00e1tica, Ensino Secund\u00e1rio Regular, ensino p\u00fablico, S\u00e3o Br\u00e1s de Alportel<\/span><\/li>\n<\/ul>\n<\/div><\/section>\n","protected":false},"excerpt":{"rendered":"","protected":false},"author":5,"featured_media":7703,"comment_status":"closed","ping_status":"closed","sticky":false,"template":"","format":"standard","meta":[],"categories":[60],"tags":[],"_links":{"self":[{"href":"http:\/\/aeaf.edu.pt\/index.php?rest_route=\/wp\/v2\/posts\/8630"}],"collection":[{"href":"http:\/\/aeaf.edu.pt\/index.php?rest_route=\/wp\/v2\/posts"}],"about":[{"href":"http:\/\/aeaf.edu.pt\/index.php?rest_route=\/wp\/v2\/types\/post"}],"author":[{"embeddable":true,"href":"http:\/\/aeaf.edu.pt\/index.php?rest_route=\/wp\/v2\/users\/5"}],"replies":[{"embeddable":true,"href":"http:\/\/aeaf.edu.pt\/index.php?rest_route=%2Fwp%2Fv2%2Fcomments&post=8630"}],"version-history":[{"count":7,"href":"http:\/\/aeaf.edu.pt\/index.php?rest_route=\/wp\/v2\/posts\/8630\/revisions"}],"predecessor-version":[{"id":8637,"href":"http:\/\/aeaf.edu.pt\/index.php?rest_route=\/wp\/v2\/posts\/8630\/revisions\/8637"}],"wp:featuredmedia":[{"embeddable":true,"href":"http:\/\/aeaf.edu.pt\/index.php?rest_route=\/wp\/v2\/media\/7703"}],"wp:attachment":[{"href":"http:\/\/aeaf.edu.pt\/index.php?rest_route=%2Fwp%2Fv2%2Fmedia&parent=8630"}],"wp:term":[{"taxonomy":"category","embeddable":true,"href":"http:\/\/aeaf.edu.pt\/index.php?rest_route=%2Fwp%2Fv2%2Fcategories&post=8630"},{"taxonomy":"post_tag","embeddable":true,"href":"http:\/\/aeaf.edu.pt\/index.php?rest_route=%2Fwp%2Fv2%2Ftags&post=8630"}],"curies":[{"name":"wp","href":"https:\/\/api.w.org\/{rel}","templated":true}]}}