{"id":9721,"date":"2020-02-29T20:13:56","date_gmt":"2020-02-29T20:13:56","guid":{"rendered":"http:\/\/aeaf.edu.pt\/?p=9721"},"modified":"2020-03-02T13:32:03","modified_gmt":"2020-03-02T13:32:03","slug":"contratacao-de-escola-abertura-de-concurso-para-o-grupo-de-recrutamento-620-3","status":"publish","type":"post","link":"http:\/\/aeaf.edu.pt\/?p=9721","title":{"rendered":"Contrata\u00e7\u00e3o de Escola: Abertura de concurso para o Grupo de Recrutamento (620)"},"content":{"rendered":"\n<p>\n\n\n\n\n\n\n\n\n\n\n\n\n\n\n\n\n\nNos termos do n.\u00ba 4 do artigo 39\u00b0 do Decreto-Lei\nn.\u00ba 132\/2012, de 27 de junho, com a nova reda\u00e7\u00e3o dada pelo Decreto-Lei n.\u00ba\n9\/2016, de 7 de mar\u00e7o, torna-se p\u00fablico que por despacho do Diretor do\nAgrupamento de Escolas Alcaides de Faria, do dia 24 de fevereiro de 2020, se\nencontra aberto, pelo prazo de 3 dias \u00fateis, a contar do dia 24 de fevereiro de\n2020 o procedimento concursal para o preenchimento de 1 (uma) vaga na categoria\nde Professor de acordo com o\nseguinte:\n\n\n\n<\/p>\n\n\n\n<p style=\"text-align:center\"><strong>Grupo Disciplinar de Educa\u00e7\u00e3o F\u00edsica (620)<\/strong><\/p>\n\n\n\n<p style=\"text-align:center\"><strong>Hor\u00e1rio 40<\/strong><\/p>\n\n\n\n<div class=\"wp-block-file aligncenter\"><a href=\"http:\/\/aeaf.edu.pt\/wp-content\/uploads\/2020\/02\/Edital-n\u00ba-9-Hor\u00e1rio-40.pdf\" target=\"_blank\" rel=\"noreferrer noopener\"><br>Edital n\u00ba9 &#8211; Hor\u00e1rio 40<\/a><a href=\"http:\/\/aeaf.edu.pt\/wp-content\/uploads\/2020\/02\/Edital-n\u00ba-9-Hor\u00e1rio-40.pdf\" class=\"wp-block-file__button\" download>Descarregar<\/a><\/div>\n\n\n\n<div class=\"wp-block-file aligncenter\"><a href=\"http:\/\/aeaf.edu.pt\/wp-content\/uploads\/2020\/02\/Hor\u00e1rio-40-Grupo620.pdf\" target=\"_blank\" rel=\"noreferrer noopener\"><br>Hor\u00e1rio 40 &#8211; Grupo 620<\/a><a href=\"http:\/\/aeaf.edu.pt\/wp-content\/uploads\/2020\/02\/Hor\u00e1rio-40-Grupo620.pdf\" class=\"wp-block-file__button\" download>Descarregar<\/a><\/div>\n\n\n\n<div class=\"wp-block-file aligncenter\"><a href=\"http:\/\/aeaf.edu.pt\/wp-content\/uploads\/2020\/02\/Lista-Ordenada-Hor\u00e1rio-40-Grupo-620.pdf\" target=\"_blank\" rel=\"noreferrer noopener\"><br>Lista Ordenada Hor\u00e1rio 40 &#8211; Grupo 620<\/a><a href=\"http:\/\/aeaf.edu.pt\/wp-content\/uploads\/2020\/02\/Lista-Ordenada-Hor\u00e1rio-40-Grupo-620.pdf\" class=\"wp-block-file__button\" download>Descarregar<\/a><\/div>\n","protected":false},"excerpt":{"rendered":"<p>Nos termos do n.\u00ba 4 do artigo 39\u00b0 do Decreto-Lei n.\u00ba 132\/2012, de 27 de junho, com a nova reda\u00e7\u00e3o dada pelo Decreto-Lei n.\u00ba 9\/2016, de 7 de mar\u00e7o, torna-se p\u00fablico que por despacho do Diretor do Agrupamento de Escolas Alcaides de Faria, do dia 24 de fevereiro de 2020, se encontra aberto, pelo prazo [&hellip;]<\/p>\n","protected":false},"author":5,"featured_media":7722,"comment_status":"closed","ping_status":"closed","sticky":false,"template":"","format":"standard","meta":[],"categories":[46],"tags":[],"_links":{"self":[{"href":"http:\/\/aeaf.edu.pt\/index.php?rest_route=\/wp\/v2\/posts\/9721"}],"collection":[{"href":"http:\/\/aeaf.edu.pt\/index.php?rest_route=\/wp\/v2\/posts"}],"about":[{"href":"http:\/\/aeaf.edu.pt\/index.php?rest_route=\/wp\/v2\/types\/post"}],"author":[{"embeddable":true,"href":"http:\/\/aeaf.edu.pt\/index.php?rest_route=\/wp\/v2\/users\/5"}],"replies":[{"embeddable":true,"href":"http:\/\/aeaf.edu.pt\/index.php?rest_route=%2Fwp%2Fv2%2Fcomments&post=9721"}],"version-history":[{"count":2,"href":"http:\/\/aeaf.edu.pt\/index.php?rest_route=\/wp\/v2\/posts\/9721\/revisions"}],"predecessor-version":[{"id":9728,"href":"http:\/\/aeaf.edu.pt\/index.php?rest_route=\/wp\/v2\/posts\/9721\/revisions\/9728"}],"wp:featuredmedia":[{"embeddable":true,"href":"http:\/\/aeaf.edu.pt\/index.php?rest_route=\/wp\/v2\/media\/7722"}],"wp:attachment":[{"href":"http:\/\/aeaf.edu.pt\/index.php?rest_route=%2Fwp%2Fv2%2Fmedia&parent=9721"}],"wp:term":[{"taxonomy":"category","embeddable":true,"href":"http:\/\/aeaf.edu.pt\/index.php?rest_route=%2Fwp%2Fv2%2Fcategories&post=9721"},{"taxonomy":"post_tag","embeddable":true,"href":"http:\/\/aeaf.edu.pt\/index.php?rest_route=%2Fwp%2Fv2%2Ftags&post=9721"}],"curies":[{"name":"wp","href":"https:\/\/api.w.org\/{rel}","templated":true}]}}