{"id":9825,"date":"2021-02-06T09:24:11","date_gmt":"2021-02-06T09:24:11","guid":{"rendered":"http:\/\/aeaf.edu.pt\/?p=9825"},"modified":"2021-05-04T21:12:49","modified_gmt":"2021-05-04T21:12:49","slug":"plano-do-agrupamento-ensino-a-distancia-ed","status":"publish","type":"post","link":"http:\/\/aeaf.edu.pt\/?p=9825","title":{"rendered":"Plano do Agrupamento Ensino \u00e0 Distancia (E@D)"},"content":{"rendered":"\n<p class=\"has-text-align-center has-medium-font-size\"><strong>Plano do E@D depois de atualizado e aprovado em reuni\u00e3o de Conselho Pedag\u00f3gico do dia 4 de fevereiro de 2021 a desenvolver no 2\u00ba Per\u00edodo do Ano Letivo 2020\/2021<\/strong><\/p>\n\n\n\n<p>Com a atual\npandemia e a suspens\u00e3o das atividades letivas\npresenciais \u00e9 necess\u00e1rio garantir que todas as crian\u00e7as e todos os alunos\ncontinuem a aprender.<\/p>\n\n\n\n<p>Assim, \u00e9 importante que o ensino \u00e0 dist\u00e2ncia chegue a todas as crian\u00e7as\ne a todos os alunos,\nbem como \u00e9 fundamental a boa\nprossecu\u00e7\u00e3o dos objetivos estabelecidos no Perfil dos Alunos \u00e0 Sa\u00edda da\nEscolaridade Obrigat\u00f3ria e nas Aprendizagens Essenciais, com recurso aos meios necess\u00e1rios para tal.<\/p>\n\n\n\n<p>Para a elabora\u00e7\u00e3o deste Plano, teve-se em conta os\nprinc\u00edpios j\u00e1 existentes no desenho de medidas universais, seletivas e\nadicionais, no \u00e2mbito da educa\u00e7\u00e3o inclusiva.\n\nTendo presente que o E@D \u00e9 um processo din\u00e2mico\ne de melhoria constante, mas tamb\u00e9m uma novidade para todos n\u00f3s (alunos e\nprofessores\/educadores), com este Plano procuramos dar um conjunto de\norienta\u00e7\u00f5es e recomenda\u00e7\u00f5es a todos os atores, nomeadamente aos docentes, num\ncontexto dif\u00edcil e in\u00e9dito, nunca antes perspetivado.\n\n\n\n<\/p>\n\n\n\n<div class=\"wp-block-file aligncenter\"><a href=\"http:\/\/aeaf.edu.pt\/wp-content\/uploads\/2021\/03\/Plano-do-Agrupamento-Ensino@Distancia.pdf\" target=\"_blank\" rel=\"noreferrer noopener\"><strong><span style=\"color:#000000\" class=\"has-inline-color\"><u>Plano-do-Agrupamento-Ensino@Distancia<\/u> Atualizado<\/span><\/strong><\/a><a href=\"http:\/\/aeaf.edu.pt\/wp-content\/uploads\/2021\/03\/Plano-do-Agrupamento-Ensino@Distancia.pdf\" class=\"wp-block-file__button\" download>Descarregar<\/a><\/div>\n","protected":false},"excerpt":{"rendered":"<p>Plano do E@D depois de atualizado e aprovado em reuni\u00e3o de Conselho Pedag\u00f3gico do dia 4 de fevereiro de 2021 a desenvolver no 2\u00ba Per\u00edodo do Ano Letivo 2020\/2021 Com a atual pandemia e a suspens\u00e3o das atividades letivas presenciais \u00e9 necess\u00e1rio garantir que todas as crian\u00e7as e todos os alunos continuem a aprender. Assim, [&hellip;]<\/p>\n","protected":false},"author":5,"featured_media":9828,"comment_status":"closed","ping_status":"closed","sticky":false,"template":"","format":"standard","meta":[],"categories":[33],"tags":[],"_links":{"self":[{"href":"http:\/\/aeaf.edu.pt\/index.php?rest_route=\/wp\/v2\/posts\/9825"}],"collection":[{"href":"http:\/\/aeaf.edu.pt\/index.php?rest_route=\/wp\/v2\/posts"}],"about":[{"href":"http:\/\/aeaf.edu.pt\/index.php?rest_route=\/wp\/v2\/types\/post"}],"author":[{"embeddable":true,"href":"http:\/\/aeaf.edu.pt\/index.php?rest_route=\/wp\/v2\/users\/5"}],"replies":[{"embeddable":true,"href":"http:\/\/aeaf.edu.pt\/index.php?rest_route=%2Fwp%2Fv2%2Fcomments&post=9825"}],"version-history":[{"count":5,"href":"http:\/\/aeaf.edu.pt\/index.php?rest_route=\/wp\/v2\/posts\/9825\/revisions"}],"predecessor-version":[{"id":10751,"href":"http:\/\/aeaf.edu.pt\/index.php?rest_route=\/wp\/v2\/posts\/9825\/revisions\/10751"}],"wp:featuredmedia":[{"embeddable":true,"href":"http:\/\/aeaf.edu.pt\/index.php?rest_route=\/wp\/v2\/media\/9828"}],"wp:attachment":[{"href":"http:\/\/aeaf.edu.pt\/index.php?rest_route=%2Fwp%2Fv2%2Fmedia&parent=9825"}],"wp:term":[{"taxonomy":"category","embeddable":true,"href":"http:\/\/aeaf.edu.pt\/index.php?rest_route=%2Fwp%2Fv2%2Fcategories&post=9825"},{"taxonomy":"post_tag","embeddable":true,"href":"http:\/\/aeaf.edu.pt\/index.php?rest_route=%2Fwp%2Fv2%2Ftags&post=9825"}],"curies":[{"name":"wp","href":"https:\/\/api.w.org\/{rel}","templated":true}]}}