{"id":11784,"date":"2022-01-11T00:46:15","date_gmt":"2022-01-11T00:46:15","guid":{"rendered":"http:\/\/aeaf.edu.pt\/?p=11784"},"modified":"2024-06-20T14:58:53","modified_gmt":"2024-06-20T14:58:53","slug":"projetos-eventos-pna","status":"publish","type":"post","link":"https:\/\/aeaf.edu.pt\/?p=11784","title":{"rendered":"Projetos\/Eventos PNA"},"content":{"rendered":"\n<div style=\"height:71px\" aria-hidden=\"true\" class=\"wp-block-spacer\"><\/div>\n\n\n\n<p style=\"font-size:18px\"><strong>A Escola, a Arte e os 50 anos do 25 de Abril<\/strong><\/p>\n\n\n\n<figure class=\"wp-block-image size-large\"><a href=\"http:\/\/aeaf.edu.pt\/wp-content\/uploads\/2024\/05\/Imagem.jpg\"><img loading=\"lazy\" width=\"1030\" height=\"469\" src=\"http:\/\/aeaf.edu.pt\/wp-content\/uploads\/2024\/05\/Imagem-1030x469.jpg\" alt=\"\" class=\"wp-image-14006\" srcset=\"https:\/\/aeaf.edu.pt\/wp-content\/uploads\/2024\/05\/Imagem-1030x469.jpg 1030w, https:\/\/aeaf.edu.pt\/wp-content\/uploads\/2024\/05\/Imagem-300x137.jpg 300w, https:\/\/aeaf.edu.pt\/wp-content\/uploads\/2024\/05\/Imagem-768x349.jpg 768w, https:\/\/aeaf.edu.pt\/wp-content\/uploads\/2024\/05\/Imagem-1536x699.jpg 1536w, https:\/\/aeaf.edu.pt\/wp-content\/uploads\/2024\/05\/Imagem-1500x683.jpg 1500w, https:\/\/aeaf.edu.pt\/wp-content\/uploads\/2024\/05\/Imagem-705x321.jpg 705w, https:\/\/aeaf.edu.pt\/wp-content\/uploads\/2024\/05\/Imagem-450x205.jpg 450w, https:\/\/aeaf.edu.pt\/wp-content\/uploads\/2024\/05\/Imagem.jpg 1945w\" sizes=\"(max-width: 1030px) 100vw, 1030px\" \/><\/a><\/figure>\n\n\n\n<p><strong>REVOLUCIONA-TE<\/strong>, foi o <em>modus operandi<\/em> do PCE para este ano letivo. A nossa reflex\u00e3o centrou-se em sensibilizar os alunos para que percebessem que a revolu\u00e7\u00e3o deve partir de dentro deles, algo que os transforma profundamente.<\/p>\n\n\n\n<p>Ao longo do ano foram muitas as atividades que preencheram o espa\u00e7o escolar do nosso agrupamento com atividades nas v\u00e1rias escolas que o comp\u00f5em. Desde abril que temos connosco a Renata Zanete que preparou duas performances com dois grupos de alunos, 1\u00ba ciclo e ensino secund\u00e1rio. Durante os \u00faltimos dias do 3\u00ba per\u00edodo foi apresentado o resultado destas resid\u00eancias art\u00edsticas, a primeira na EB de Manhente com alunos do 1\u00ba ciclo e a segunda na ES Alcaides de Faria com alunos do secund\u00e1rio. O resultado foi muito gratificante e de uma forma geral, assistir ao envolvimento dos alunos em prol da cultura e identidade do nosso pa\u00eds \u00e9 sempre louv\u00e1vel. Foram trabalhados temas de poetas e m\u00fasicos portugueses e se no primeiro grupo se trabalhou o lado emocional e hist\u00f3rico do 25 de abril, no segundo grupo abordou-se, satiricamente, o mesmo tema.<\/p>\n\n\n\n<p>A equipa do Projeto Cultural de Escola agradece \u00e0 Renata Zanete, aos alunos, \u00e0s professoras Rosalina Macedo e Isabel Ara\u00fajo a forma como acolheram a nossa sugest\u00e3o e apoiaram nos ensaios, ao professor Paulo Teixeira e Jorge Lima na produ\u00e7\u00e3o das atividades, ao sr. Simpl\u00edcio e ao sr. Agostinho a ajuda na prepara\u00e7\u00e3o do espa\u00e7o Liberdade e \u00e0 dire\u00e7\u00e3o do agrupamento toda a colabora\u00e7\u00e3o e confian\u00e7a na consecu\u00e7\u00e3o das atividades deste ano letivo.<\/p>\n\n\n\n<p class=\"has-medium-font-size\"><strong>EB de Manhente com alunos do 1\u00ba ciclo<\/strong><\/p>\n\n\n\n<figure class=\"wp-block-gallery columns-3 is-cropped\"><ul class=\"blocks-gallery-grid\"><li class=\"blocks-gallery-item\"><figure><a href=\"http:\/\/aeaf.edu.pt\/wp-content\/uploads\/2024\/06\/1-1-scaled.jpg\"><img loading=\"lazy\" width=\"1030\" height=\"687\" src=\"http:\/\/aeaf.edu.pt\/wp-content\/uploads\/2024\/06\/1-1-1030x687.jpg\" alt=\"\" data-id=\"14048\" data-full-url=\"http:\/\/aeaf.edu.pt\/wp-content\/uploads\/2024\/06\/1-1-scaled.jpg\" data-link=\"http:\/\/aeaf.edu.pt\/?attachment_id=14048\" class=\"wp-image-14048\" srcset=\"https:\/\/aeaf.edu.pt\/wp-content\/uploads\/2024\/06\/1-1-1030x687.jpg 1030w, https:\/\/aeaf.edu.pt\/wp-content\/uploads\/2024\/06\/1-1-300x200.jpg 300w, https:\/\/aeaf.edu.pt\/wp-content\/uploads\/2024\/06\/1-1-768x512.jpg 768w, https:\/\/aeaf.edu.pt\/wp-content\/uploads\/2024\/06\/1-1-1536x1024.jpg 1536w, https:\/\/aeaf.edu.pt\/wp-content\/uploads\/2024\/06\/1-1-2048x1365.jpg 2048w, https:\/\/aeaf.edu.pt\/wp-content\/uploads\/2024\/06\/1-1-1500x1000.jpg 1500w, https:\/\/aeaf.edu.pt\/wp-content\/uploads\/2024\/06\/1-1-705x470.jpg 705w, https:\/\/aeaf.edu.pt\/wp-content\/uploads\/2024\/06\/1-1-450x300.jpg 450w\" sizes=\"(max-width: 1030px) 100vw, 1030px\" \/><\/a><\/figure><\/li><li class=\"blocks-gallery-item\"><figure><a href=\"http:\/\/aeaf.edu.pt\/wp-content\/uploads\/2024\/06\/2-1-scaled.jpg\"><img loading=\"lazy\" width=\"687\" height=\"1030\" src=\"http:\/\/aeaf.edu.pt\/wp-content\/uploads\/2024\/06\/2-1-687x1030.jpg\" alt=\"\" data-id=\"14050\" data-full-url=\"http:\/\/aeaf.edu.pt\/wp-content\/uploads\/2024\/06\/2-1-scaled.jpg\" data-link=\"http:\/\/aeaf.edu.pt\/?attachment_id=14050\" class=\"wp-image-14050\" srcset=\"https:\/\/aeaf.edu.pt\/wp-content\/uploads\/2024\/06\/2-1-687x1030.jpg 687w, https:\/\/aeaf.edu.pt\/wp-content\/uploads\/2024\/06\/2-1-200x300.jpg 200w, https:\/\/aeaf.edu.pt\/wp-content\/uploads\/2024\/06\/2-1-768x1152.jpg 768w, https:\/\/aeaf.edu.pt\/wp-content\/uploads\/2024\/06\/2-1-1024x1536.jpg 1024w, https:\/\/aeaf.edu.pt\/wp-content\/uploads\/2024\/06\/2-1-1365x2048.jpg 1365w, https:\/\/aeaf.edu.pt\/wp-content\/uploads\/2024\/06\/2-1-1000x1500.jpg 1000w, https:\/\/aeaf.edu.pt\/wp-content\/uploads\/2024\/06\/2-1-470x705.jpg 470w, https:\/\/aeaf.edu.pt\/wp-content\/uploads\/2024\/06\/2-1-450x675.jpg 450w, https:\/\/aeaf.edu.pt\/wp-content\/uploads\/2024\/06\/2-1-scaled.jpg 1707w\" sizes=\"(max-width: 687px) 100vw, 687px\" \/><\/a><\/figure><\/li><li class=\"blocks-gallery-item\"><figure><a href=\"http:\/\/aeaf.edu.pt\/wp-content\/uploads\/2024\/06\/3-1-scaled.jpeg\"><img loading=\"lazy\" width=\"1030\" height=\"687\" src=\"http:\/\/aeaf.edu.pt\/wp-content\/uploads\/2024\/06\/3-1-1030x687.jpeg\" alt=\"\" data-id=\"14052\" data-full-url=\"http:\/\/aeaf.edu.pt\/wp-content\/uploads\/2024\/06\/3-1-scaled.jpeg\" data-link=\"http:\/\/aeaf.edu.pt\/?attachment_id=14052\" class=\"wp-image-14052\" srcset=\"https:\/\/aeaf.edu.pt\/wp-content\/uploads\/2024\/06\/3-1-1030x687.jpeg 1030w, https:\/\/aeaf.edu.pt\/wp-content\/uploads\/2024\/06\/3-1-300x200.jpeg 300w, https:\/\/aeaf.edu.pt\/wp-content\/uploads\/2024\/06\/3-1-768x512.jpeg 768w, https:\/\/aeaf.edu.pt\/wp-content\/uploads\/2024\/06\/3-1-1536x1024.jpeg 1536w, https:\/\/aeaf.edu.pt\/wp-content\/uploads\/2024\/06\/3-1-2048x1365.jpeg 2048w, https:\/\/aeaf.edu.pt\/wp-content\/uploads\/2024\/06\/3-1-1500x1000.jpeg 1500w, https:\/\/aeaf.edu.pt\/wp-content\/uploads\/2024\/06\/3-1-705x470.jpeg 705w, https:\/\/aeaf.edu.pt\/wp-content\/uploads\/2024\/06\/3-1-450x300.jpeg 450w\" sizes=\"(max-width: 1030px) 100vw, 1030px\" \/><\/a><\/figure><\/li><li class=\"blocks-gallery-item\"><figure><a href=\"http:\/\/aeaf.edu.pt\/wp-content\/uploads\/2024\/06\/4-1-scaled.jpg\"><img loading=\"lazy\" width=\"1030\" height=\"687\" src=\"http:\/\/aeaf.edu.pt\/wp-content\/uploads\/2024\/06\/4-1-1030x687.jpg\" alt=\"\" data-id=\"14053\" data-full-url=\"http:\/\/aeaf.edu.pt\/wp-content\/uploads\/2024\/06\/4-1-scaled.jpg\" data-link=\"http:\/\/aeaf.edu.pt\/?attachment_id=14053\" class=\"wp-image-14053\" srcset=\"https:\/\/aeaf.edu.pt\/wp-content\/uploads\/2024\/06\/4-1-1030x687.jpg 1030w, https:\/\/aeaf.edu.pt\/wp-content\/uploads\/2024\/06\/4-1-300x200.jpg 300w, https:\/\/aeaf.edu.pt\/wp-content\/uploads\/2024\/06\/4-1-768x512.jpg 768w, https:\/\/aeaf.edu.pt\/wp-content\/uploads\/2024\/06\/4-1-1536x1024.jpg 1536w, https:\/\/aeaf.edu.pt\/wp-content\/uploads\/2024\/06\/4-1-2048x1365.jpg 2048w, https:\/\/aeaf.edu.pt\/wp-content\/uploads\/2024\/06\/4-1-1500x1000.jpg 1500w, https:\/\/aeaf.edu.pt\/wp-content\/uploads\/2024\/06\/4-1-705x470.jpg 705w, https:\/\/aeaf.edu.pt\/wp-content\/uploads\/2024\/06\/4-1-450x300.jpg 450w\" sizes=\"(max-width: 1030px) 100vw, 1030px\" \/><\/a><\/figure><\/li><li class=\"blocks-gallery-item\"><figure><a href=\"http:\/\/aeaf.edu.pt\/wp-content\/uploads\/2024\/06\/5-1.jpg\"><img loading=\"lazy\" width=\"441\" height=\"358\" src=\"http:\/\/aeaf.edu.pt\/wp-content\/uploads\/2024\/06\/5-1.jpg\" alt=\"\" data-id=\"14054\" data-full-url=\"http:\/\/aeaf.edu.pt\/wp-content\/uploads\/2024\/06\/5-1.jpg\" data-link=\"http:\/\/aeaf.edu.pt\/?attachment_id=14054\" class=\"wp-image-14054\" srcset=\"https:\/\/aeaf.edu.pt\/wp-content\/uploads\/2024\/06\/5-1.jpg 441w, https:\/\/aeaf.edu.pt\/wp-content\/uploads\/2024\/06\/5-1-300x244.jpg 300w\" sizes=\"(max-width: 441px) 100vw, 441px\" \/><\/a><\/figure><\/li><li class=\"blocks-gallery-item\"><figure><a href=\"http:\/\/aeaf.edu.pt\/wp-content\/uploads\/2024\/06\/6-1.jpg\"><img loading=\"lazy\" width=\"607\" height=\"308\" src=\"http:\/\/aeaf.edu.pt\/wp-content\/uploads\/2024\/06\/6-1.jpg\" alt=\"\" data-id=\"14055\" data-full-url=\"http:\/\/aeaf.edu.pt\/wp-content\/uploads\/2024\/06\/6-1.jpg\" data-link=\"http:\/\/aeaf.edu.pt\/?attachment_id=14055\" class=\"wp-image-14055\" srcset=\"https:\/\/aeaf.edu.pt\/wp-content\/uploads\/2024\/06\/6-1.jpg 607w, https:\/\/aeaf.edu.pt\/wp-content\/uploads\/2024\/06\/6-1-300x152.jpg 300w, https:\/\/aeaf.edu.pt\/wp-content\/uploads\/2024\/06\/6-1-450x228.jpg 450w\" sizes=\"(max-width: 607px) 100vw, 607px\" \/><\/a><\/figure><\/li><li class=\"blocks-gallery-item\"><figure><a href=\"http:\/\/aeaf.edu.pt\/wp-content\/uploads\/2024\/06\/7-1-scaled.jpeg\"><img loading=\"lazy\" width=\"1030\" height=\"687\" src=\"http:\/\/aeaf.edu.pt\/wp-content\/uploads\/2024\/06\/7-1-1030x687.jpeg\" alt=\"\" data-id=\"14056\" data-full-url=\"http:\/\/aeaf.edu.pt\/wp-content\/uploads\/2024\/06\/7-1-scaled.jpeg\" data-link=\"http:\/\/aeaf.edu.pt\/?attachment_id=14056\" class=\"wp-image-14056\" srcset=\"https:\/\/aeaf.edu.pt\/wp-content\/uploads\/2024\/06\/7-1-1030x687.jpeg 1030w, https:\/\/aeaf.edu.pt\/wp-content\/uploads\/2024\/06\/7-1-300x200.jpeg 300w, https:\/\/aeaf.edu.pt\/wp-content\/uploads\/2024\/06\/7-1-768x512.jpeg 768w, https:\/\/aeaf.edu.pt\/wp-content\/uploads\/2024\/06\/7-1-1536x1024.jpeg 1536w, https:\/\/aeaf.edu.pt\/wp-content\/uploads\/2024\/06\/7-1-2048x1365.jpeg 2048w, https:\/\/aeaf.edu.pt\/wp-content\/uploads\/2024\/06\/7-1-1500x1000.jpeg 1500w, https:\/\/aeaf.edu.pt\/wp-content\/uploads\/2024\/06\/7-1-705x470.jpeg 705w, https:\/\/aeaf.edu.pt\/wp-content\/uploads\/2024\/06\/7-1-450x300.jpeg 450w\" sizes=\"(max-width: 1030px) 100vw, 1030px\" \/><\/a><\/figure><\/li><li class=\"blocks-gallery-item\"><figure><a href=\"http:\/\/aeaf.edu.pt\/wp-content\/uploads\/2024\/06\/8-1-scaled.jpg\"><img loading=\"lazy\" width=\"1030\" height=\"687\" src=\"http:\/\/aeaf.edu.pt\/wp-content\/uploads\/2024\/06\/8-1-1030x687.jpg\" alt=\"\" data-id=\"14057\" data-full-url=\"http:\/\/aeaf.edu.pt\/wp-content\/uploads\/2024\/06\/8-1-scaled.jpg\" data-link=\"http:\/\/aeaf.edu.pt\/?attachment_id=14057\" class=\"wp-image-14057\" srcset=\"https:\/\/aeaf.edu.pt\/wp-content\/uploads\/2024\/06\/8-1-1030x687.jpg 1030w, https:\/\/aeaf.edu.pt\/wp-content\/uploads\/2024\/06\/8-1-300x200.jpg 300w, https:\/\/aeaf.edu.pt\/wp-content\/uploads\/2024\/06\/8-1-768x512.jpg 768w, https:\/\/aeaf.edu.pt\/wp-content\/uploads\/2024\/06\/8-1-1536x1024.jpg 1536w, https:\/\/aeaf.edu.pt\/wp-content\/uploads\/2024\/06\/8-1-2048x1365.jpg 2048w, https:\/\/aeaf.edu.pt\/wp-content\/uploads\/2024\/06\/8-1-1500x1000.jpg 1500w, https:\/\/aeaf.edu.pt\/wp-content\/uploads\/2024\/06\/8-1-705x470.jpg 705w, https:\/\/aeaf.edu.pt\/wp-content\/uploads\/2024\/06\/8-1-450x300.jpg 450w\" sizes=\"(max-width: 1030px) 100vw, 1030px\" \/><\/a><\/figure><\/li><\/ul><\/figure>\n\n\n\n<p class=\"has-medium-font-size\"><strong>ES Alcaides de Faria com alunos do secund\u00e1rio<\/strong><\/p>\n\n\n\n<figure class=\"wp-block-gallery columns-4 is-cropped\"><ul class=\"blocks-gallery-grid\"><li class=\"blocks-gallery-item\"><figure><a href=\"http:\/\/aeaf.edu.pt\/wp-content\/uploads\/2024\/06\/a1-1.jpg\"><img loading=\"lazy\" width=\"1030\" height=\"773\" src=\"http:\/\/aeaf.edu.pt\/wp-content\/uploads\/2024\/06\/a1-1-1030x773.jpg\" alt=\"\" data-id=\"14043\" data-full-url=\"http:\/\/aeaf.edu.pt\/wp-content\/uploads\/2024\/06\/a1-1.jpg\" data-link=\"http:\/\/aeaf.edu.pt\/?attachment_id=14043\" class=\"wp-image-14043\" srcset=\"https:\/\/aeaf.edu.pt\/wp-content\/uploads\/2024\/06\/a1-1-1030x773.jpg 1030w, https:\/\/aeaf.edu.pt\/wp-content\/uploads\/2024\/06\/a1-1-300x225.jpg 300w, https:\/\/aeaf.edu.pt\/wp-content\/uploads\/2024\/06\/a1-1-768x576.jpg 768w, https:\/\/aeaf.edu.pt\/wp-content\/uploads\/2024\/06\/a1-1-1536x1152.jpg 1536w, https:\/\/aeaf.edu.pt\/wp-content\/uploads\/2024\/06\/a1-1-1500x1125.jpg 1500w, https:\/\/aeaf.edu.pt\/wp-content\/uploads\/2024\/06\/a1-1-705x529.jpg 705w, https:\/\/aeaf.edu.pt\/wp-content\/uploads\/2024\/06\/a1-1-450x338.jpg 450w, https:\/\/aeaf.edu.pt\/wp-content\/uploads\/2024\/06\/a1-1.jpg 2016w\" sizes=\"(max-width: 1030px) 100vw, 1030px\" \/><\/a><\/figure><\/li><li class=\"blocks-gallery-item\"><figure><a href=\"http:\/\/aeaf.edu.pt\/wp-content\/uploads\/2024\/06\/a2-1-scaled.jpg\"><img loading=\"lazy\" width=\"1030\" height=\"687\" src=\"http:\/\/aeaf.edu.pt\/wp-content\/uploads\/2024\/06\/a2-1-1030x687.jpg\" alt=\"\" data-id=\"14044\" data-full-url=\"http:\/\/aeaf.edu.pt\/wp-content\/uploads\/2024\/06\/a2-1-scaled.jpg\" data-link=\"http:\/\/aeaf.edu.pt\/?attachment_id=14044\" class=\"wp-image-14044\" srcset=\"https:\/\/aeaf.edu.pt\/wp-content\/uploads\/2024\/06\/a2-1-1030x687.jpg 1030w, https:\/\/aeaf.edu.pt\/wp-content\/uploads\/2024\/06\/a2-1-300x200.jpg 300w, https:\/\/aeaf.edu.pt\/wp-content\/uploads\/2024\/06\/a2-1-768x512.jpg 768w, https:\/\/aeaf.edu.pt\/wp-content\/uploads\/2024\/06\/a2-1-1536x1024.jpg 1536w, https:\/\/aeaf.edu.pt\/wp-content\/uploads\/2024\/06\/a2-1-2048x1365.jpg 2048w, https:\/\/aeaf.edu.pt\/wp-content\/uploads\/2024\/06\/a2-1-1500x1000.jpg 1500w, https:\/\/aeaf.edu.pt\/wp-content\/uploads\/2024\/06\/a2-1-705x470.jpg 705w, https:\/\/aeaf.edu.pt\/wp-content\/uploads\/2024\/06\/a2-1-450x300.jpg 450w\" sizes=\"(max-width: 1030px) 100vw, 1030px\" \/><\/a><\/figure><\/li><li class=\"blocks-gallery-item\"><figure><a href=\"http:\/\/aeaf.edu.pt\/wp-content\/uploads\/2024\/06\/a3-1-scaled.jpg\"><img loading=\"lazy\" width=\"687\" height=\"1030\" src=\"http:\/\/aeaf.edu.pt\/wp-content\/uploads\/2024\/06\/a3-1-687x1030.jpg\" alt=\"\" data-id=\"14045\" data-full-url=\"http:\/\/aeaf.edu.pt\/wp-content\/uploads\/2024\/06\/a3-1-scaled.jpg\" data-link=\"http:\/\/aeaf.edu.pt\/?attachment_id=14045\" class=\"wp-image-14045\" srcset=\"https:\/\/aeaf.edu.pt\/wp-content\/uploads\/2024\/06\/a3-1-687x1030.jpg 687w, https:\/\/aeaf.edu.pt\/wp-content\/uploads\/2024\/06\/a3-1-200x300.jpg 200w, https:\/\/aeaf.edu.pt\/wp-content\/uploads\/2024\/06\/a3-1-768x1152.jpg 768w, https:\/\/aeaf.edu.pt\/wp-content\/uploads\/2024\/06\/a3-1-1024x1536.jpg 1024w, https:\/\/aeaf.edu.pt\/wp-content\/uploads\/2024\/06\/a3-1-1365x2048.jpg 1365w, https:\/\/aeaf.edu.pt\/wp-content\/uploads\/2024\/06\/a3-1-1000x1500.jpg 1000w, https:\/\/aeaf.edu.pt\/wp-content\/uploads\/2024\/06\/a3-1-470x705.jpg 470w, https:\/\/aeaf.edu.pt\/wp-content\/uploads\/2024\/06\/a3-1-450x675.jpg 450w, https:\/\/aeaf.edu.pt\/wp-content\/uploads\/2024\/06\/a3-1-scaled.jpg 1707w\" sizes=\"(max-width: 687px) 100vw, 687px\" \/><\/a><\/figure><\/li><li class=\"blocks-gallery-item\"><figure><a href=\"http:\/\/aeaf.edu.pt\/wp-content\/uploads\/2024\/06\/a4-1-scaled.jpg\"><img loading=\"lazy\" width=\"687\" height=\"1030\" src=\"http:\/\/aeaf.edu.pt\/wp-content\/uploads\/2024\/06\/a4-1-687x1030.jpg\" alt=\"\" data-id=\"14046\" data-full-url=\"http:\/\/aeaf.edu.pt\/wp-content\/uploads\/2024\/06\/a4-1-scaled.jpg\" data-link=\"http:\/\/aeaf.edu.pt\/?attachment_id=14046\" class=\"wp-image-14046\" srcset=\"https:\/\/aeaf.edu.pt\/wp-content\/uploads\/2024\/06\/a4-1-687x1030.jpg 687w, https:\/\/aeaf.edu.pt\/wp-content\/uploads\/2024\/06\/a4-1-200x300.jpg 200w, https:\/\/aeaf.edu.pt\/wp-content\/uploads\/2024\/06\/a4-1-768x1152.jpg 768w, https:\/\/aeaf.edu.pt\/wp-content\/uploads\/2024\/06\/a4-1-1024x1536.jpg 1024w, https:\/\/aeaf.edu.pt\/wp-content\/uploads\/2024\/06\/a4-1-1365x2048.jpg 1365w, https:\/\/aeaf.edu.pt\/wp-content\/uploads\/2024\/06\/a4-1-1000x1500.jpg 1000w, https:\/\/aeaf.edu.pt\/wp-content\/uploads\/2024\/06\/a4-1-470x705.jpg 470w, https:\/\/aeaf.edu.pt\/wp-content\/uploads\/2024\/06\/a4-1-450x675.jpg 450w, https:\/\/aeaf.edu.pt\/wp-content\/uploads\/2024\/06\/a4-1-scaled.jpg 1707w\" sizes=\"(max-width: 687px) 100vw, 687px\" \/><\/a><\/figure><\/li><li class=\"blocks-gallery-item\"><figure><a href=\"http:\/\/aeaf.edu.pt\/wp-content\/uploads\/2024\/06\/a5-1-scaled.jpg\"><img loading=\"lazy\" width=\"1030\" height=\"687\" src=\"http:\/\/aeaf.edu.pt\/wp-content\/uploads\/2024\/06\/a5-1-1030x687.jpg\" alt=\"\" data-id=\"14047\" data-full-url=\"http:\/\/aeaf.edu.pt\/wp-content\/uploads\/2024\/06\/a5-1-scaled.jpg\" data-link=\"http:\/\/aeaf.edu.pt\/?attachment_id=14047\" class=\"wp-image-14047\" srcset=\"https:\/\/aeaf.edu.pt\/wp-content\/uploads\/2024\/06\/a5-1-1030x687.jpg 1030w, https:\/\/aeaf.edu.pt\/wp-content\/uploads\/2024\/06\/a5-1-300x200.jpg 300w, https:\/\/aeaf.edu.pt\/wp-content\/uploads\/2024\/06\/a5-1-768x512.jpg 768w, https:\/\/aeaf.edu.pt\/wp-content\/uploads\/2024\/06\/a5-1-1536x1024.jpg 1536w, https:\/\/aeaf.edu.pt\/wp-content\/uploads\/2024\/06\/a5-1-2048x1365.jpg 2048w, https:\/\/aeaf.edu.pt\/wp-content\/uploads\/2024\/06\/a5-1-1500x1000.jpg 1500w, https:\/\/aeaf.edu.pt\/wp-content\/uploads\/2024\/06\/a5-1-705x470.jpg 705w, https:\/\/aeaf.edu.pt\/wp-content\/uploads\/2024\/06\/a5-1-450x300.jpg 450w\" sizes=\"(max-width: 1030px) 100vw, 1030px\" \/><\/a><\/figure><\/li><li class=\"blocks-gallery-item\"><figure><a href=\"http:\/\/aeaf.edu.pt\/wp-content\/uploads\/2024\/06\/a6-1-scaled.jpg\"><img loading=\"lazy\" width=\"1030\" height=\"687\" src=\"http:\/\/aeaf.edu.pt\/wp-content\/uploads\/2024\/06\/a6-1-1030x687.jpg\" alt=\"\" data-id=\"14049\" data-full-url=\"http:\/\/aeaf.edu.pt\/wp-content\/uploads\/2024\/06\/a6-1-scaled.jpg\" data-link=\"http:\/\/aeaf.edu.pt\/?attachment_id=14049\" class=\"wp-image-14049\" srcset=\"https:\/\/aeaf.edu.pt\/wp-content\/uploads\/2024\/06\/a6-1-1030x687.jpg 1030w, https:\/\/aeaf.edu.pt\/wp-content\/uploads\/2024\/06\/a6-1-300x200.jpg 300w, https:\/\/aeaf.edu.pt\/wp-content\/uploads\/2024\/06\/a6-1-768x512.jpg 768w, https:\/\/aeaf.edu.pt\/wp-content\/uploads\/2024\/06\/a6-1-1536x1024.jpg 1536w, https:\/\/aeaf.edu.pt\/wp-content\/uploads\/2024\/06\/a6-1-2048x1365.jpg 2048w, https:\/\/aeaf.edu.pt\/wp-content\/uploads\/2024\/06\/a6-1-1500x1000.jpg 1500w, https:\/\/aeaf.edu.pt\/wp-content\/uploads\/2024\/06\/a6-1-705x470.jpg 705w, https:\/\/aeaf.edu.pt\/wp-content\/uploads\/2024\/06\/a6-1-450x300.jpg 450w\" sizes=\"(max-width: 1030px) 100vw, 1030px\" \/><\/a><\/figure><\/li><li class=\"blocks-gallery-item\"><figure><a href=\"http:\/\/aeaf.edu.pt\/wp-content\/uploads\/2024\/06\/a7-1-scaled.jpg\"><img loading=\"lazy\" width=\"1030\" height=\"687\" src=\"http:\/\/aeaf.edu.pt\/wp-content\/uploads\/2024\/06\/a7-1-1030x687.jpg\" alt=\"\" data-id=\"14051\" data-full-url=\"http:\/\/aeaf.edu.pt\/wp-content\/uploads\/2024\/06\/a7-1-scaled.jpg\" data-link=\"http:\/\/aeaf.edu.pt\/?attachment_id=14051\" class=\"wp-image-14051\" srcset=\"https:\/\/aeaf.edu.pt\/wp-content\/uploads\/2024\/06\/a7-1-1030x687.jpg 1030w, https:\/\/aeaf.edu.pt\/wp-content\/uploads\/2024\/06\/a7-1-300x200.jpg 300w, https:\/\/aeaf.edu.pt\/wp-content\/uploads\/2024\/06\/a7-1-768x512.jpg 768w, https:\/\/aeaf.edu.pt\/wp-content\/uploads\/2024\/06\/a7-1-1536x1024.jpg 1536w, https:\/\/aeaf.edu.pt\/wp-content\/uploads\/2024\/06\/a7-1-2048x1365.jpg 2048w, https:\/\/aeaf.edu.pt\/wp-content\/uploads\/2024\/06\/a7-1-1500x1000.jpg 1500w, https:\/\/aeaf.edu.pt\/wp-content\/uploads\/2024\/06\/a7-1-705x470.jpg 705w, https:\/\/aeaf.edu.pt\/wp-content\/uploads\/2024\/06\/a7-1-450x300.jpg 450w\" sizes=\"(max-width: 1030px) 100vw, 1030px\" \/><\/a><\/figure><\/li><\/ul><\/figure>\n\n\n\n<hr class=\"wp-block-separator\"\/>\n\n\n\n<hr class=\"wp-block-separator\"\/>\n\n\n\n<p style=\"font-size:18px\"><strong>A Arte de Reciclar<\/strong><\/p>\n\n\n\n<p>Projeto Cultural de Escola &#8211; AEAF &#8211; A Arte de Reciclar<\/p>\n\n\n\n<p>Coordenada pela professora S\u00f3nia Pereira da EB de Galegos Sta Maria, a turma JGA-1 da Escola B\u00e1sica de Galegos Santa Maria, construiu um brinquedo ecol\u00f3gico no \u00e2mbito do projeto A Arte de Reciclar. Lan\u00e7ou-se o desafio de uma atividade em fam\u00edlia de modo a sensibilizar para a prote\u00e7\u00e3o do meio ambiente, atrav\u00e9s da reutiliza\u00e7\u00e3o\/reciclagem de materiais.<br>Nesta atividade foram desenvolvidos v\u00e1rios objetivos como a imagina\u00e7\u00e3o, a criatividade, a motricidade, a sustentabilidade do planeta, aprender a economizar e a divers\u00e3o em fam\u00edlia. No Dia Mundial da Crian\u00e7a organizou-se uma exposi\u00e7\u00e3o na Escola com os brinquedos constru\u00eddos.<br>A equipa do Projeto Cultural de Escola agradece \u00e0 professora S\u00f3nia Pereira a criatividade na concretiza\u00e7\u00e3o do projeto e \u00e0s fam\u00edlias toda a colabora\u00e7\u00e3o.<\/p>\n\n\n\n<figure class=\"wp-block-video\"><video controls src=\"http:\/\/aeaf.edu.pt\/wp-content\/uploads\/2024\/06\/VID-20240605-WA0015.mp4\"><\/video><\/figure>\n\n\n\n<hr class=\"wp-block-separator\"\/>\n\n\n\n<hr class=\"wp-block-separator\"\/>\n\n\n\n<p style=\"font-size:18px\"><strong>Teatro &#8211; Vamos Viver Abril <\/strong>&#8211; 12\u00baB ESAF 2024<\/p>\n\n\n\n<p>Projeto Cultural de Escola &#8211; AEAF &#8211; Teatro &#8211; Vamos Viver Abril.<\/p>\n\n\n\n<p>Coordenada pela professora Ana Paula Miranda, a turma do 12\u00baB sonhou fazer uma pe\u00e7a original. Encenou, encarnou as personagens e sentiu Abril pelo lado de dentro. Pretendia-se mostrar que Abril \u00e9 um perp\u00e9tuo movimento, que, mais do que recordado, merece ser vivido\u2026 Surgiram as dificuldades, o cora\u00e7\u00e3o vacilou algumas vezes, mas o exemplo dos capit\u00e3es e o sonho que abra\u00e7aram foram comandando a vida e segredando: \u201cVamos fazer Abril! Vamos viver Abril!&#8221;<\/p>\n\n\n\n<p>Este \u00e9 um espet\u00e1culo de fortes emo\u00e7\u00f5es para quem quiser mesmo viver Abril pelo lado de dentro. Os alunos do 12\u00ba B ousaram faz\u00ea-lo, para eles e para todos!<br>A equipa do Projeto Cultural de Escola agradece \u00e0 professora Ana Paula Miranda e aos alunos do 12\u00baB a sua entrega na atividade e a ousadia em concretiz\u00e1-la. Agradece tamb\u00e9m ao Diretor do agrupamento a disponibilidade e apoio na realiza\u00e7\u00e3o da mesma e \u00e0 coordena\u00e7\u00e3o das comemora\u00e7\u00f5es do 25 de Abril.<\/p>\n\n\n\n<figure class=\"wp-block-gallery columns-3 is-cropped\"><ul class=\"blocks-gallery-grid\"><li class=\"blocks-gallery-item\"><figure><a href=\"http:\/\/aeaf.edu.pt\/wp-content\/uploads\/2024\/06\/1.png\"><img loading=\"lazy\" width=\"990\" height=\"492\" src=\"http:\/\/aeaf.edu.pt\/wp-content\/uploads\/2024\/06\/1.png\" alt=\"\" data-id=\"14141\" data-full-url=\"http:\/\/aeaf.edu.pt\/wp-content\/uploads\/2024\/06\/1.png\" data-link=\"http:\/\/aeaf.edu.pt\/?attachment_id=14141\" class=\"wp-image-14141\" srcset=\"https:\/\/aeaf.edu.pt\/wp-content\/uploads\/2024\/06\/1.png 990w, https:\/\/aeaf.edu.pt\/wp-content\/uploads\/2024\/06\/1-300x149.png 300w, https:\/\/aeaf.edu.pt\/wp-content\/uploads\/2024\/06\/1-768x382.png 768w, https:\/\/aeaf.edu.pt\/wp-content\/uploads\/2024\/06\/1-705x350.png 705w, https:\/\/aeaf.edu.pt\/wp-content\/uploads\/2024\/06\/1-450x224.png 450w\" sizes=\"(max-width: 990px) 100vw, 990px\" \/><\/a><\/figure><\/li><li class=\"blocks-gallery-item\"><figure><a href=\"http:\/\/aeaf.edu.pt\/wp-content\/uploads\/2024\/06\/2.png\"><img loading=\"lazy\" width=\"997\" height=\"482\" src=\"http:\/\/aeaf.edu.pt\/wp-content\/uploads\/2024\/06\/2.png\" alt=\"\" data-id=\"14142\" data-full-url=\"http:\/\/aeaf.edu.pt\/wp-content\/uploads\/2024\/06\/2.png\" data-link=\"http:\/\/aeaf.edu.pt\/?attachment_id=14142\" class=\"wp-image-14142\" srcset=\"https:\/\/aeaf.edu.pt\/wp-content\/uploads\/2024\/06\/2.png 997w, https:\/\/aeaf.edu.pt\/wp-content\/uploads\/2024\/06\/2-300x145.png 300w, https:\/\/aeaf.edu.pt\/wp-content\/uploads\/2024\/06\/2-768x371.png 768w, https:\/\/aeaf.edu.pt\/wp-content\/uploads\/2024\/06\/2-705x341.png 705w, https:\/\/aeaf.edu.pt\/wp-content\/uploads\/2024\/06\/2-450x218.png 450w\" sizes=\"(max-width: 997px) 100vw, 997px\" \/><\/a><\/figure><\/li><li class=\"blocks-gallery-item\"><figure><a href=\"http:\/\/aeaf.edu.pt\/wp-content\/uploads\/2024\/06\/3.png\"><img loading=\"lazy\" width=\"1002\" height=\"522\" src=\"http:\/\/aeaf.edu.pt\/wp-content\/uploads\/2024\/06\/3.png\" alt=\"\" data-id=\"14143\" data-full-url=\"http:\/\/aeaf.edu.pt\/wp-content\/uploads\/2024\/06\/3.png\" data-link=\"http:\/\/aeaf.edu.pt\/?attachment_id=14143\" class=\"wp-image-14143\" srcset=\"https:\/\/aeaf.edu.pt\/wp-content\/uploads\/2024\/06\/3.png 1002w, https:\/\/aeaf.edu.pt\/wp-content\/uploads\/2024\/06\/3-300x156.png 300w, https:\/\/aeaf.edu.pt\/wp-content\/uploads\/2024\/06\/3-768x400.png 768w, https:\/\/aeaf.edu.pt\/wp-content\/uploads\/2024\/06\/3-705x367.png 705w, https:\/\/aeaf.edu.pt\/wp-content\/uploads\/2024\/06\/3-450x234.png 450w\" sizes=\"(max-width: 1002px) 100vw, 1002px\" \/><\/a><\/figure><\/li><li class=\"blocks-gallery-item\"><figure><a href=\"http:\/\/aeaf.edu.pt\/wp-content\/uploads\/2024\/06\/4.png\"><img loading=\"lazy\" width=\"992\" height=\"516\" src=\"http:\/\/aeaf.edu.pt\/wp-content\/uploads\/2024\/06\/4.png\" alt=\"\" data-id=\"14144\" data-full-url=\"http:\/\/aeaf.edu.pt\/wp-content\/uploads\/2024\/06\/4.png\" data-link=\"http:\/\/aeaf.edu.pt\/?attachment_id=14144\" class=\"wp-image-14144\" srcset=\"https:\/\/aeaf.edu.pt\/wp-content\/uploads\/2024\/06\/4.png 992w, https:\/\/aeaf.edu.pt\/wp-content\/uploads\/2024\/06\/4-300x156.png 300w, https:\/\/aeaf.edu.pt\/wp-content\/uploads\/2024\/06\/4-768x399.png 768w, https:\/\/aeaf.edu.pt\/wp-content\/uploads\/2024\/06\/4-705x367.png 705w, https:\/\/aeaf.edu.pt\/wp-content\/uploads\/2024\/06\/4-450x234.png 450w\" sizes=\"(max-width: 992px) 100vw, 992px\" \/><\/a><\/figure><\/li><li class=\"blocks-gallery-item\"><figure><a href=\"http:\/\/aeaf.edu.pt\/wp-content\/uploads\/2024\/06\/5.png\"><img loading=\"lazy\" width=\"1030\" height=\"431\" src=\"http:\/\/aeaf.edu.pt\/wp-content\/uploads\/2024\/06\/5-1030x431.png\" alt=\"\" data-id=\"14145\" data-full-url=\"http:\/\/aeaf.edu.pt\/wp-content\/uploads\/2024\/06\/5.png\" data-link=\"http:\/\/aeaf.edu.pt\/?attachment_id=14145\" class=\"wp-image-14145\" srcset=\"https:\/\/aeaf.edu.pt\/wp-content\/uploads\/2024\/06\/5-1030x431.png 1030w, https:\/\/aeaf.edu.pt\/wp-content\/uploads\/2024\/06\/5-300x126.png 300w, https:\/\/aeaf.edu.pt\/wp-content\/uploads\/2024\/06\/5-768x321.png 768w, https:\/\/aeaf.edu.pt\/wp-content\/uploads\/2024\/06\/5-705x295.png 705w, https:\/\/aeaf.edu.pt\/wp-content\/uploads\/2024\/06\/5-450x188.png 450w, https:\/\/aeaf.edu.pt\/wp-content\/uploads\/2024\/06\/5.png 1290w\" sizes=\"(max-width: 1030px) 100vw, 1030px\" \/><\/a><\/figure><\/li><li class=\"blocks-gallery-item\"><figure><a href=\"http:\/\/aeaf.edu.pt\/wp-content\/uploads\/2024\/06\/6.png\"><img loading=\"lazy\" width=\"1030\" height=\"443\" src=\"http:\/\/aeaf.edu.pt\/wp-content\/uploads\/2024\/06\/6-1030x443.png\" alt=\"\" data-id=\"14146\" data-full-url=\"http:\/\/aeaf.edu.pt\/wp-content\/uploads\/2024\/06\/6.png\" data-link=\"http:\/\/aeaf.edu.pt\/?attachment_id=14146\" class=\"wp-image-14146\" srcset=\"https:\/\/aeaf.edu.pt\/wp-content\/uploads\/2024\/06\/6-1030x443.png 1030w, https:\/\/aeaf.edu.pt\/wp-content\/uploads\/2024\/06\/6-300x129.png 300w, https:\/\/aeaf.edu.pt\/wp-content\/uploads\/2024\/06\/6-768x330.png 768w, https:\/\/aeaf.edu.pt\/wp-content\/uploads\/2024\/06\/6-705x303.png 705w, https:\/\/aeaf.edu.pt\/wp-content\/uploads\/2024\/06\/6-450x194.png 450w, https:\/\/aeaf.edu.pt\/wp-content\/uploads\/2024\/06\/6.png 1200w\" sizes=\"(max-width: 1030px) 100vw, 1030px\" \/><\/a><\/figure><\/li><\/ul><\/figure>\n\n\n\n<hr class=\"wp-block-separator\"\/>\n\n\n\n<hr class=\"wp-block-separator\"\/>\n\n\n\n<p style=\"font-size:18px\"><strong>Exposi\u00e7\u00e3o de fotografias Besaf Foto<\/strong><\/p>\n\n\n\n<p>Projeto Cultural de Escola &#8211; AEAF &#8211; Exposi\u00e7\u00e3o de fotografias Besaf Foto.<\/p>\n\n\n\n<p>Numa organiza\u00e7\u00e3o da Biblioteca Escolar da Escola Secund\u00e1ria Alcaides de Faria, \u00e9 lan\u00e7ado todos os anos o concurso de fotografia. Este ano sob o signo da Liberdade, j\u00e1 pode ser visitada e apreciada a exposi\u00e7\u00e3o (at\u00e9 28 de junho) no \u00e1trio da Biblioteca Municipal de Barcelos.<br>Por l\u00e1 pode-se observar vinte jovens olhares sobre a Liberdade, modos de ver e percecionar um valor (re)conquistado com a Revolu\u00e7\u00e3o de Abril.<br>O coordenador da biblioteca escolar da ESAF e a equipa do Projeto Cultural de Escola agradecem \u00e0 coordenadora da biblioteca municipal de Barcelos e ao Munic\u00edpio de Barcelos toda a colabora\u00e7\u00e3o na concretiza\u00e7\u00e3o das atividade.<\/p>\n\n\n\n<figure class=\"wp-block-gallery columns-4 is-cropped\"><ul class=\"blocks-gallery-grid\"><li class=\"blocks-gallery-item\"><figure><a href=\"http:\/\/aeaf.edu.pt\/wp-content\/uploads\/2024\/06\/445580206_25606295255680761_2782604817032772957_n.jpg\"><img loading=\"lazy\" width=\"1030\" height=\"1030\" src=\"http:\/\/aeaf.edu.pt\/wp-content\/uploads\/2024\/06\/445580206_25606295255680761_2782604817032772957_n-1030x1030.jpg\" alt=\"\" data-id=\"14134\" data-full-url=\"http:\/\/aeaf.edu.pt\/wp-content\/uploads\/2024\/06\/445580206_25606295255680761_2782604817032772957_n.jpg\" data-link=\"http:\/\/aeaf.edu.pt\/?attachment_id=14134\" class=\"wp-image-14134\" srcset=\"https:\/\/aeaf.edu.pt\/wp-content\/uploads\/2024\/06\/445580206_25606295255680761_2782604817032772957_n-1030x1030.jpg 1030w, https:\/\/aeaf.edu.pt\/wp-content\/uploads\/2024\/06\/445580206_25606295255680761_2782604817032772957_n-300x300.jpg 300w, https:\/\/aeaf.edu.pt\/wp-content\/uploads\/2024\/06\/445580206_25606295255680761_2782604817032772957_n-80x80.jpg 80w, https:\/\/aeaf.edu.pt\/wp-content\/uploads\/2024\/06\/445580206_25606295255680761_2782604817032772957_n-768x768.jpg 768w, https:\/\/aeaf.edu.pt\/wp-content\/uploads\/2024\/06\/445580206_25606295255680761_2782604817032772957_n-36x36.jpg 36w, https:\/\/aeaf.edu.pt\/wp-content\/uploads\/2024\/06\/445580206_25606295255680761_2782604817032772957_n-180x180.jpg 180w, https:\/\/aeaf.edu.pt\/wp-content\/uploads\/2024\/06\/445580206_25606295255680761_2782604817032772957_n-705x705.jpg 705w, https:\/\/aeaf.edu.pt\/wp-content\/uploads\/2024\/06\/445580206_25606295255680761_2782604817032772957_n-120x120.jpg 120w, https:\/\/aeaf.edu.pt\/wp-content\/uploads\/2024\/06\/445580206_25606295255680761_2782604817032772957_n-450x450.jpg 450w, https:\/\/aeaf.edu.pt\/wp-content\/uploads\/2024\/06\/445580206_25606295255680761_2782604817032772957_n.jpg 1080w\" sizes=\"(max-width: 1030px) 100vw, 1030px\" \/><\/a><\/figure><\/li><li class=\"blocks-gallery-item\"><figure><a href=\"http:\/\/aeaf.edu.pt\/wp-content\/uploads\/2024\/06\/446779236_25606295245680762_716301634312860853_n.jpg\"><img loading=\"lazy\" width=\"1030\" height=\"1030\" src=\"http:\/\/aeaf.edu.pt\/wp-content\/uploads\/2024\/06\/446779236_25606295245680762_716301634312860853_n-1030x1030.jpg\" alt=\"\" data-id=\"14135\" data-full-url=\"http:\/\/aeaf.edu.pt\/wp-content\/uploads\/2024\/06\/446779236_25606295245680762_716301634312860853_n.jpg\" data-link=\"http:\/\/aeaf.edu.pt\/?attachment_id=14135\" class=\"wp-image-14135\" srcset=\"https:\/\/aeaf.edu.pt\/wp-content\/uploads\/2024\/06\/446779236_25606295245680762_716301634312860853_n-1030x1030.jpg 1030w, https:\/\/aeaf.edu.pt\/wp-content\/uploads\/2024\/06\/446779236_25606295245680762_716301634312860853_n-300x300.jpg 300w, https:\/\/aeaf.edu.pt\/wp-content\/uploads\/2024\/06\/446779236_25606295245680762_716301634312860853_n-80x80.jpg 80w, https:\/\/aeaf.edu.pt\/wp-content\/uploads\/2024\/06\/446779236_25606295245680762_716301634312860853_n-768x768.jpg 768w, https:\/\/aeaf.edu.pt\/wp-content\/uploads\/2024\/06\/446779236_25606295245680762_716301634312860853_n-36x36.jpg 36w, https:\/\/aeaf.edu.pt\/wp-content\/uploads\/2024\/06\/446779236_25606295245680762_716301634312860853_n-180x180.jpg 180w, https:\/\/aeaf.edu.pt\/wp-content\/uploads\/2024\/06\/446779236_25606295245680762_716301634312860853_n-705x705.jpg 705w, https:\/\/aeaf.edu.pt\/wp-content\/uploads\/2024\/06\/446779236_25606295245680762_716301634312860853_n-120x120.jpg 120w, https:\/\/aeaf.edu.pt\/wp-content\/uploads\/2024\/06\/446779236_25606295245680762_716301634312860853_n-450x450.jpg 450w, https:\/\/aeaf.edu.pt\/wp-content\/uploads\/2024\/06\/446779236_25606295245680762_716301634312860853_n.jpg 1080w\" sizes=\"(max-width: 1030px) 100vw, 1030px\" \/><\/a><\/figure><\/li><li class=\"blocks-gallery-item\"><figure><a href=\"http:\/\/aeaf.edu.pt\/wp-content\/uploads\/2024\/06\/446863590_25606295269014093_468040806657778539_n.jpg\"><img loading=\"lazy\" width=\"1030\" height=\"1030\" src=\"http:\/\/aeaf.edu.pt\/wp-content\/uploads\/2024\/06\/446863590_25606295269014093_468040806657778539_n-1030x1030.jpg\" alt=\"\" data-id=\"14136\" data-full-url=\"http:\/\/aeaf.edu.pt\/wp-content\/uploads\/2024\/06\/446863590_25606295269014093_468040806657778539_n.jpg\" data-link=\"http:\/\/aeaf.edu.pt\/?attachment_id=14136\" class=\"wp-image-14136\" srcset=\"https:\/\/aeaf.edu.pt\/wp-content\/uploads\/2024\/06\/446863590_25606295269014093_468040806657778539_n-1030x1030.jpg 1030w, https:\/\/aeaf.edu.pt\/wp-content\/uploads\/2024\/06\/446863590_25606295269014093_468040806657778539_n-300x300.jpg 300w, https:\/\/aeaf.edu.pt\/wp-content\/uploads\/2024\/06\/446863590_25606295269014093_468040806657778539_n-80x80.jpg 80w, https:\/\/aeaf.edu.pt\/wp-content\/uploads\/2024\/06\/446863590_25606295269014093_468040806657778539_n-768x768.jpg 768w, https:\/\/aeaf.edu.pt\/wp-content\/uploads\/2024\/06\/446863590_25606295269014093_468040806657778539_n-36x36.jpg 36w, https:\/\/aeaf.edu.pt\/wp-content\/uploads\/2024\/06\/446863590_25606295269014093_468040806657778539_n-180x180.jpg 180w, https:\/\/aeaf.edu.pt\/wp-content\/uploads\/2024\/06\/446863590_25606295269014093_468040806657778539_n-705x705.jpg 705w, https:\/\/aeaf.edu.pt\/wp-content\/uploads\/2024\/06\/446863590_25606295269014093_468040806657778539_n-120x120.jpg 120w, https:\/\/aeaf.edu.pt\/wp-content\/uploads\/2024\/06\/446863590_25606295269014093_468040806657778539_n-450x450.jpg 450w, https:\/\/aeaf.edu.pt\/wp-content\/uploads\/2024\/06\/446863590_25606295269014093_468040806657778539_n.jpg 1080w\" sizes=\"(max-width: 1030px) 100vw, 1030px\" \/><\/a><\/figure><\/li><li class=\"blocks-gallery-item\"><figure><a href=\"http:\/\/aeaf.edu.pt\/wp-content\/uploads\/2024\/06\/446873620_25606295252347428_5924277643406640744_n.jpg\"><img loading=\"lazy\" width=\"1030\" height=\"1030\" src=\"http:\/\/aeaf.edu.pt\/wp-content\/uploads\/2024\/06\/446873620_25606295252347428_5924277643406640744_n-1030x1030.jpg\" alt=\"\" data-id=\"14137\" data-full-url=\"http:\/\/aeaf.edu.pt\/wp-content\/uploads\/2024\/06\/446873620_25606295252347428_5924277643406640744_n.jpg\" data-link=\"http:\/\/aeaf.edu.pt\/?attachment_id=14137\" class=\"wp-image-14137\" srcset=\"https:\/\/aeaf.edu.pt\/wp-content\/uploads\/2024\/06\/446873620_25606295252347428_5924277643406640744_n-1030x1030.jpg 1030w, https:\/\/aeaf.edu.pt\/wp-content\/uploads\/2024\/06\/446873620_25606295252347428_5924277643406640744_n-300x300.jpg 300w, https:\/\/aeaf.edu.pt\/wp-content\/uploads\/2024\/06\/446873620_25606295252347428_5924277643406640744_n-80x80.jpg 80w, https:\/\/aeaf.edu.pt\/wp-content\/uploads\/2024\/06\/446873620_25606295252347428_5924277643406640744_n-768x768.jpg 768w, https:\/\/aeaf.edu.pt\/wp-content\/uploads\/2024\/06\/446873620_25606295252347428_5924277643406640744_n-36x36.jpg 36w, https:\/\/aeaf.edu.pt\/wp-content\/uploads\/2024\/06\/446873620_25606295252347428_5924277643406640744_n-180x180.jpg 180w, https:\/\/aeaf.edu.pt\/wp-content\/uploads\/2024\/06\/446873620_25606295252347428_5924277643406640744_n-705x705.jpg 705w, https:\/\/aeaf.edu.pt\/wp-content\/uploads\/2024\/06\/446873620_25606295252347428_5924277643406640744_n-120x120.jpg 120w, https:\/\/aeaf.edu.pt\/wp-content\/uploads\/2024\/06\/446873620_25606295252347428_5924277643406640744_n-450x450.jpg 450w, https:\/\/aeaf.edu.pt\/wp-content\/uploads\/2024\/06\/446873620_25606295252347428_5924277643406640744_n.jpg 1080w\" sizes=\"(max-width: 1030px) 100vw, 1030px\" \/><\/a><\/figure><\/li><li class=\"blocks-gallery-item\"><figure><a href=\"http:\/\/aeaf.edu.pt\/wp-content\/uploads\/2024\/06\/446880492_25606295259014094_6104721082767104948_n.jpg\"><img loading=\"lazy\" width=\"1030\" height=\"1030\" src=\"http:\/\/aeaf.edu.pt\/wp-content\/uploads\/2024\/06\/446880492_25606295259014094_6104721082767104948_n-1030x1030.jpg\" alt=\"\" data-id=\"14138\" data-full-url=\"http:\/\/aeaf.edu.pt\/wp-content\/uploads\/2024\/06\/446880492_25606295259014094_6104721082767104948_n.jpg\" data-link=\"http:\/\/aeaf.edu.pt\/?attachment_id=14138\" class=\"wp-image-14138\" srcset=\"https:\/\/aeaf.edu.pt\/wp-content\/uploads\/2024\/06\/446880492_25606295259014094_6104721082767104948_n-1030x1030.jpg 1030w, https:\/\/aeaf.edu.pt\/wp-content\/uploads\/2024\/06\/446880492_25606295259014094_6104721082767104948_n-300x300.jpg 300w, https:\/\/aeaf.edu.pt\/wp-content\/uploads\/2024\/06\/446880492_25606295259014094_6104721082767104948_n-80x80.jpg 80w, https:\/\/aeaf.edu.pt\/wp-content\/uploads\/2024\/06\/446880492_25606295259014094_6104721082767104948_n-768x768.jpg 768w, https:\/\/aeaf.edu.pt\/wp-content\/uploads\/2024\/06\/446880492_25606295259014094_6104721082767104948_n-36x36.jpg 36w, https:\/\/aeaf.edu.pt\/wp-content\/uploads\/2024\/06\/446880492_25606295259014094_6104721082767104948_n-180x180.jpg 180w, https:\/\/aeaf.edu.pt\/wp-content\/uploads\/2024\/06\/446880492_25606295259014094_6104721082767104948_n-705x705.jpg 705w, https:\/\/aeaf.edu.pt\/wp-content\/uploads\/2024\/06\/446880492_25606295259014094_6104721082767104948_n-120x120.jpg 120w, https:\/\/aeaf.edu.pt\/wp-content\/uploads\/2024\/06\/446880492_25606295259014094_6104721082767104948_n-450x450.jpg 450w, https:\/\/aeaf.edu.pt\/wp-content\/uploads\/2024\/06\/446880492_25606295259014094_6104721082767104948_n.jpg 1080w\" sizes=\"(max-width: 1030px) 100vw, 1030px\" \/><\/a><\/figure><\/li><li class=\"blocks-gallery-item\"><figure><a href=\"http:\/\/aeaf.edu.pt\/wp-content\/uploads\/2024\/06\/446951753_25606295249014095_7339647309591406995_n.jpg\"><img loading=\"lazy\" width=\"1030\" height=\"1030\" src=\"http:\/\/aeaf.edu.pt\/wp-content\/uploads\/2024\/06\/446951753_25606295249014095_7339647309591406995_n-1030x1030.jpg\" alt=\"\" data-id=\"14139\" data-full-url=\"http:\/\/aeaf.edu.pt\/wp-content\/uploads\/2024\/06\/446951753_25606295249014095_7339647309591406995_n.jpg\" data-link=\"http:\/\/aeaf.edu.pt\/?attachment_id=14139\" class=\"wp-image-14139\" srcset=\"https:\/\/aeaf.edu.pt\/wp-content\/uploads\/2024\/06\/446951753_25606295249014095_7339647309591406995_n-1030x1030.jpg 1030w, https:\/\/aeaf.edu.pt\/wp-content\/uploads\/2024\/06\/446951753_25606295249014095_7339647309591406995_n-300x300.jpg 300w, https:\/\/aeaf.edu.pt\/wp-content\/uploads\/2024\/06\/446951753_25606295249014095_7339647309591406995_n-80x80.jpg 80w, https:\/\/aeaf.edu.pt\/wp-content\/uploads\/2024\/06\/446951753_25606295249014095_7339647309591406995_n-768x768.jpg 768w, https:\/\/aeaf.edu.pt\/wp-content\/uploads\/2024\/06\/446951753_25606295249014095_7339647309591406995_n-36x36.jpg 36w, https:\/\/aeaf.edu.pt\/wp-content\/uploads\/2024\/06\/446951753_25606295249014095_7339647309591406995_n-180x180.jpg 180w, https:\/\/aeaf.edu.pt\/wp-content\/uploads\/2024\/06\/446951753_25606295249014095_7339647309591406995_n-705x705.jpg 705w, https:\/\/aeaf.edu.pt\/wp-content\/uploads\/2024\/06\/446951753_25606295249014095_7339647309591406995_n-120x120.jpg 120w, https:\/\/aeaf.edu.pt\/wp-content\/uploads\/2024\/06\/446951753_25606295249014095_7339647309591406995_n-450x450.jpg 450w, https:\/\/aeaf.edu.pt\/wp-content\/uploads\/2024\/06\/446951753_25606295249014095_7339647309591406995_n.jpg 1080w\" sizes=\"(max-width: 1030px) 100vw, 1030px\" \/><\/a><\/figure><\/li><li class=\"blocks-gallery-item\"><figure><a href=\"http:\/\/aeaf.edu.pt\/wp-content\/uploads\/2024\/06\/446969148_25606295265680760_167679313595863734_n.jpg\"><img loading=\"lazy\" width=\"1030\" height=\"1030\" src=\"http:\/\/aeaf.edu.pt\/wp-content\/uploads\/2024\/06\/446969148_25606295265680760_167679313595863734_n-1030x1030.jpg\" alt=\"\" data-id=\"14140\" data-full-url=\"http:\/\/aeaf.edu.pt\/wp-content\/uploads\/2024\/06\/446969148_25606295265680760_167679313595863734_n.jpg\" data-link=\"http:\/\/aeaf.edu.pt\/?attachment_id=14140\" class=\"wp-image-14140\" srcset=\"https:\/\/aeaf.edu.pt\/wp-content\/uploads\/2024\/06\/446969148_25606295265680760_167679313595863734_n-1030x1030.jpg 1030w, https:\/\/aeaf.edu.pt\/wp-content\/uploads\/2024\/06\/446969148_25606295265680760_167679313595863734_n-300x300.jpg 300w, https:\/\/aeaf.edu.pt\/wp-content\/uploads\/2024\/06\/446969148_25606295265680760_167679313595863734_n-80x80.jpg 80w, https:\/\/aeaf.edu.pt\/wp-content\/uploads\/2024\/06\/446969148_25606295265680760_167679313595863734_n-768x768.jpg 768w, https:\/\/aeaf.edu.pt\/wp-content\/uploads\/2024\/06\/446969148_25606295265680760_167679313595863734_n-36x36.jpg 36w, https:\/\/aeaf.edu.pt\/wp-content\/uploads\/2024\/06\/446969148_25606295265680760_167679313595863734_n-180x180.jpg 180w, https:\/\/aeaf.edu.pt\/wp-content\/uploads\/2024\/06\/446969148_25606295265680760_167679313595863734_n-705x705.jpg 705w, https:\/\/aeaf.edu.pt\/wp-content\/uploads\/2024\/06\/446969148_25606295265680760_167679313595863734_n-120x120.jpg 120w, https:\/\/aeaf.edu.pt\/wp-content\/uploads\/2024\/06\/446969148_25606295265680760_167679313595863734_n-450x450.jpg 450w, https:\/\/aeaf.edu.pt\/wp-content\/uploads\/2024\/06\/446969148_25606295265680760_167679313595863734_n.jpg 1080w\" sizes=\"(max-width: 1030px) 100vw, 1030px\" \/><\/a><\/figure><\/li><\/ul><\/figure>\n\n\n\n<hr class=\"wp-block-separator\"\/>\n\n\n\n<hr class=\"wp-block-separator\"\/>\n\n\n\n<p style=\"font-size:18px\"><strong>CEIS20 FORA DE PORTAS<\/strong><\/p>\n\n\n\n<p>Projeto Cultural de Escola &#8211; AEAF &#8211; CEIS20 FORA DE PORTAS \u2013 CENTRO DE ESTUDOS INTERDISCIPLINARES DA UNIVERSIDADE DE COIMBRA<br>Numa organiza\u00e7\u00e3o do Clube de Projetos Europeus, em parceria com o PCE do AEAF, um grupo de alunos realizou um projeto com a escola IESELCANO de Sanlucar, em Espanha.<br>As atividades foram realizadas durante uma semana do m\u00eas de mar\u00e7o e contaram com a colabora\u00e7\u00e3o das professoras Ana Paula Borges e Daniela Costa. Foram abordadas as \u00e1reas do ambiente, sendo o tema Our Planet, Our Life, um projeto que tamb\u00e9m se expressava pelo conhecimento do patrim\u00f3nio e heran\u00e7a cultural. Como atividade PCE evidenciamos a visita a Sevilha que sintetiza parte dos objetivos do projeto. Os alunos estiveram sempre muito motivados e atentos \u00e0 heran\u00e7a cultural portuguesa e do nosso pa\u00eds vizinho.<br>A equipa do Projeto Cultural de Escola agradece \u00e0 coordenadora dos projetos europeus do agrupamento a colabora\u00e7\u00e3o na concretiza\u00e7\u00e3o das atividades.<\/p>\n\n\n\n<figure class=\"wp-block-gallery columns-4 is-cropped\"><ul class=\"blocks-gallery-grid\"><li class=\"blocks-gallery-item\"><figure><a href=\"http:\/\/aeaf.edu.pt\/wp-content\/uploads\/2024\/06\/1-5.jpg\"><img loading=\"lazy\" width=\"1030\" height=\"773\" src=\"http:\/\/aeaf.edu.pt\/wp-content\/uploads\/2024\/06\/1-5-1030x773.jpg\" alt=\"\" data-id=\"14127\" data-full-url=\"http:\/\/aeaf.edu.pt\/wp-content\/uploads\/2024\/06\/1-5.jpg\" data-link=\"http:\/\/aeaf.edu.pt\/?attachment_id=14127\" class=\"wp-image-14127\" srcset=\"https:\/\/aeaf.edu.pt\/wp-content\/uploads\/2024\/06\/1-5-1030x773.jpg 1030w, https:\/\/aeaf.edu.pt\/wp-content\/uploads\/2024\/06\/1-5-300x225.jpg 300w, https:\/\/aeaf.edu.pt\/wp-content\/uploads\/2024\/06\/1-5-768x576.jpg 768w, https:\/\/aeaf.edu.pt\/wp-content\/uploads\/2024\/06\/1-5-1536x1152.jpg 1536w, https:\/\/aeaf.edu.pt\/wp-content\/uploads\/2024\/06\/1-5-1500x1125.jpg 1500w, https:\/\/aeaf.edu.pt\/wp-content\/uploads\/2024\/06\/1-5-705x529.jpg 705w, https:\/\/aeaf.edu.pt\/wp-content\/uploads\/2024\/06\/1-5-450x338.jpg 450w, https:\/\/aeaf.edu.pt\/wp-content\/uploads\/2024\/06\/1-5.jpg 1600w\" sizes=\"(max-width: 1030px) 100vw, 1030px\" \/><\/a><\/figure><\/li><li class=\"blocks-gallery-item\"><figure><a href=\"http:\/\/aeaf.edu.pt\/wp-content\/uploads\/2024\/06\/2-5.jpg\"><img loading=\"lazy\" width=\"1030\" height=\"773\" src=\"http:\/\/aeaf.edu.pt\/wp-content\/uploads\/2024\/06\/2-5-1030x773.jpg\" alt=\"\" data-id=\"14128\" data-full-url=\"http:\/\/aeaf.edu.pt\/wp-content\/uploads\/2024\/06\/2-5.jpg\" data-link=\"http:\/\/aeaf.edu.pt\/?attachment_id=14128\" class=\"wp-image-14128\" srcset=\"https:\/\/aeaf.edu.pt\/wp-content\/uploads\/2024\/06\/2-5-1030x773.jpg 1030w, https:\/\/aeaf.edu.pt\/wp-content\/uploads\/2024\/06\/2-5-300x225.jpg 300w, https:\/\/aeaf.edu.pt\/wp-content\/uploads\/2024\/06\/2-5-768x576.jpg 768w, https:\/\/aeaf.edu.pt\/wp-content\/uploads\/2024\/06\/2-5-1536x1152.jpg 1536w, https:\/\/aeaf.edu.pt\/wp-content\/uploads\/2024\/06\/2-5-1500x1125.jpg 1500w, https:\/\/aeaf.edu.pt\/wp-content\/uploads\/2024\/06\/2-5-705x529.jpg 705w, https:\/\/aeaf.edu.pt\/wp-content\/uploads\/2024\/06\/2-5-450x338.jpg 450w, https:\/\/aeaf.edu.pt\/wp-content\/uploads\/2024\/06\/2-5.jpg 1600w\" sizes=\"(max-width: 1030px) 100vw, 1030px\" \/><\/a><\/figure><\/li><li class=\"blocks-gallery-item\"><figure><a href=\"http:\/\/aeaf.edu.pt\/wp-content\/uploads\/2024\/06\/3-3.jpg\"><img loading=\"lazy\" width=\"1030\" height=\"773\" src=\"http:\/\/aeaf.edu.pt\/wp-content\/uploads\/2024\/06\/3-3-1030x773.jpg\" alt=\"\" data-id=\"14129\" data-full-url=\"http:\/\/aeaf.edu.pt\/wp-content\/uploads\/2024\/06\/3-3.jpg\" data-link=\"http:\/\/aeaf.edu.pt\/?attachment_id=14129\" class=\"wp-image-14129\" srcset=\"https:\/\/aeaf.edu.pt\/wp-content\/uploads\/2024\/06\/3-3-1030x773.jpg 1030w, https:\/\/aeaf.edu.pt\/wp-content\/uploads\/2024\/06\/3-3-300x225.jpg 300w, https:\/\/aeaf.edu.pt\/wp-content\/uploads\/2024\/06\/3-3-768x576.jpg 768w, https:\/\/aeaf.edu.pt\/wp-content\/uploads\/2024\/06\/3-3-1536x1152.jpg 1536w, https:\/\/aeaf.edu.pt\/wp-content\/uploads\/2024\/06\/3-3-1500x1125.jpg 1500w, https:\/\/aeaf.edu.pt\/wp-content\/uploads\/2024\/06\/3-3-705x529.jpg 705w, https:\/\/aeaf.edu.pt\/wp-content\/uploads\/2024\/06\/3-3-450x338.jpg 450w, https:\/\/aeaf.edu.pt\/wp-content\/uploads\/2024\/06\/3-3.jpg 1600w\" sizes=\"(max-width: 1030px) 100vw, 1030px\" \/><\/a><\/figure><\/li><li class=\"blocks-gallery-item\"><figure><a href=\"http:\/\/aeaf.edu.pt\/wp-content\/uploads\/2024\/06\/4-5.jpg\"><img loading=\"lazy\" width=\"1030\" height=\"773\" src=\"http:\/\/aeaf.edu.pt\/wp-content\/uploads\/2024\/06\/4-5-1030x773.jpg\" alt=\"\" data-id=\"14130\" data-full-url=\"http:\/\/aeaf.edu.pt\/wp-content\/uploads\/2024\/06\/4-5.jpg\" data-link=\"http:\/\/aeaf.edu.pt\/?attachment_id=14130\" class=\"wp-image-14130\" srcset=\"https:\/\/aeaf.edu.pt\/wp-content\/uploads\/2024\/06\/4-5-1030x773.jpg 1030w, https:\/\/aeaf.edu.pt\/wp-content\/uploads\/2024\/06\/4-5-300x225.jpg 300w, https:\/\/aeaf.edu.pt\/wp-content\/uploads\/2024\/06\/4-5-768x576.jpg 768w, https:\/\/aeaf.edu.pt\/wp-content\/uploads\/2024\/06\/4-5-1536x1152.jpg 1536w, https:\/\/aeaf.edu.pt\/wp-content\/uploads\/2024\/06\/4-5-1500x1125.jpg 1500w, https:\/\/aeaf.edu.pt\/wp-content\/uploads\/2024\/06\/4-5-705x529.jpg 705w, https:\/\/aeaf.edu.pt\/wp-content\/uploads\/2024\/06\/4-5-450x338.jpg 450w, https:\/\/aeaf.edu.pt\/wp-content\/uploads\/2024\/06\/4-5.jpg 2000w\" sizes=\"(max-width: 1030px) 100vw, 1030px\" \/><\/a><\/figure><\/li><li class=\"blocks-gallery-item\"><figure><a href=\"http:\/\/aeaf.edu.pt\/wp-content\/uploads\/2024\/06\/6d0cbefa-57aa-4caa-9588-8c63ceadece8.jpg\"><img loading=\"lazy\" width=\"773\" height=\"1030\" src=\"http:\/\/aeaf.edu.pt\/wp-content\/uploads\/2024\/06\/6d0cbefa-57aa-4caa-9588-8c63ceadece8-773x1030.jpg\" alt=\"\" data-id=\"14131\" data-full-url=\"http:\/\/aeaf.edu.pt\/wp-content\/uploads\/2024\/06\/6d0cbefa-57aa-4caa-9588-8c63ceadece8.jpg\" data-link=\"http:\/\/aeaf.edu.pt\/?attachment_id=14131\" class=\"wp-image-14131\" srcset=\"https:\/\/aeaf.edu.pt\/wp-content\/uploads\/2024\/06\/6d0cbefa-57aa-4caa-9588-8c63ceadece8-773x1030.jpg 773w, https:\/\/aeaf.edu.pt\/wp-content\/uploads\/2024\/06\/6d0cbefa-57aa-4caa-9588-8c63ceadece8-225x300.jpg 225w, https:\/\/aeaf.edu.pt\/wp-content\/uploads\/2024\/06\/6d0cbefa-57aa-4caa-9588-8c63ceadece8-768x1024.jpg 768w, https:\/\/aeaf.edu.pt\/wp-content\/uploads\/2024\/06\/6d0cbefa-57aa-4caa-9588-8c63ceadece8-1152x1536.jpg 1152w, https:\/\/aeaf.edu.pt\/wp-content\/uploads\/2024\/06\/6d0cbefa-57aa-4caa-9588-8c63ceadece8-1125x1500.jpg 1125w, https:\/\/aeaf.edu.pt\/wp-content\/uploads\/2024\/06\/6d0cbefa-57aa-4caa-9588-8c63ceadece8-529x705.jpg 529w, https:\/\/aeaf.edu.pt\/wp-content\/uploads\/2024\/06\/6d0cbefa-57aa-4caa-9588-8c63ceadece8-450x600.jpg 450w, https:\/\/aeaf.edu.pt\/wp-content\/uploads\/2024\/06\/6d0cbefa-57aa-4caa-9588-8c63ceadece8.jpg 1200w\" sizes=\"(max-width: 773px) 100vw, 773px\" \/><\/a><\/figure><\/li><li class=\"blocks-gallery-item\"><figure><a href=\"http:\/\/aeaf.edu.pt\/wp-content\/uploads\/2024\/06\/b0784887-79f7-4207-aeb8-460f92dc5cdc.jpg\"><img loading=\"lazy\" width=\"773\" height=\"1030\" src=\"http:\/\/aeaf.edu.pt\/wp-content\/uploads\/2024\/06\/b0784887-79f7-4207-aeb8-460f92dc5cdc-773x1030.jpg\" alt=\"\" data-id=\"14132\" data-full-url=\"http:\/\/aeaf.edu.pt\/wp-content\/uploads\/2024\/06\/b0784887-79f7-4207-aeb8-460f92dc5cdc.jpg\" data-link=\"http:\/\/aeaf.edu.pt\/?attachment_id=14132\" class=\"wp-image-14132\" srcset=\"https:\/\/aeaf.edu.pt\/wp-content\/uploads\/2024\/06\/b0784887-79f7-4207-aeb8-460f92dc5cdc-773x1030.jpg 773w, https:\/\/aeaf.edu.pt\/wp-content\/uploads\/2024\/06\/b0784887-79f7-4207-aeb8-460f92dc5cdc-225x300.jpg 225w, https:\/\/aeaf.edu.pt\/wp-content\/uploads\/2024\/06\/b0784887-79f7-4207-aeb8-460f92dc5cdc-768x1024.jpg 768w, https:\/\/aeaf.edu.pt\/wp-content\/uploads\/2024\/06\/b0784887-79f7-4207-aeb8-460f92dc5cdc-1152x1536.jpg 1152w, https:\/\/aeaf.edu.pt\/wp-content\/uploads\/2024\/06\/b0784887-79f7-4207-aeb8-460f92dc5cdc-1125x1500.jpg 1125w, https:\/\/aeaf.edu.pt\/wp-content\/uploads\/2024\/06\/b0784887-79f7-4207-aeb8-460f92dc5cdc-529x705.jpg 529w, https:\/\/aeaf.edu.pt\/wp-content\/uploads\/2024\/06\/b0784887-79f7-4207-aeb8-460f92dc5cdc-450x600.jpg 450w, https:\/\/aeaf.edu.pt\/wp-content\/uploads\/2024\/06\/b0784887-79f7-4207-aeb8-460f92dc5cdc.jpg 1200w\" sizes=\"(max-width: 773px) 100vw, 773px\" \/><\/a><\/figure><\/li><li class=\"blocks-gallery-item\"><figure><a href=\"http:\/\/aeaf.edu.pt\/wp-content\/uploads\/2024\/06\/e06fea32-b091-4145-a513-80751a67b57e.jpg\"><img loading=\"lazy\" width=\"773\" height=\"1030\" src=\"http:\/\/aeaf.edu.pt\/wp-content\/uploads\/2024\/06\/e06fea32-b091-4145-a513-80751a67b57e-773x1030.jpg\" alt=\"\" data-id=\"14133\" data-full-url=\"http:\/\/aeaf.edu.pt\/wp-content\/uploads\/2024\/06\/e06fea32-b091-4145-a513-80751a67b57e.jpg\" data-link=\"http:\/\/aeaf.edu.pt\/?attachment_id=14133\" class=\"wp-image-14133\" srcset=\"https:\/\/aeaf.edu.pt\/wp-content\/uploads\/2024\/06\/e06fea32-b091-4145-a513-80751a67b57e-773x1030.jpg 773w, https:\/\/aeaf.edu.pt\/wp-content\/uploads\/2024\/06\/e06fea32-b091-4145-a513-80751a67b57e-225x300.jpg 225w, https:\/\/aeaf.edu.pt\/wp-content\/uploads\/2024\/06\/e06fea32-b091-4145-a513-80751a67b57e-768x1024.jpg 768w, https:\/\/aeaf.edu.pt\/wp-content\/uploads\/2024\/06\/e06fea32-b091-4145-a513-80751a67b57e-1152x1536.jpg 1152w, https:\/\/aeaf.edu.pt\/wp-content\/uploads\/2024\/06\/e06fea32-b091-4145-a513-80751a67b57e-1125x1500.jpg 1125w, https:\/\/aeaf.edu.pt\/wp-content\/uploads\/2024\/06\/e06fea32-b091-4145-a513-80751a67b57e-529x705.jpg 529w, https:\/\/aeaf.edu.pt\/wp-content\/uploads\/2024\/06\/e06fea32-b091-4145-a513-80751a67b57e-450x600.jpg 450w, https:\/\/aeaf.edu.pt\/wp-content\/uploads\/2024\/06\/e06fea32-b091-4145-a513-80751a67b57e.jpg 1200w\" sizes=\"(max-width: 773px) 100vw, 773px\" \/><\/a><\/figure><\/li><\/ul><\/figure>\n\n\n\n<hr class=\"wp-block-separator\"\/>\n\n\n\n<hr class=\"wp-block-separator\"\/>\n\n\n\n<p style=\"font-size:18px\"><strong>Artista Residente<\/strong><\/p>\n\n\n\n<p>Projeto Cultural de Escola &#8211; AEAF &#8211; Artista Residente<br>O artista residente, no \u00e2mbito do Projeto Cultural de Escola, tem como mote para o ano letivo de 2024 a palavra inspiradora \u201cRevoluciona-te\u201d e a efem\u00e9ride do 25 de Abril.<br>Na quarta-feira passada, iniciaram a oficina os 2 grupos de trabalho; 4\u00ba ano da Escola B\u00e1sica de Manhente e Ensino Secund\u00e1rio da ESAF.<br>Renata Flaiban Zanete entende a Arte como linguagem fundante e imprescind\u00edvel na trajet\u00f3ria humana. Como artista e professora, tem atuado com diferentes grupos, em diversos contextos e institui\u00e7\u00f5es, no Brasil e em Portugal. O que se pretende \u00e9 proporcionar aos jovens o contacto com a linguagem teatral e po\u00e9tica; desenvolver a consci\u00eancia corporal e vocal; atuar em conjunto utilizando diferentes ritmos e entona\u00e7\u00f5es e aceitar a diversidade e trabalhar em grupo na cria\u00e7\u00e3o de um trabalho art\u00edstico performativo, a partir de poesias sobre o 25 de Abril.<br>A equipa do Projeto Cultural de Escola agradece \u00e0 dire\u00e7\u00e3o do AEAF a disponibilidade de proporcionar esta atividade e agradece a sua integra\u00e7\u00e3o ao Plano Nacional das Artes.<\/p>\n\n\n\n<figure class=\"wp-block-gallery columns-3 is-cropped\"><ul class=\"blocks-gallery-grid\"><li class=\"blocks-gallery-item\"><figure><a href=\"http:\/\/aeaf.edu.pt\/wp-content\/uploads\/2024\/06\/1-2-1.jpg\"><img loading=\"lazy\" width=\"300\" height=\"300\" src=\"http:\/\/aeaf.edu.pt\/wp-content\/uploads\/2024\/06\/1-2-1.jpg\" alt=\"\" data-id=\"14122\" data-full-url=\"http:\/\/aeaf.edu.pt\/wp-content\/uploads\/2024\/06\/1-2-1.jpg\" data-link=\"http:\/\/aeaf.edu.pt\/?attachment_id=14122\" class=\"wp-image-14122\" srcset=\"https:\/\/aeaf.edu.pt\/wp-content\/uploads\/2024\/06\/1-2-1.jpg 300w, https:\/\/aeaf.edu.pt\/wp-content\/uploads\/2024\/06\/1-2-1-80x80.jpg 80w, https:\/\/aeaf.edu.pt\/wp-content\/uploads\/2024\/06\/1-2-1-36x36.jpg 36w, https:\/\/aeaf.edu.pt\/wp-content\/uploads\/2024\/06\/1-2-1-180x180.jpg 180w, https:\/\/aeaf.edu.pt\/wp-content\/uploads\/2024\/06\/1-2-1-120x120.jpg 120w\" sizes=\"(max-width: 300px) 100vw, 300px\" \/><\/a><\/figure><\/li><li class=\"blocks-gallery-item\"><figure><a href=\"http:\/\/aeaf.edu.pt\/wp-content\/uploads\/2024\/06\/2-4.jpg\"><img loading=\"lazy\" width=\"1030\" height=\"670\" src=\"http:\/\/aeaf.edu.pt\/wp-content\/uploads\/2024\/06\/2-4-1030x670.jpg\" alt=\"\" data-id=\"14123\" data-full-url=\"http:\/\/aeaf.edu.pt\/wp-content\/uploads\/2024\/06\/2-4.jpg\" data-link=\"http:\/\/aeaf.edu.pt\/?attachment_id=14123\" class=\"wp-image-14123\" srcset=\"https:\/\/aeaf.edu.pt\/wp-content\/uploads\/2024\/06\/2-4-1030x670.jpg 1030w, https:\/\/aeaf.edu.pt\/wp-content\/uploads\/2024\/06\/2-4-300x195.jpg 300w, https:\/\/aeaf.edu.pt\/wp-content\/uploads\/2024\/06\/2-4-768x500.jpg 768w, https:\/\/aeaf.edu.pt\/wp-content\/uploads\/2024\/06\/2-4-705x459.jpg 705w, https:\/\/aeaf.edu.pt\/wp-content\/uploads\/2024\/06\/2-4-450x293.jpg 450w, https:\/\/aeaf.edu.pt\/wp-content\/uploads\/2024\/06\/2-4.jpg 1156w\" sizes=\"(max-width: 1030px) 100vw, 1030px\" \/><\/a><\/figure><\/li><li class=\"blocks-gallery-item\"><figure><a href=\"http:\/\/aeaf.edu.pt\/wp-content\/uploads\/2024\/06\/3-2.jpg\"><img loading=\"lazy\" width=\"1030\" height=\"686\" src=\"http:\/\/aeaf.edu.pt\/wp-content\/uploads\/2024\/06\/3-2-1030x686.jpg\" alt=\"\" data-id=\"14124\" data-full-url=\"http:\/\/aeaf.edu.pt\/wp-content\/uploads\/2024\/06\/3-2.jpg\" data-link=\"http:\/\/aeaf.edu.pt\/?attachment_id=14124\" class=\"wp-image-14124\" srcset=\"https:\/\/aeaf.edu.pt\/wp-content\/uploads\/2024\/06\/3-2-1030x686.jpg 1030w, https:\/\/aeaf.edu.pt\/wp-content\/uploads\/2024\/06\/3-2-300x200.jpg 300w, https:\/\/aeaf.edu.pt\/wp-content\/uploads\/2024\/06\/3-2-768x512.jpg 768w, https:\/\/aeaf.edu.pt\/wp-content\/uploads\/2024\/06\/3-2-705x470.jpg 705w, https:\/\/aeaf.edu.pt\/wp-content\/uploads\/2024\/06\/3-2-450x300.jpg 450w, https:\/\/aeaf.edu.pt\/wp-content\/uploads\/2024\/06\/3-2.jpg 1097w\" sizes=\"(max-width: 1030px) 100vw, 1030px\" \/><\/a><\/figure><\/li><li class=\"blocks-gallery-item\"><figure><a href=\"http:\/\/aeaf.edu.pt\/wp-content\/uploads\/2024\/06\/4-4.jpg\"><img loading=\"lazy\" width=\"884\" height=\"590\" src=\"http:\/\/aeaf.edu.pt\/wp-content\/uploads\/2024\/06\/4-4.jpg\" alt=\"\" data-id=\"14125\" data-full-url=\"http:\/\/aeaf.edu.pt\/wp-content\/uploads\/2024\/06\/4-4.jpg\" data-link=\"http:\/\/aeaf.edu.pt\/?attachment_id=14125\" class=\"wp-image-14125\" srcset=\"https:\/\/aeaf.edu.pt\/wp-content\/uploads\/2024\/06\/4-4.jpg 884w, https:\/\/aeaf.edu.pt\/wp-content\/uploads\/2024\/06\/4-4-300x200.jpg 300w, https:\/\/aeaf.edu.pt\/wp-content\/uploads\/2024\/06\/4-4-768x513.jpg 768w, https:\/\/aeaf.edu.pt\/wp-content\/uploads\/2024\/06\/4-4-705x471.jpg 705w, https:\/\/aeaf.edu.pt\/wp-content\/uploads\/2024\/06\/4-4-450x300.jpg 450w\" sizes=\"(max-width: 884px) 100vw, 884px\" \/><\/a><\/figure><\/li><li class=\"blocks-gallery-item\"><figure><a href=\"http:\/\/aeaf.edu.pt\/wp-content\/uploads\/2024\/06\/5-2.jpg\"><img loading=\"lazy\" width=\"1000\" height=\"706\" src=\"http:\/\/aeaf.edu.pt\/wp-content\/uploads\/2024\/06\/5-2.jpg\" alt=\"\" data-id=\"14126\" data-full-url=\"http:\/\/aeaf.edu.pt\/wp-content\/uploads\/2024\/06\/5-2.jpg\" data-link=\"http:\/\/aeaf.edu.pt\/?attachment_id=14126\" class=\"wp-image-14126\" srcset=\"https:\/\/aeaf.edu.pt\/wp-content\/uploads\/2024\/06\/5-2.jpg 1000w, https:\/\/aeaf.edu.pt\/wp-content\/uploads\/2024\/06\/5-2-300x212.jpg 300w, https:\/\/aeaf.edu.pt\/wp-content\/uploads\/2024\/06\/5-2-768x542.jpg 768w, https:\/\/aeaf.edu.pt\/wp-content\/uploads\/2024\/06\/5-2-260x185.jpg 260w, https:\/\/aeaf.edu.pt\/wp-content\/uploads\/2024\/06\/5-2-705x498.jpg 705w, https:\/\/aeaf.edu.pt\/wp-content\/uploads\/2024\/06\/5-2-450x318.jpg 450w\" sizes=\"(max-width: 1000px) 100vw, 1000px\" \/><\/a><\/figure><\/li><\/ul><\/figure>\n\n\n\n<hr class=\"wp-block-separator\"\/>\n\n\n\n<hr class=\"wp-block-separator\"\/>\n\n\n\n<p style=\"font-size:18px\"><strong>Ceis20 fora &#8211; Desconex\u00e3o digital<\/strong><\/p>\n\n\n\n<p>Projeto Cultural de Escola &#8211; AEAF &#8211; CEIS20 FORA DE PORTAS \u2013 CENTRO DE ESTUDOS INTERDISCIPLINARES DA UNIVERSIDADE DE COIMBRA<br>Numa organiza\u00e7\u00e3o do PCE e da Associa\u00e7\u00e3o de Estudantes, em colabora\u00e7\u00e3o com a Universidade de Coimbra e o Plano Nacional das Artes, realizou-se uma conversa sobre Desconex\u00e3o Digital.<br>Esta proposta surge no \u00e2mbito do interesse dos proponentes pela tem\u00e1tica da desconex\u00e3o digital enquanto faceta do comportamento informacional e infocomunicacional. O objetivo da sess\u00e3o ser\u00e1 levar os jovens a refletirem sobre o uso que d\u00e3o aos seus dispositivos digitais, nomeadamente sobre o tempo que passam online e o tipo de atividades que a\u00ed desenvolvem. Adicionalmente, ser\u00e3o apresentadas algumas propostas que podem ajudar a um uso mais consciente das plataformas digitais, em especial das redes sociais, permitindo uma gest\u00e3o mais proveitosa do tempo. Prop\u00f5e-se como t\u00edtulo provis\u00f3rio para a sess\u00e3o: \u201cLiga-te \u00e0 desconex\u00e3o: melhora a tua presen\u00e7a online\u201d.<br>Tendo por base esta tem\u00e1tica t\u00e3o pertinente nos dias de hoje, a Professora Doutora Ana L\u00facia Terra e o doutorando Dalbert Oliveira, realizaram diversas atividades com os alunos.<br>A Dire\u00e7\u00e3o do Agrupamento de Escolas Alcaides de Faria e a equipa do Projeto Cultural de Escola agradecem ao Plano Nacional das Artes e \u00e0 Universidade de Coimbra toda a colabora\u00e7\u00e3o.<\/p>\n\n\n\n<figure class=\"wp-block-gallery columns-2 is-cropped\"><ul class=\"blocks-gallery-grid\"><li class=\"blocks-gallery-item\"><figure><a href=\"http:\/\/aeaf.edu.pt\/wp-content\/uploads\/2024\/06\/7939c586-d560-4b03-87b2-c034cf80651c.jpg\"><img loading=\"lazy\" width=\"1030\" height=\"773\" src=\"http:\/\/aeaf.edu.pt\/wp-content\/uploads\/2024\/06\/7939c586-d560-4b03-87b2-c034cf80651c-1030x773.jpg\" alt=\"\" data-id=\"14116\" data-full-url=\"http:\/\/aeaf.edu.pt\/wp-content\/uploads\/2024\/06\/7939c586-d560-4b03-87b2-c034cf80651c.jpg\" data-link=\"http:\/\/aeaf.edu.pt\/?attachment_id=14116\" class=\"wp-image-14116\" srcset=\"https:\/\/aeaf.edu.pt\/wp-content\/uploads\/2024\/06\/7939c586-d560-4b03-87b2-c034cf80651c-1030x773.jpg 1030w, https:\/\/aeaf.edu.pt\/wp-content\/uploads\/2024\/06\/7939c586-d560-4b03-87b2-c034cf80651c-300x225.jpg 300w, https:\/\/aeaf.edu.pt\/wp-content\/uploads\/2024\/06\/7939c586-d560-4b03-87b2-c034cf80651c-768x576.jpg 768w, https:\/\/aeaf.edu.pt\/wp-content\/uploads\/2024\/06\/7939c586-d560-4b03-87b2-c034cf80651c-1536x1152.jpg 1536w, https:\/\/aeaf.edu.pt\/wp-content\/uploads\/2024\/06\/7939c586-d560-4b03-87b2-c034cf80651c-1500x1125.jpg 1500w, https:\/\/aeaf.edu.pt\/wp-content\/uploads\/2024\/06\/7939c586-d560-4b03-87b2-c034cf80651c-705x529.jpg 705w, https:\/\/aeaf.edu.pt\/wp-content\/uploads\/2024\/06\/7939c586-d560-4b03-87b2-c034cf80651c-450x338.jpg 450w, https:\/\/aeaf.edu.pt\/wp-content\/uploads\/2024\/06\/7939c586-d560-4b03-87b2-c034cf80651c.jpg 2048w\" sizes=\"(max-width: 1030px) 100vw, 1030px\" \/><\/a><\/figure><\/li><li class=\"blocks-gallery-item\"><figure><a href=\"http:\/\/aeaf.edu.pt\/wp-content\/uploads\/2024\/06\/f2baec08-7797-4871-9ca9-4472f2ad972c.jpg\"><img loading=\"lazy\" width=\"1030\" height=\"773\" src=\"http:\/\/aeaf.edu.pt\/wp-content\/uploads\/2024\/06\/f2baec08-7797-4871-9ca9-4472f2ad972c-1030x773.jpg\" alt=\"\" data-id=\"14117\" data-full-url=\"http:\/\/aeaf.edu.pt\/wp-content\/uploads\/2024\/06\/f2baec08-7797-4871-9ca9-4472f2ad972c.jpg\" data-link=\"http:\/\/aeaf.edu.pt\/?attachment_id=14117\" class=\"wp-image-14117\" srcset=\"https:\/\/aeaf.edu.pt\/wp-content\/uploads\/2024\/06\/f2baec08-7797-4871-9ca9-4472f2ad972c-1030x773.jpg 1030w, https:\/\/aeaf.edu.pt\/wp-content\/uploads\/2024\/06\/f2baec08-7797-4871-9ca9-4472f2ad972c-300x225.jpg 300w, https:\/\/aeaf.edu.pt\/wp-content\/uploads\/2024\/06\/f2baec08-7797-4871-9ca9-4472f2ad972c-768x576.jpg 768w, https:\/\/aeaf.edu.pt\/wp-content\/uploads\/2024\/06\/f2baec08-7797-4871-9ca9-4472f2ad972c-1536x1152.jpg 1536w, https:\/\/aeaf.edu.pt\/wp-content\/uploads\/2024\/06\/f2baec08-7797-4871-9ca9-4472f2ad972c-1500x1125.jpg 1500w, https:\/\/aeaf.edu.pt\/wp-content\/uploads\/2024\/06\/f2baec08-7797-4871-9ca9-4472f2ad972c-705x529.jpg 705w, https:\/\/aeaf.edu.pt\/wp-content\/uploads\/2024\/06\/f2baec08-7797-4871-9ca9-4472f2ad972c-450x338.jpg 450w, https:\/\/aeaf.edu.pt\/wp-content\/uploads\/2024\/06\/f2baec08-7797-4871-9ca9-4472f2ad972c.jpg 2048w\" sizes=\"(max-width: 1030px) 100vw, 1030px\" \/><\/a><\/figure><\/li><li class=\"blocks-gallery-item\"><figure><a href=\"http:\/\/aeaf.edu.pt\/wp-content\/uploads\/2024\/06\/unnamed.png\"><img loading=\"lazy\" width=\"836\" height=\"613\" src=\"http:\/\/aeaf.edu.pt\/wp-content\/uploads\/2024\/06\/unnamed.png\" alt=\"\" data-id=\"14118\" data-full-url=\"http:\/\/aeaf.edu.pt\/wp-content\/uploads\/2024\/06\/unnamed.png\" data-link=\"http:\/\/aeaf.edu.pt\/?attachment_id=14118\" class=\"wp-image-14118\" srcset=\"https:\/\/aeaf.edu.pt\/wp-content\/uploads\/2024\/06\/unnamed.png 836w, https:\/\/aeaf.edu.pt\/wp-content\/uploads\/2024\/06\/unnamed-300x220.png 300w, https:\/\/aeaf.edu.pt\/wp-content\/uploads\/2024\/06\/unnamed-768x563.png 768w, https:\/\/aeaf.edu.pt\/wp-content\/uploads\/2024\/06\/unnamed-705x517.png 705w, https:\/\/aeaf.edu.pt\/wp-content\/uploads\/2024\/06\/unnamed-450x330.png 450w\" sizes=\"(max-width: 836px) 100vw, 836px\" \/><\/a><\/figure><\/li><li class=\"blocks-gallery-item\"><figure><a href=\"http:\/\/aeaf.edu.pt\/wp-content\/uploads\/2024\/06\/unnamed1.png\"><img loading=\"lazy\" width=\"827\" height=\"608\" src=\"http:\/\/aeaf.edu.pt\/wp-content\/uploads\/2024\/06\/unnamed1.png\" alt=\"\" data-id=\"14119\" data-full-url=\"http:\/\/aeaf.edu.pt\/wp-content\/uploads\/2024\/06\/unnamed1.png\" data-link=\"http:\/\/aeaf.edu.pt\/?attachment_id=14119\" class=\"wp-image-14119\" srcset=\"https:\/\/aeaf.edu.pt\/wp-content\/uploads\/2024\/06\/unnamed1.png 827w, https:\/\/aeaf.edu.pt\/wp-content\/uploads\/2024\/06\/unnamed1-300x221.png 300w, https:\/\/aeaf.edu.pt\/wp-content\/uploads\/2024\/06\/unnamed1-768x565.png 768w, https:\/\/aeaf.edu.pt\/wp-content\/uploads\/2024\/06\/unnamed1-705x518.png 705w, https:\/\/aeaf.edu.pt\/wp-content\/uploads\/2024\/06\/unnamed1-450x331.png 450w\" sizes=\"(max-width: 827px) 100vw, 827px\" \/><\/a><\/figure><\/li><\/ul><\/figure>\n\n\n\n<hr class=\"wp-block-separator\"\/>\n\n\n\n<hr class=\"wp-block-separator\"\/>\n\n\n\n<p style=\"font-size:18px\"><strong>Conta-me hist\u00f3rias da tua terra<\/strong><\/p>\n\n\n\n<p>A Biblioteca Escolar de Manhente tem estado a promover a diversidade cultural atrav\u00e9s da atividade &#8216;Conta-me hist\u00f3rias da tua terra&#8217;. Uma iniciativa crucial para integrar alunos de diferentes pa\u00edses, enriquecendo as nossas vidas com narrativas diversas. Juntos, constru\u00edmos pontes entre culturas e fortalecemos os la\u00e7os da comunidade escolar.<\/p>\n\n\n\n<figure class=\"wp-block-gallery columns-4 is-cropped\"><ul class=\"blocks-gallery-grid\"><li class=\"blocks-gallery-item\"><figure><a href=\"http:\/\/aeaf.edu.pt\/wp-content\/uploads\/2024\/06\/1-4.jpg\"><img loading=\"lazy\" width=\"1030\" height=\"580\" src=\"http:\/\/aeaf.edu.pt\/wp-content\/uploads\/2024\/06\/1-4-1030x580.jpg\" alt=\"\" data-id=\"14111\" data-full-url=\"http:\/\/aeaf.edu.pt\/wp-content\/uploads\/2024\/06\/1-4.jpg\" data-link=\"http:\/\/aeaf.edu.pt\/?attachment_id=14111\" class=\"wp-image-14111\" srcset=\"https:\/\/aeaf.edu.pt\/wp-content\/uploads\/2024\/06\/1-4-1030x580.jpg 1030w, https:\/\/aeaf.edu.pt\/wp-content\/uploads\/2024\/06\/1-4-300x169.jpg 300w, https:\/\/aeaf.edu.pt\/wp-content\/uploads\/2024\/06\/1-4-768x432.jpg 768w, https:\/\/aeaf.edu.pt\/wp-content\/uploads\/2024\/06\/1-4-705x397.jpg 705w, https:\/\/aeaf.edu.pt\/wp-content\/uploads\/2024\/06\/1-4-450x253.jpg 450w, https:\/\/aeaf.edu.pt\/wp-content\/uploads\/2024\/06\/1-4.jpg 1080w\" sizes=\"(max-width: 1030px) 100vw, 1030px\" \/><\/a><\/figure><\/li><li class=\"blocks-gallery-item\"><figure><a href=\"http:\/\/aeaf.edu.pt\/wp-content\/uploads\/2024\/06\/2-3.jpg\"><img loading=\"lazy\" width=\"1030\" height=\"580\" src=\"http:\/\/aeaf.edu.pt\/wp-content\/uploads\/2024\/06\/2-3-1030x580.jpg\" alt=\"\" data-id=\"14112\" data-full-url=\"http:\/\/aeaf.edu.pt\/wp-content\/uploads\/2024\/06\/2-3.jpg\" data-link=\"http:\/\/aeaf.edu.pt\/?attachment_id=14112\" class=\"wp-image-14112\" srcset=\"https:\/\/aeaf.edu.pt\/wp-content\/uploads\/2024\/06\/2-3-1030x580.jpg 1030w, https:\/\/aeaf.edu.pt\/wp-content\/uploads\/2024\/06\/2-3-300x169.jpg 300w, https:\/\/aeaf.edu.pt\/wp-content\/uploads\/2024\/06\/2-3-768x432.jpg 768w, https:\/\/aeaf.edu.pt\/wp-content\/uploads\/2024\/06\/2-3-705x397.jpg 705w, https:\/\/aeaf.edu.pt\/wp-content\/uploads\/2024\/06\/2-3-450x253.jpg 450w, https:\/\/aeaf.edu.pt\/wp-content\/uploads\/2024\/06\/2-3.jpg 1080w\" sizes=\"(max-width: 1030px) 100vw, 1030px\" \/><\/a><\/figure><\/li><li class=\"blocks-gallery-item\"><figure><a href=\"http:\/\/aeaf.edu.pt\/wp-content\/uploads\/2024\/06\/3-1.jpg\"><img loading=\"lazy\" width=\"1030\" height=\"580\" src=\"http:\/\/aeaf.edu.pt\/wp-content\/uploads\/2024\/06\/3-1-1030x580.jpg\" alt=\"\" data-id=\"14113\" data-full-url=\"http:\/\/aeaf.edu.pt\/wp-content\/uploads\/2024\/06\/3-1.jpg\" data-link=\"http:\/\/aeaf.edu.pt\/?attachment_id=14113\" class=\"wp-image-14113\" srcset=\"https:\/\/aeaf.edu.pt\/wp-content\/uploads\/2024\/06\/3-1-1030x580.jpg 1030w, https:\/\/aeaf.edu.pt\/wp-content\/uploads\/2024\/06\/3-1-300x169.jpg 300w, https:\/\/aeaf.edu.pt\/wp-content\/uploads\/2024\/06\/3-1-768x432.jpg 768w, https:\/\/aeaf.edu.pt\/wp-content\/uploads\/2024\/06\/3-1-705x397.jpg 705w, https:\/\/aeaf.edu.pt\/wp-content\/uploads\/2024\/06\/3-1-450x253.jpg 450w, https:\/\/aeaf.edu.pt\/wp-content\/uploads\/2024\/06\/3-1.jpg 1080w\" sizes=\"(max-width: 1030px) 100vw, 1030px\" \/><\/a><\/figure><\/li><li class=\"blocks-gallery-item\"><figure><a href=\"http:\/\/aeaf.edu.pt\/wp-content\/uploads\/2024\/06\/4-3.jpg\"><img loading=\"lazy\" width=\"1030\" height=\"633\" src=\"http:\/\/aeaf.edu.pt\/wp-content\/uploads\/2024\/06\/4-3-1030x633.jpg\" alt=\"\" data-id=\"14114\" data-full-url=\"http:\/\/aeaf.edu.pt\/wp-content\/uploads\/2024\/06\/4-3.jpg\" data-link=\"http:\/\/aeaf.edu.pt\/?attachment_id=14114\" class=\"wp-image-14114\" srcset=\"https:\/\/aeaf.edu.pt\/wp-content\/uploads\/2024\/06\/4-3-1030x633.jpg 1030w, https:\/\/aeaf.edu.pt\/wp-content\/uploads\/2024\/06\/4-3-300x184.jpg 300w, https:\/\/aeaf.edu.pt\/wp-content\/uploads\/2024\/06\/4-3-768x472.jpg 768w, https:\/\/aeaf.edu.pt\/wp-content\/uploads\/2024\/06\/4-3-705x433.jpg 705w, https:\/\/aeaf.edu.pt\/wp-content\/uploads\/2024\/06\/4-3-450x277.jpg 450w, https:\/\/aeaf.edu.pt\/wp-content\/uploads\/2024\/06\/4-3.jpg 1080w\" sizes=\"(max-width: 1030px) 100vw, 1030px\" \/><\/a><\/figure><\/li><li class=\"blocks-gallery-item\"><figure><a href=\"http:\/\/aeaf.edu.pt\/wp-content\/uploads\/2024\/06\/e6375cd8-9523-4421-b4c4-b5da65567ba6-1.jpg\"><img loading=\"lazy\" width=\"557\" height=\"1030\" src=\"http:\/\/aeaf.edu.pt\/wp-content\/uploads\/2024\/06\/e6375cd8-9523-4421-b4c4-b5da65567ba6-1-557x1030.jpg\" alt=\"\" data-id=\"14115\" data-full-url=\"http:\/\/aeaf.edu.pt\/wp-content\/uploads\/2024\/06\/e6375cd8-9523-4421-b4c4-b5da65567ba6-1.jpg\" data-link=\"http:\/\/aeaf.edu.pt\/?attachment_id=14115\" class=\"wp-image-14115\" srcset=\"https:\/\/aeaf.edu.pt\/wp-content\/uploads\/2024\/06\/e6375cd8-9523-4421-b4c4-b5da65567ba6-1-557x1030.jpg 557w, https:\/\/aeaf.edu.pt\/wp-content\/uploads\/2024\/06\/e6375cd8-9523-4421-b4c4-b5da65567ba6-1-162x300.jpg 162w, https:\/\/aeaf.edu.pt\/wp-content\/uploads\/2024\/06\/e6375cd8-9523-4421-b4c4-b5da65567ba6-1-768x1419.jpg 768w, https:\/\/aeaf.edu.pt\/wp-content\/uploads\/2024\/06\/e6375cd8-9523-4421-b4c4-b5da65567ba6-1-831x1536.jpg 831w, https:\/\/aeaf.edu.pt\/wp-content\/uploads\/2024\/06\/e6375cd8-9523-4421-b4c4-b5da65567ba6-1-812x1500.jpg 812w, https:\/\/aeaf.edu.pt\/wp-content\/uploads\/2024\/06\/e6375cd8-9523-4421-b4c4-b5da65567ba6-1-381x705.jpg 381w, https:\/\/aeaf.edu.pt\/wp-content\/uploads\/2024\/06\/e6375cd8-9523-4421-b4c4-b5da65567ba6-1-450x832.jpg 450w, https:\/\/aeaf.edu.pt\/wp-content\/uploads\/2024\/06\/e6375cd8-9523-4421-b4c4-b5da65567ba6-1.jpg 1080w\" sizes=\"(max-width: 557px) 100vw, 557px\" \/><\/a><\/figure><\/li><\/ul><\/figure>\n\n\n\n<hr class=\"wp-block-separator\"\/>\n\n\n\n<hr class=\"wp-block-separator\"\/>\n\n\n\n<p style=\"font-size:18px\"><strong>CEIS20 FORA DE PORTAS <\/strong><\/p>\n\n\n\n<p>Projeto Cultural de Escola &#8211; AEAF &#8211; CEIS20 FORA DE PORTAS \u2013 CENTRO DE ESTUDOS INTERDISCIPLINARES DA UNIVERSIDADE DE COIMBRA<br>Numa organiza\u00e7\u00e3o do PCE e da Associa\u00e7\u00e3o de Estudantes, em colabora\u00e7\u00e3o com a Universidade de Coimbra e o Plano Nacional das Artes, realizou-se uma conversa sobre Jornalismo, Democracia e Desinforma\u00e7\u00e3o na sala de leitura da Biblioteca da ESAF.<br>O jornalismo como \u201cdemocrata radical\u201d em contextos de desinforma\u00e7\u00e3o e falsidade. A atual crise da democracia com todos os seus problemas de ordem social, desigualdades e afirma\u00e7\u00e3o crescente dos populismos radicais, implica um jornalismo ainda mais interpelador e exigente. Longe das erradas equidades que olham e tratam de igual forma o que \u00e9 desigual, o jornalismo tem o dever \u00e9tico de combater o discurso de \u00f3dio, o racismo e toda a forma de segrega\u00e7\u00e3o e xenofobia. Num contexto em que a desinforma\u00e7\u00e3o \u00e9 cada vez mais pervasiva no quotidiano das pessoas, \u00e9 fundamental discutir criticamente e promover o papel do jornalismo enquanto ferramenta de empoderamento informacional.<br>Tendo por base esta tem\u00e1tica t\u00e3o pertinente nos dias de hoje, o Professor Doutor Jo\u00e3o Figueira e o Professor Doutor S\u00edlvio Santos, tiveram uma conversa com alunos e professores, na sala de leitura da biblioteca da escola secund\u00e1ria alcaides de faria.<br>No final, houve um momento de partilha de ideias, onde surgiram quest\u00f5es bem formuladas e atentas ao que nos envolve.<br>A Dire\u00e7\u00e3o do Agrupamento de Escolas Alcaides de Faria e a equipa do Projeto Cultural de Escola agradecem ao Plano Nacional das Artes e \u00e0 Universidade de Coimbra toda a colabora\u00e7\u00e3o.<\/p>\n\n\n\n<figure class=\"wp-block-gallery columns-3 is-cropped\"><ul class=\"blocks-gallery-grid\"><li class=\"blocks-gallery-item\"><figure><a href=\"http:\/\/aeaf.edu.pt\/wp-content\/uploads\/2024\/06\/1.jpeg\"><img loading=\"lazy\" width=\"1080\" height=\"945\" src=\"http:\/\/aeaf.edu.pt\/wp-content\/uploads\/2024\/06\/1-1030x901.jpeg\" alt=\"\" data-id=\"14101\" data-full-url=\"http:\/\/aeaf.edu.pt\/wp-content\/uploads\/2024\/06\/1.jpeg\" data-link=\"http:\/\/aeaf.edu.pt\/?attachment_id=14101\" class=\"wp-image-14101\" srcset=\"https:\/\/aeaf.edu.pt\/wp-content\/uploads\/2024\/06\/1-1030x901.jpeg 1030w, https:\/\/aeaf.edu.pt\/wp-content\/uploads\/2024\/06\/1-300x263.jpeg 300w, https:\/\/aeaf.edu.pt\/wp-content\/uploads\/2024\/06\/1-768x672.jpeg 768w, https:\/\/aeaf.edu.pt\/wp-content\/uploads\/2024\/06\/1-705x617.jpeg 705w, https:\/\/aeaf.edu.pt\/wp-content\/uploads\/2024\/06\/1-450x394.jpeg 450w, https:\/\/aeaf.edu.pt\/wp-content\/uploads\/2024\/06\/1.jpeg 1080w\" sizes=\"(max-width: 1080px) 100vw, 1080px\" \/><\/a><\/figure><\/li><li class=\"blocks-gallery-item\"><figure><a href=\"http:\/\/aeaf.edu.pt\/wp-content\/uploads\/2024\/06\/2.jpeg\"><img loading=\"lazy\" width=\"1030\" height=\"901\" src=\"http:\/\/aeaf.edu.pt\/wp-content\/uploads\/2024\/06\/2-1030x901.jpeg\" alt=\"\" data-id=\"14102\" data-full-url=\"http:\/\/aeaf.edu.pt\/wp-content\/uploads\/2024\/06\/2.jpeg\" data-link=\"http:\/\/aeaf.edu.pt\/?attachment_id=14102\" class=\"wp-image-14102\" srcset=\"https:\/\/aeaf.edu.pt\/wp-content\/uploads\/2024\/06\/2-1030x901.jpeg 1030w, https:\/\/aeaf.edu.pt\/wp-content\/uploads\/2024\/06\/2-300x263.jpeg 300w, https:\/\/aeaf.edu.pt\/wp-content\/uploads\/2024\/06\/2-768x672.jpeg 768w, https:\/\/aeaf.edu.pt\/wp-content\/uploads\/2024\/06\/2-705x617.jpeg 705w, https:\/\/aeaf.edu.pt\/wp-content\/uploads\/2024\/06\/2-450x394.jpeg 450w, https:\/\/aeaf.edu.pt\/wp-content\/uploads\/2024\/06\/2.jpeg 1080w\" sizes=\"(max-width: 1030px) 100vw, 1030px\" \/><\/a><\/figure><\/li><li class=\"blocks-gallery-item\"><figure><a href=\"http:\/\/aeaf.edu.pt\/wp-content\/uploads\/2024\/06\/3-2.jpeg\"><img loading=\"lazy\" width=\"1030\" height=\"901\" src=\"http:\/\/aeaf.edu.pt\/wp-content\/uploads\/2024\/06\/3-2-1030x901.jpeg\" alt=\"\" data-id=\"14103\" data-full-url=\"http:\/\/aeaf.edu.pt\/wp-content\/uploads\/2024\/06\/3-2.jpeg\" data-link=\"http:\/\/aeaf.edu.pt\/?attachment_id=14103\" class=\"wp-image-14103\" srcset=\"https:\/\/aeaf.edu.pt\/wp-content\/uploads\/2024\/06\/3-2-1030x901.jpeg 1030w, https:\/\/aeaf.edu.pt\/wp-content\/uploads\/2024\/06\/3-2-300x263.jpeg 300w, https:\/\/aeaf.edu.pt\/wp-content\/uploads\/2024\/06\/3-2-768x672.jpeg 768w, https:\/\/aeaf.edu.pt\/wp-content\/uploads\/2024\/06\/3-2-705x617.jpeg 705w, https:\/\/aeaf.edu.pt\/wp-content\/uploads\/2024\/06\/3-2-450x394.jpeg 450w, https:\/\/aeaf.edu.pt\/wp-content\/uploads\/2024\/06\/3-2.jpeg 1080w\" sizes=\"(max-width: 1030px) 100vw, 1030px\" \/><\/a><\/figure><\/li><li class=\"blocks-gallery-item\"><figure><a href=\"http:\/\/aeaf.edu.pt\/wp-content\/uploads\/2024\/06\/4.jpeg\"><img loading=\"lazy\" width=\"1030\" height=\"901\" src=\"http:\/\/aeaf.edu.pt\/wp-content\/uploads\/2024\/06\/4-1030x901.jpeg\" alt=\"\" data-id=\"14104\" data-full-url=\"http:\/\/aeaf.edu.pt\/wp-content\/uploads\/2024\/06\/4.jpeg\" data-link=\"http:\/\/aeaf.edu.pt\/?attachment_id=14104\" class=\"wp-image-14104\" srcset=\"https:\/\/aeaf.edu.pt\/wp-content\/uploads\/2024\/06\/4-1030x901.jpeg 1030w, https:\/\/aeaf.edu.pt\/wp-content\/uploads\/2024\/06\/4-300x263.jpeg 300w, https:\/\/aeaf.edu.pt\/wp-content\/uploads\/2024\/06\/4-768x672.jpeg 768w, https:\/\/aeaf.edu.pt\/wp-content\/uploads\/2024\/06\/4-705x617.jpeg 705w, https:\/\/aeaf.edu.pt\/wp-content\/uploads\/2024\/06\/4-450x394.jpeg 450w, https:\/\/aeaf.edu.pt\/wp-content\/uploads\/2024\/06\/4.jpeg 1080w\" sizes=\"(max-width: 1030px) 100vw, 1030px\" \/><\/a><\/figure><\/li><li class=\"blocks-gallery-item\"><figure><a href=\"http:\/\/aeaf.edu.pt\/wp-content\/uploads\/2024\/06\/5.jpeg\"><img loading=\"lazy\" width=\"1030\" height=\"901\" src=\"http:\/\/aeaf.edu.pt\/wp-content\/uploads\/2024\/06\/5-1030x901.jpeg\" alt=\"\" data-id=\"14105\" data-full-url=\"http:\/\/aeaf.edu.pt\/wp-content\/uploads\/2024\/06\/5.jpeg\" data-link=\"http:\/\/aeaf.edu.pt\/?attachment_id=14105\" class=\"wp-image-14105\" srcset=\"https:\/\/aeaf.edu.pt\/wp-content\/uploads\/2024\/06\/5-1030x901.jpeg 1030w, https:\/\/aeaf.edu.pt\/wp-content\/uploads\/2024\/06\/5-300x263.jpeg 300w, https:\/\/aeaf.edu.pt\/wp-content\/uploads\/2024\/06\/5-768x672.jpeg 768w, https:\/\/aeaf.edu.pt\/wp-content\/uploads\/2024\/06\/5-705x617.jpeg 705w, https:\/\/aeaf.edu.pt\/wp-content\/uploads\/2024\/06\/5-450x394.jpeg 450w, https:\/\/aeaf.edu.pt\/wp-content\/uploads\/2024\/06\/5.jpeg 1080w\" sizes=\"(max-width: 1030px) 100vw, 1030px\" \/><\/a><\/figure><\/li><\/ul><\/figure>\n\n\n\n<hr class=\"wp-block-separator\"\/>\n\n\n\n<hr class=\"wp-block-separator\"\/>\n\n\n\n<p style=\"font-size:18px\"> <strong> Sentir com o outro<\/strong><\/p>\n\n\n\n<p>\u201cSentir com o outro\u201d- 19 a 23 de fevereiro. 2023<\/p>\n\n\n\n<p>Todos desejamos ver acontecer uma verdadeira revolu\u00e7\u00e3o de empatia!<\/p>\n\n\n\n<p>Entre 19 e 23 de fevereiro, todos os parceiros da rede da Academia de L\u00edderes Ubuntu- \u201cEu sou porque tu \u00e9s\u201d (Programa da DGE da qual a ESAF faz parte) foram convidados a participar, implementando as suas propostas criativas de atividades ou, seguirem as sugest\u00f5es da Academia de L\u00edderes Ubuntu.<\/p>\n\n\n\n<figure class=\"wp-block-gallery columns-3 is-cropped\"><ul class=\"blocks-gallery-grid\"><li class=\"blocks-gallery-item\"><figure><a href=\"http:\/\/aeaf.edu.pt\/wp-content\/uploads\/2024\/06\/1-3.jpg\"><img loading=\"lazy\" width=\"526\" height=\"526\" src=\"http:\/\/aeaf.edu.pt\/wp-content\/uploads\/2024\/06\/1-3.jpg\" alt=\"\" data-id=\"14096\" data-full-url=\"http:\/\/aeaf.edu.pt\/wp-content\/uploads\/2024\/06\/1-3.jpg\" data-link=\"http:\/\/aeaf.edu.pt\/?attachment_id=14096\" class=\"wp-image-14096\" srcset=\"https:\/\/aeaf.edu.pt\/wp-content\/uploads\/2024\/06\/1-3.jpg 526w, https:\/\/aeaf.edu.pt\/wp-content\/uploads\/2024\/06\/1-3-300x300.jpg 300w, https:\/\/aeaf.edu.pt\/wp-content\/uploads\/2024\/06\/1-3-80x80.jpg 80w, https:\/\/aeaf.edu.pt\/wp-content\/uploads\/2024\/06\/1-3-36x36.jpg 36w, https:\/\/aeaf.edu.pt\/wp-content\/uploads\/2024\/06\/1-3-180x180.jpg 180w, https:\/\/aeaf.edu.pt\/wp-content\/uploads\/2024\/06\/1-3-120x120.jpg 120w, https:\/\/aeaf.edu.pt\/wp-content\/uploads\/2024\/06\/1-3-450x450.jpg 450w\" sizes=\"(max-width: 526px) 100vw, 526px\" \/><\/a><\/figure><\/li><li class=\"blocks-gallery-item\"><figure><a href=\"http:\/\/aeaf.edu.pt\/wp-content\/uploads\/2024\/06\/3aa0948a-2515-4893-bdbf-b5edfc44c41f.jpg\"><img loading=\"lazy\" width=\"579\" height=\"1030\" src=\"http:\/\/aeaf.edu.pt\/wp-content\/uploads\/2024\/06\/3aa0948a-2515-4893-bdbf-b5edfc44c41f-579x1030.jpg\" alt=\"\" data-id=\"14097\" data-full-url=\"http:\/\/aeaf.edu.pt\/wp-content\/uploads\/2024\/06\/3aa0948a-2515-4893-bdbf-b5edfc44c41f.jpg\" data-link=\"http:\/\/aeaf.edu.pt\/?attachment_id=14097\" class=\"wp-image-14097\" srcset=\"https:\/\/aeaf.edu.pt\/wp-content\/uploads\/2024\/06\/3aa0948a-2515-4893-bdbf-b5edfc44c41f-579x1030.jpg 579w, https:\/\/aeaf.edu.pt\/wp-content\/uploads\/2024\/06\/3aa0948a-2515-4893-bdbf-b5edfc44c41f-169x300.jpg 169w, https:\/\/aeaf.edu.pt\/wp-content\/uploads\/2024\/06\/3aa0948a-2515-4893-bdbf-b5edfc44c41f-768x1365.jpg 768w, https:\/\/aeaf.edu.pt\/wp-content\/uploads\/2024\/06\/3aa0948a-2515-4893-bdbf-b5edfc44c41f-864x1536.jpg 864w, https:\/\/aeaf.edu.pt\/wp-content\/uploads\/2024\/06\/3aa0948a-2515-4893-bdbf-b5edfc44c41f-844x1500.jpg 844w, https:\/\/aeaf.edu.pt\/wp-content\/uploads\/2024\/06\/3aa0948a-2515-4893-bdbf-b5edfc44c41f-397x705.jpg 397w, https:\/\/aeaf.edu.pt\/wp-content\/uploads\/2024\/06\/3aa0948a-2515-4893-bdbf-b5edfc44c41f-450x800.jpg 450w, https:\/\/aeaf.edu.pt\/wp-content\/uploads\/2024\/06\/3aa0948a-2515-4893-bdbf-b5edfc44c41f.jpg 900w\" sizes=\"(max-width: 579px) 100vw, 579px\" \/><\/a><\/figure><\/li><li class=\"blocks-gallery-item\"><figure><a href=\"http:\/\/aeaf.edu.pt\/wp-content\/uploads\/2024\/06\/25d5d70d-5eeb-43aa-8f4b-4acde92e5e36.jpg\"><img loading=\"lazy\" width=\"773\" height=\"1030\" src=\"http:\/\/aeaf.edu.pt\/wp-content\/uploads\/2024\/06\/25d5d70d-5eeb-43aa-8f4b-4acde92e5e36-773x1030.jpg\" alt=\"\" data-id=\"14098\" data-full-url=\"http:\/\/aeaf.edu.pt\/wp-content\/uploads\/2024\/06\/25d5d70d-5eeb-43aa-8f4b-4acde92e5e36.jpg\" data-link=\"http:\/\/aeaf.edu.pt\/?attachment_id=14098\" class=\"wp-image-14098\" srcset=\"https:\/\/aeaf.edu.pt\/wp-content\/uploads\/2024\/06\/25d5d70d-5eeb-43aa-8f4b-4acde92e5e36-773x1030.jpg 773w, https:\/\/aeaf.edu.pt\/wp-content\/uploads\/2024\/06\/25d5d70d-5eeb-43aa-8f4b-4acde92e5e36-225x300.jpg 225w, https:\/\/aeaf.edu.pt\/wp-content\/uploads\/2024\/06\/25d5d70d-5eeb-43aa-8f4b-4acde92e5e36-768x1024.jpg 768w, https:\/\/aeaf.edu.pt\/wp-content\/uploads\/2024\/06\/25d5d70d-5eeb-43aa-8f4b-4acde92e5e36-1152x1536.jpg 1152w, https:\/\/aeaf.edu.pt\/wp-content\/uploads\/2024\/06\/25d5d70d-5eeb-43aa-8f4b-4acde92e5e36-1125x1500.jpg 1125w, https:\/\/aeaf.edu.pt\/wp-content\/uploads\/2024\/06\/25d5d70d-5eeb-43aa-8f4b-4acde92e5e36-529x705.jpg 529w, https:\/\/aeaf.edu.pt\/wp-content\/uploads\/2024\/06\/25d5d70d-5eeb-43aa-8f4b-4acde92e5e36-450x600.jpg 450w, https:\/\/aeaf.edu.pt\/wp-content\/uploads\/2024\/06\/25d5d70d-5eeb-43aa-8f4b-4acde92e5e36.jpg 1200w\" sizes=\"(max-width: 773px) 100vw, 773px\" \/><\/a><\/figure><\/li><li class=\"blocks-gallery-item\"><figure><a href=\"http:\/\/aeaf.edu.pt\/wp-content\/uploads\/2024\/06\/679f6941-b83a-4316-8359-2d1a2253b87c.jpg\"><img loading=\"lazy\" width=\"773\" height=\"1030\" src=\"http:\/\/aeaf.edu.pt\/wp-content\/uploads\/2024\/06\/679f6941-b83a-4316-8359-2d1a2253b87c-773x1030.jpg\" alt=\"\" data-id=\"14099\" data-full-url=\"http:\/\/aeaf.edu.pt\/wp-content\/uploads\/2024\/06\/679f6941-b83a-4316-8359-2d1a2253b87c.jpg\" data-link=\"http:\/\/aeaf.edu.pt\/?attachment_id=14099\" class=\"wp-image-14099\" srcset=\"https:\/\/aeaf.edu.pt\/wp-content\/uploads\/2024\/06\/679f6941-b83a-4316-8359-2d1a2253b87c-773x1030.jpg 773w, https:\/\/aeaf.edu.pt\/wp-content\/uploads\/2024\/06\/679f6941-b83a-4316-8359-2d1a2253b87c-225x300.jpg 225w, https:\/\/aeaf.edu.pt\/wp-content\/uploads\/2024\/06\/679f6941-b83a-4316-8359-2d1a2253b87c-768x1024.jpg 768w, https:\/\/aeaf.edu.pt\/wp-content\/uploads\/2024\/06\/679f6941-b83a-4316-8359-2d1a2253b87c-1152x1536.jpg 1152w, https:\/\/aeaf.edu.pt\/wp-content\/uploads\/2024\/06\/679f6941-b83a-4316-8359-2d1a2253b87c-1125x1500.jpg 1125w, https:\/\/aeaf.edu.pt\/wp-content\/uploads\/2024\/06\/679f6941-b83a-4316-8359-2d1a2253b87c-529x705.jpg 529w, https:\/\/aeaf.edu.pt\/wp-content\/uploads\/2024\/06\/679f6941-b83a-4316-8359-2d1a2253b87c-450x600.jpg 450w, https:\/\/aeaf.edu.pt\/wp-content\/uploads\/2024\/06\/679f6941-b83a-4316-8359-2d1a2253b87c.jpg 1200w\" sizes=\"(max-width: 773px) 100vw, 773px\" \/><\/a><\/figure><\/li><li class=\"blocks-gallery-item\"><figure><a href=\"http:\/\/aeaf.edu.pt\/wp-content\/uploads\/2024\/06\/ae1163b1-777e-46fd-9ac5-f80fbf599331.jpg\"><img loading=\"lazy\" width=\"773\" height=\"1030\" src=\"http:\/\/aeaf.edu.pt\/wp-content\/uploads\/2024\/06\/ae1163b1-777e-46fd-9ac5-f80fbf599331-773x1030.jpg\" alt=\"\" data-id=\"14100\" data-full-url=\"http:\/\/aeaf.edu.pt\/wp-content\/uploads\/2024\/06\/ae1163b1-777e-46fd-9ac5-f80fbf599331.jpg\" data-link=\"http:\/\/aeaf.edu.pt\/?attachment_id=14100\" class=\"wp-image-14100\" srcset=\"https:\/\/aeaf.edu.pt\/wp-content\/uploads\/2024\/06\/ae1163b1-777e-46fd-9ac5-f80fbf599331-773x1030.jpg 773w, https:\/\/aeaf.edu.pt\/wp-content\/uploads\/2024\/06\/ae1163b1-777e-46fd-9ac5-f80fbf599331-225x300.jpg 225w, https:\/\/aeaf.edu.pt\/wp-content\/uploads\/2024\/06\/ae1163b1-777e-46fd-9ac5-f80fbf599331-768x1024.jpg 768w, https:\/\/aeaf.edu.pt\/wp-content\/uploads\/2024\/06\/ae1163b1-777e-46fd-9ac5-f80fbf599331-1152x1536.jpg 1152w, https:\/\/aeaf.edu.pt\/wp-content\/uploads\/2024\/06\/ae1163b1-777e-46fd-9ac5-f80fbf599331-1125x1500.jpg 1125w, https:\/\/aeaf.edu.pt\/wp-content\/uploads\/2024\/06\/ae1163b1-777e-46fd-9ac5-f80fbf599331-529x705.jpg 529w, https:\/\/aeaf.edu.pt\/wp-content\/uploads\/2024\/06\/ae1163b1-777e-46fd-9ac5-f80fbf599331-450x600.jpg 450w, https:\/\/aeaf.edu.pt\/wp-content\/uploads\/2024\/06\/ae1163b1-777e-46fd-9ac5-f80fbf599331.jpg 1200w\" sizes=\"(max-width: 773px) 100vw, 773px\" \/><\/a><\/figure><\/li><\/ul><\/figure>\n\n\n\n<hr class=\"wp-block-separator\"\/>\n\n\n\n<hr class=\"wp-block-separator\"\/>\n\n\n\n<p style=\"font-size:18px\"> <strong>Emocion\u00b4Arte<\/strong><\/p>\n\n\n\n<p>Projeto Cultural de Escola &#8211; AEAF &#8211; Emocion\u00b4Arte<br>Numa colabora\u00e7\u00e3o entre as Bibliotecas escolar do 1.\u00ba ciclo e o Servi\u00e7o de Psicologia e Orienta\u00e7\u00e3o do Agrupamento de escolas Alcaides de Faria (AEAF), surgiu a atividade intitulada Emocion\u2019Arte dirigida \u00e0s crian\u00e7as das 12 salas dos jardins de inf\u00e2ncia do AEAF.<br>Tendo por base tr\u00eas livros que abordam as emo\u00e7\u00f5es \u201cGosto de ti (Quase sempre)\u201d de Ana LLenas\u201d, \u201cO Sapo est\u00e1 triste\u201d de Max Velthuijs e \u201cO p\u00e1ssaro da alma\u201d de Michal Snunit s\u00e3o apresentadas \u00e0s crian\u00e7as performances art\u00edsticas com m\u00fasica, canto e representa\u00e7\u00e3o.<br>O objetivo desta atividade \u00e9 explorar com as crian\u00e7as as emo\u00e7\u00f5es partindo das situa\u00e7\u00f5es apresentadas e, representadas.<\/p>\n\n\n\n<figure class=\"wp-block-gallery columns-2 is-cropped\"><ul class=\"blocks-gallery-grid\"><li class=\"blocks-gallery-item\"><figure><a href=\"http:\/\/aeaf.edu.pt\/wp-content\/uploads\/2024\/06\/1-2.jpg\"><img loading=\"lazy\" width=\"596\" height=\"480\" src=\"http:\/\/aeaf.edu.pt\/wp-content\/uploads\/2024\/06\/1-2.jpg\" alt=\"\" data-id=\"14088\" data-full-url=\"http:\/\/aeaf.edu.pt\/wp-content\/uploads\/2024\/06\/1-2.jpg\" data-link=\"http:\/\/aeaf.edu.pt\/?attachment_id=14088\" class=\"wp-image-14088\" srcset=\"https:\/\/aeaf.edu.pt\/wp-content\/uploads\/2024\/06\/1-2.jpg 596w, https:\/\/aeaf.edu.pt\/wp-content\/uploads\/2024\/06\/1-2-300x242.jpg 300w, https:\/\/aeaf.edu.pt\/wp-content\/uploads\/2024\/06\/1-2-495x400.jpg 495w, https:\/\/aeaf.edu.pt\/wp-content\/uploads\/2024\/06\/1-2-450x362.jpg 450w\" sizes=\"(max-width: 596px) 100vw, 596px\" \/><\/a><\/figure><\/li><li class=\"blocks-gallery-item\"><figure><a href=\"http:\/\/aeaf.edu.pt\/wp-content\/uploads\/2024\/06\/2-2.jpg\"><img loading=\"lazy\" width=\"624\" height=\"434\" src=\"http:\/\/aeaf.edu.pt\/wp-content\/uploads\/2024\/06\/2-2.jpg\" alt=\"\" data-id=\"14089\" data-full-url=\"http:\/\/aeaf.edu.pt\/wp-content\/uploads\/2024\/06\/2-2.jpg\" data-link=\"http:\/\/aeaf.edu.pt\/?attachment_id=14089\" class=\"wp-image-14089\" srcset=\"https:\/\/aeaf.edu.pt\/wp-content\/uploads\/2024\/06\/2-2.jpg 624w, https:\/\/aeaf.edu.pt\/wp-content\/uploads\/2024\/06\/2-2-300x209.jpg 300w, https:\/\/aeaf.edu.pt\/wp-content\/uploads\/2024\/06\/2-2-450x313.jpg 450w\" sizes=\"(max-width: 624px) 100vw, 624px\" \/><\/a><\/figure><\/li><li class=\"blocks-gallery-item\"><figure><a href=\"http:\/\/aeaf.edu.pt\/wp-content\/uploads\/2024\/06\/3.jpg\"><img loading=\"lazy\" width=\"636\" height=\"318\" src=\"http:\/\/aeaf.edu.pt\/wp-content\/uploads\/2024\/06\/3.jpg\" alt=\"\" data-id=\"14090\" data-full-url=\"http:\/\/aeaf.edu.pt\/wp-content\/uploads\/2024\/06\/3.jpg\" data-link=\"http:\/\/aeaf.edu.pt\/?attachment_id=14090\" class=\"wp-image-14090\" srcset=\"https:\/\/aeaf.edu.pt\/wp-content\/uploads\/2024\/06\/3.jpg 636w, https:\/\/aeaf.edu.pt\/wp-content\/uploads\/2024\/06\/3-300x150.jpg 300w, https:\/\/aeaf.edu.pt\/wp-content\/uploads\/2024\/06\/3-450x225.jpg 450w\" sizes=\"(max-width: 636px) 100vw, 636px\" \/><\/a><\/figure><\/li><li class=\"blocks-gallery-item\"><figure><a href=\"http:\/\/aeaf.edu.pt\/wp-content\/uploads\/2024\/06\/4-2.jpg\"><img loading=\"lazy\" width=\"507\" height=\"375\" src=\"http:\/\/aeaf.edu.pt\/wp-content\/uploads\/2024\/06\/4-2.jpg\" alt=\"\" data-id=\"14091\" data-full-url=\"http:\/\/aeaf.edu.pt\/wp-content\/uploads\/2024\/06\/4-2.jpg\" data-link=\"http:\/\/aeaf.edu.pt\/?attachment_id=14091\" class=\"wp-image-14091\" srcset=\"https:\/\/aeaf.edu.pt\/wp-content\/uploads\/2024\/06\/4-2.jpg 507w, https:\/\/aeaf.edu.pt\/wp-content\/uploads\/2024\/06\/4-2-300x222.jpg 300w, https:\/\/aeaf.edu.pt\/wp-content\/uploads\/2024\/06\/4-2-450x333.jpg 450w\" sizes=\"(max-width: 507px) 100vw, 507px\" \/><\/a><\/figure><\/li><\/ul><\/figure>\n\n\n\n<hr class=\"wp-block-separator\"\/>\n\n\n\n<hr class=\"wp-block-separator\"\/>\n\n\n\n<p style=\"font-size:18px\"> <strong>Never believe in someone that like\u2019s silence<\/strong><\/p>\n\n\n\n<p>Os alunos do ensino secund\u00e1rio do Agrupamento de Escolas Alcaides de Faria assistiram ao concerto &#8220;Never believe in someone that like\u2019s silence&#8221; de Mira Quebec e Diogo Mendes.<\/p>\n\n\n\n<p>Tr\u00eas turmas dos CCH de Artes Visuais e CP de Multim\u00e9dia e de Design do AEAF assistiram, no dia 23 de Fevereiro, a um concerto de Mira Quebec e Diogo Mendes apresentado pelo Triciclo no Theatro Gil Vicente.<br>O m\u00fasico e produtor Mira Quebec, em colabora\u00e7\u00e3o com o artista multidisciplinar Diogo Mendes, vem trilhando um caminho de experimenta\u00e7\u00e3o e fuga ao padr\u00e3o, auto impondo-se uma nova premissa a cada cria\u00e7\u00e3o. Em 2021, a colabora\u00e7\u00e3o destes artistas resultou em dois v\u00eddeos experimentais realizados por Pedro Bastos. No seguinte ano, acompanhados pelo multi-instrumentista Dada Garbeck, lotaram a Igreja dos Capuchos, em Guimar\u00e3es, para uma experi\u00eancia de simbiose entre o \u00f3rg\u00e3o ib\u00e9rico, a eletr\u00f3nica e o light design. Em 2023, apresentaram a instala\u00e7\u00e3o de realidade aumentada deux ex homo ex machina, onde discutiam os limites da exist\u00eancia divina. No triciclo, estreiam a sua nova cria\u00e7\u00e3o \u201cNever believe in someone that like\u2019s silence\u201d, propondo uma experi\u00eancia de imers\u00e3o audiovisual heterot\u00f3pica. Assim como uma mem\u00f3ria auditiva ou o reflexo de um espelho, esta obra pretende criar espa\u00e7os imateriais e intoc\u00e1veis, mas que partem sempre de uma outra exist\u00eancia muito concreta.<br>No final, houve um momento de partilha de ideias entre os alunos e os m\u00fasicos.<br>A Dire\u00e7\u00e3o do Agrupamento de Escolas Alcaides de Faria e a equipa do Projeto Cultural de Escola agradecem ao Triciclo e ao Theatro Gil Vicente toda a colabora\u00e7\u00e3o.<\/p>\n\n\n\n<figure class=\"wp-block-gallery columns-4 is-cropped\"><ul class=\"blocks-gallery-grid\"><li class=\"blocks-gallery-item\"><figure><a href=\"http:\/\/aeaf.edu.pt\/wp-content\/uploads\/2024\/06\/6-2-scaled.jpg\"><img loading=\"lazy\" width=\"773\" height=\"1030\" src=\"http:\/\/aeaf.edu.pt\/wp-content\/uploads\/2024\/06\/6-2-773x1030.jpg\" alt=\"\" data-id=\"14081\" data-full-url=\"http:\/\/aeaf.edu.pt\/wp-content\/uploads\/2024\/06\/6-2-scaled.jpg\" data-link=\"http:\/\/aeaf.edu.pt\/?attachment_id=14081\" class=\"wp-image-14081\" srcset=\"https:\/\/aeaf.edu.pt\/wp-content\/uploads\/2024\/06\/6-2-773x1030.jpg 773w, https:\/\/aeaf.edu.pt\/wp-content\/uploads\/2024\/06\/6-2-225x300.jpg 225w, https:\/\/aeaf.edu.pt\/wp-content\/uploads\/2024\/06\/6-2-768x1024.jpg 768w, https:\/\/aeaf.edu.pt\/wp-content\/uploads\/2024\/06\/6-2-1152x1536.jpg 1152w, https:\/\/aeaf.edu.pt\/wp-content\/uploads\/2024\/06\/6-2-1536x2048.jpg 1536w, https:\/\/aeaf.edu.pt\/wp-content\/uploads\/2024\/06\/6-2-1125x1500.jpg 1125w, https:\/\/aeaf.edu.pt\/wp-content\/uploads\/2024\/06\/6-2-529x705.jpg 529w, https:\/\/aeaf.edu.pt\/wp-content\/uploads\/2024\/06\/6-2-450x600.jpg 450w, https:\/\/aeaf.edu.pt\/wp-content\/uploads\/2024\/06\/6-2-scaled.jpg 1920w\" sizes=\"(max-width: 773px) 100vw, 773px\" \/><\/a><\/figure><\/li><li class=\"blocks-gallery-item\"><figure><a href=\"http:\/\/aeaf.edu.pt\/wp-content\/uploads\/2024\/06\/IMG_2424-scaled.jpg\"><img loading=\"lazy\" width=\"773\" height=\"1030\" src=\"http:\/\/aeaf.edu.pt\/wp-content\/uploads\/2024\/06\/IMG_2424-773x1030.jpg\" alt=\"\" data-id=\"14082\" data-full-url=\"http:\/\/aeaf.edu.pt\/wp-content\/uploads\/2024\/06\/IMG_2424-scaled.jpg\" data-link=\"http:\/\/aeaf.edu.pt\/?attachment_id=14082\" class=\"wp-image-14082\" srcset=\"https:\/\/aeaf.edu.pt\/wp-content\/uploads\/2024\/06\/IMG_2424-773x1030.jpg 773w, https:\/\/aeaf.edu.pt\/wp-content\/uploads\/2024\/06\/IMG_2424-225x300.jpg 225w, https:\/\/aeaf.edu.pt\/wp-content\/uploads\/2024\/06\/IMG_2424-768x1024.jpg 768w, https:\/\/aeaf.edu.pt\/wp-content\/uploads\/2024\/06\/IMG_2424-1152x1536.jpg 1152w, https:\/\/aeaf.edu.pt\/wp-content\/uploads\/2024\/06\/IMG_2424-1536x2048.jpg 1536w, https:\/\/aeaf.edu.pt\/wp-content\/uploads\/2024\/06\/IMG_2424-1125x1500.jpg 1125w, https:\/\/aeaf.edu.pt\/wp-content\/uploads\/2024\/06\/IMG_2424-529x705.jpg 529w, https:\/\/aeaf.edu.pt\/wp-content\/uploads\/2024\/06\/IMG_2424-450x600.jpg 450w, https:\/\/aeaf.edu.pt\/wp-content\/uploads\/2024\/06\/IMG_2424-scaled.jpg 1920w\" sizes=\"(max-width: 773px) 100vw, 773px\" \/><\/a><\/figure><\/li><li class=\"blocks-gallery-item\"><figure><a href=\"http:\/\/aeaf.edu.pt\/wp-content\/uploads\/2024\/06\/IMG_2428-scaled.jpg\"><img loading=\"lazy\" width=\"773\" height=\"1030\" src=\"http:\/\/aeaf.edu.pt\/wp-content\/uploads\/2024\/06\/IMG_2428-773x1030.jpg\" alt=\"\" data-id=\"14083\" data-full-url=\"http:\/\/aeaf.edu.pt\/wp-content\/uploads\/2024\/06\/IMG_2428-scaled.jpg\" data-link=\"http:\/\/aeaf.edu.pt\/?attachment_id=14083\" class=\"wp-image-14083\" srcset=\"https:\/\/aeaf.edu.pt\/wp-content\/uploads\/2024\/06\/IMG_2428-773x1030.jpg 773w, https:\/\/aeaf.edu.pt\/wp-content\/uploads\/2024\/06\/IMG_2428-225x300.jpg 225w, https:\/\/aeaf.edu.pt\/wp-content\/uploads\/2024\/06\/IMG_2428-768x1024.jpg 768w, https:\/\/aeaf.edu.pt\/wp-content\/uploads\/2024\/06\/IMG_2428-1152x1536.jpg 1152w, https:\/\/aeaf.edu.pt\/wp-content\/uploads\/2024\/06\/IMG_2428-1536x2048.jpg 1536w, https:\/\/aeaf.edu.pt\/wp-content\/uploads\/2024\/06\/IMG_2428-1125x1500.jpg 1125w, https:\/\/aeaf.edu.pt\/wp-content\/uploads\/2024\/06\/IMG_2428-529x705.jpg 529w, https:\/\/aeaf.edu.pt\/wp-content\/uploads\/2024\/06\/IMG_2428-450x600.jpg 450w, https:\/\/aeaf.edu.pt\/wp-content\/uploads\/2024\/06\/IMG_2428-scaled.jpg 1920w\" sizes=\"(max-width: 773px) 100vw, 773px\" \/><\/a><\/figure><\/li><li class=\"blocks-gallery-item\"><figure><a href=\"http:\/\/aeaf.edu.pt\/wp-content\/uploads\/2024\/06\/IMG_2431-scaled.jpg\"><img loading=\"lazy\" width=\"773\" height=\"1030\" src=\"http:\/\/aeaf.edu.pt\/wp-content\/uploads\/2024\/06\/IMG_2431-773x1030.jpg\" alt=\"\" data-id=\"14084\" data-full-url=\"http:\/\/aeaf.edu.pt\/wp-content\/uploads\/2024\/06\/IMG_2431-scaled.jpg\" data-link=\"http:\/\/aeaf.edu.pt\/?attachment_id=14084\" class=\"wp-image-14084\" srcset=\"https:\/\/aeaf.edu.pt\/wp-content\/uploads\/2024\/06\/IMG_2431-773x1030.jpg 773w, https:\/\/aeaf.edu.pt\/wp-content\/uploads\/2024\/06\/IMG_2431-225x300.jpg 225w, https:\/\/aeaf.edu.pt\/wp-content\/uploads\/2024\/06\/IMG_2431-768x1024.jpg 768w, https:\/\/aeaf.edu.pt\/wp-content\/uploads\/2024\/06\/IMG_2431-1152x1536.jpg 1152w, https:\/\/aeaf.edu.pt\/wp-content\/uploads\/2024\/06\/IMG_2431-1536x2048.jpg 1536w, https:\/\/aeaf.edu.pt\/wp-content\/uploads\/2024\/06\/IMG_2431-1125x1500.jpg 1125w, https:\/\/aeaf.edu.pt\/wp-content\/uploads\/2024\/06\/IMG_2431-529x705.jpg 529w, https:\/\/aeaf.edu.pt\/wp-content\/uploads\/2024\/06\/IMG_2431-450x600.jpg 450w, https:\/\/aeaf.edu.pt\/wp-content\/uploads\/2024\/06\/IMG_2431-scaled.jpg 1920w\" sizes=\"(max-width: 773px) 100vw, 773px\" \/><\/a><\/figure><\/li><li class=\"blocks-gallery-item\"><figure><a href=\"http:\/\/aeaf.edu.pt\/wp-content\/uploads\/2024\/06\/IMG_2437-scaled.jpg\"><img loading=\"lazy\" width=\"773\" height=\"1030\" src=\"http:\/\/aeaf.edu.pt\/wp-content\/uploads\/2024\/06\/IMG_2437-773x1030.jpg\" alt=\"\" data-id=\"14085\" data-full-url=\"http:\/\/aeaf.edu.pt\/wp-content\/uploads\/2024\/06\/IMG_2437-scaled.jpg\" data-link=\"http:\/\/aeaf.edu.pt\/?attachment_id=14085\" class=\"wp-image-14085\" srcset=\"https:\/\/aeaf.edu.pt\/wp-content\/uploads\/2024\/06\/IMG_2437-773x1030.jpg 773w, https:\/\/aeaf.edu.pt\/wp-content\/uploads\/2024\/06\/IMG_2437-225x300.jpg 225w, https:\/\/aeaf.edu.pt\/wp-content\/uploads\/2024\/06\/IMG_2437-768x1024.jpg 768w, https:\/\/aeaf.edu.pt\/wp-content\/uploads\/2024\/06\/IMG_2437-1152x1536.jpg 1152w, https:\/\/aeaf.edu.pt\/wp-content\/uploads\/2024\/06\/IMG_2437-1536x2048.jpg 1536w, https:\/\/aeaf.edu.pt\/wp-content\/uploads\/2024\/06\/IMG_2437-1125x1500.jpg 1125w, https:\/\/aeaf.edu.pt\/wp-content\/uploads\/2024\/06\/IMG_2437-529x705.jpg 529w, https:\/\/aeaf.edu.pt\/wp-content\/uploads\/2024\/06\/IMG_2437-450x600.jpg 450w, https:\/\/aeaf.edu.pt\/wp-content\/uploads\/2024\/06\/IMG_2437-scaled.jpg 1920w\" sizes=\"(max-width: 773px) 100vw, 773px\" \/><\/a><\/figure><\/li><li class=\"blocks-gallery-item\"><figure><a href=\"http:\/\/aeaf.edu.pt\/wp-content\/uploads\/2024\/06\/IMG_2443-scaled.jpg\"><img loading=\"lazy\" width=\"773\" height=\"1030\" src=\"http:\/\/aeaf.edu.pt\/wp-content\/uploads\/2024\/06\/IMG_2443-773x1030.jpg\" alt=\"\" data-id=\"14086\" data-full-url=\"http:\/\/aeaf.edu.pt\/wp-content\/uploads\/2024\/06\/IMG_2443-scaled.jpg\" data-link=\"http:\/\/aeaf.edu.pt\/?attachment_id=14086\" class=\"wp-image-14086\" srcset=\"https:\/\/aeaf.edu.pt\/wp-content\/uploads\/2024\/06\/IMG_2443-773x1030.jpg 773w, https:\/\/aeaf.edu.pt\/wp-content\/uploads\/2024\/06\/IMG_2443-225x300.jpg 225w, https:\/\/aeaf.edu.pt\/wp-content\/uploads\/2024\/06\/IMG_2443-768x1024.jpg 768w, https:\/\/aeaf.edu.pt\/wp-content\/uploads\/2024\/06\/IMG_2443-1152x1536.jpg 1152w, https:\/\/aeaf.edu.pt\/wp-content\/uploads\/2024\/06\/IMG_2443-1536x2048.jpg 1536w, https:\/\/aeaf.edu.pt\/wp-content\/uploads\/2024\/06\/IMG_2443-1125x1500.jpg 1125w, https:\/\/aeaf.edu.pt\/wp-content\/uploads\/2024\/06\/IMG_2443-529x705.jpg 529w, https:\/\/aeaf.edu.pt\/wp-content\/uploads\/2024\/06\/IMG_2443-450x600.jpg 450w, https:\/\/aeaf.edu.pt\/wp-content\/uploads\/2024\/06\/IMG_2443-scaled.jpg 1920w\" sizes=\"(max-width: 773px) 100vw, 773px\" \/><\/a><\/figure><\/li><li class=\"blocks-gallery-item\"><figure><a href=\"http:\/\/aeaf.edu.pt\/wp-content\/uploads\/2024\/06\/IMG_2446-scaled.jpg\"><img loading=\"lazy\" width=\"773\" height=\"1030\" src=\"http:\/\/aeaf.edu.pt\/wp-content\/uploads\/2024\/06\/IMG_2446-773x1030.jpg\" alt=\"\" data-id=\"14087\" data-full-url=\"http:\/\/aeaf.edu.pt\/wp-content\/uploads\/2024\/06\/IMG_2446-scaled.jpg\" data-link=\"http:\/\/aeaf.edu.pt\/?attachment_id=14087\" class=\"wp-image-14087\" srcset=\"https:\/\/aeaf.edu.pt\/wp-content\/uploads\/2024\/06\/IMG_2446-773x1030.jpg 773w, https:\/\/aeaf.edu.pt\/wp-content\/uploads\/2024\/06\/IMG_2446-225x300.jpg 225w, https:\/\/aeaf.edu.pt\/wp-content\/uploads\/2024\/06\/IMG_2446-768x1024.jpg 768w, https:\/\/aeaf.edu.pt\/wp-content\/uploads\/2024\/06\/IMG_2446-1152x1536.jpg 1152w, https:\/\/aeaf.edu.pt\/wp-content\/uploads\/2024\/06\/IMG_2446-1536x2048.jpg 1536w, https:\/\/aeaf.edu.pt\/wp-content\/uploads\/2024\/06\/IMG_2446-1125x1500.jpg 1125w, https:\/\/aeaf.edu.pt\/wp-content\/uploads\/2024\/06\/IMG_2446-529x705.jpg 529w, https:\/\/aeaf.edu.pt\/wp-content\/uploads\/2024\/06\/IMG_2446-450x600.jpg 450w, https:\/\/aeaf.edu.pt\/wp-content\/uploads\/2024\/06\/IMG_2446-scaled.jpg 1920w\" sizes=\"(max-width: 773px) 100vw, 773px\" \/><\/a><\/figure><\/li><\/ul><\/figure>\n\n\n\n<hr class=\"wp-block-separator\"\/>\n\n\n\n<hr class=\"wp-block-separator\"\/>\n\n\n\n<p style=\"font-size:18px\"> <strong>ZOO STORY<\/strong><\/p>\n\n\n\n<p>Os alunos do ensino secund\u00e1rio do Agrupamento de Escolas Alcaides de Faria assistiram \u00e0 pe\u00e7a \u201cZOO STORY\u201d Coordena\u00e7\u00e3o do Teatro D. Maria II, Lisboa<br>texto Edward Albee<br>dire\u00e7\u00e3o Marco Paiva<br>no \u00e2mbito da Rede Eunice Ageas<\/p>\n\n\n\n<p>Mais de 100 alunos de turmas dos d\u00e9cimo, d\u00e9cimo primeiro e d\u00e9cimo segundo anos do AEAF assistiram, no dia 9 de Fevereiro, a uma sess\u00e3o da pe\u00e7a de teatro em L\u00edngua Gestual \u201cZOO STORY\u201d, com coordena\u00e7\u00e3o do teatro D. Maria || em colabora\u00e7\u00e3o com o Theatro Gil Vicente em Barcelos. Esta iniciativa, que decorreu no audit\u00f3rio do Theatro Gil Vicente, est\u00e1 inserida no plano de atividades do Projeto Cultural de Escola \u2013 Plano Nacional das Artes do AEAF.<br>Como refere na folha de sala e em conversa tida com o diretor da pe\u00e7a de teatro e com os atores, num espa\u00e7o indefinido d\u00e1-se um encontro e afirma-se a necessidade de comunica\u00e7\u00e3o e entendimento, dispensando a ret\u00f3rica. A partir daqui o conflito escrito por Albee entre as personagens Peter e Jerry abre-se \u00e0 plateia. J\u00e1 n\u00e3o \u00e9 uma personagem que procura outra, \u00e9 um grupo de pessoas sentadas numa sala de teatro, \u00e0 procura da pe\u00e7a. Tudo o resto \u00e9 futuro.<br>Sendo a pe\u00e7a toda ela n\u00e3o dita, mas gestuada, atrav\u00e9s do desempenho de dois int\u00e9rpretes surdos. A beleza do gesto ocupa o sil\u00eancio. Um encontro raro entre p\u00fablicos com diferentes necessidades e expectativas, que reconhecer\u00e3o na pr\u00e1tica teatral o seu espa\u00e7o de representatividade, afirma\u00e7\u00e3o e sentimento de perten\u00e7a.<br>No final, houve um momento de conversa e os alunos participaram com entusiasmo e curiosidade. De salientar que estes projetos que trabalham a pr\u00e1tica inclusiva, devem estar mais presentes na forma\u00e7\u00e3o dos nossos alunos.<br>A Dire\u00e7\u00e3o do Agrupamento de Escolas Alcaides de Faria e a equipa do Projeto Cultural de Escola agradecem ao Theatro Gil Vicente toda a colabora\u00e7\u00e3o.<\/p>\n\n\n\n<figure class=\"wp-block-gallery columns-4 is-cropped\"><ul class=\"blocks-gallery-grid\"><li class=\"blocks-gallery-item\"><figure><a href=\"http:\/\/aeaf.edu.pt\/wp-content\/uploads\/2024\/06\/WhatsApp-Image-2024-02-15-at-11.02.07-1.jpeg\"><img loading=\"lazy\" width=\"773\" height=\"1030\" src=\"http:\/\/aeaf.edu.pt\/wp-content\/uploads\/2024\/06\/WhatsApp-Image-2024-02-15-at-11.02.07-1-773x1030.jpeg\" alt=\"\" data-id=\"14072\" data-full-url=\"http:\/\/aeaf.edu.pt\/wp-content\/uploads\/2024\/06\/WhatsApp-Image-2024-02-15-at-11.02.07-1.jpeg\" data-link=\"http:\/\/aeaf.edu.pt\/?attachment_id=14072\" class=\"wp-image-14072\" srcset=\"https:\/\/aeaf.edu.pt\/wp-content\/uploads\/2024\/06\/WhatsApp-Image-2024-02-15-at-11.02.07-1-773x1030.jpeg 773w, https:\/\/aeaf.edu.pt\/wp-content\/uploads\/2024\/06\/WhatsApp-Image-2024-02-15-at-11.02.07-1-225x300.jpeg 225w, https:\/\/aeaf.edu.pt\/wp-content\/uploads\/2024\/06\/WhatsApp-Image-2024-02-15-at-11.02.07-1-768x1024.jpeg 768w, https:\/\/aeaf.edu.pt\/wp-content\/uploads\/2024\/06\/WhatsApp-Image-2024-02-15-at-11.02.07-1-1152x1536.jpeg 1152w, https:\/\/aeaf.edu.pt\/wp-content\/uploads\/2024\/06\/WhatsApp-Image-2024-02-15-at-11.02.07-1-1125x1500.jpeg 1125w, https:\/\/aeaf.edu.pt\/wp-content\/uploads\/2024\/06\/WhatsApp-Image-2024-02-15-at-11.02.07-1-529x705.jpeg 529w, https:\/\/aeaf.edu.pt\/wp-content\/uploads\/2024\/06\/WhatsApp-Image-2024-02-15-at-11.02.07-1-450x600.jpeg 450w, https:\/\/aeaf.edu.pt\/wp-content\/uploads\/2024\/06\/WhatsApp-Image-2024-02-15-at-11.02.07-1.jpeg 1536w\" sizes=\"(max-width: 773px) 100vw, 773px\" \/><\/a><\/figure><\/li><li class=\"blocks-gallery-item\"><figure><a href=\"http:\/\/aeaf.edu.pt\/wp-content\/uploads\/2024\/06\/WhatsApp-Image-2024-02-15-at-11.02.07.jpeg\"><img loading=\"lazy\" width=\"773\" height=\"1030\" src=\"http:\/\/aeaf.edu.pt\/wp-content\/uploads\/2024\/06\/WhatsApp-Image-2024-02-15-at-11.02.07-773x1030.jpeg\" alt=\"\" data-id=\"14073\" data-full-url=\"http:\/\/aeaf.edu.pt\/wp-content\/uploads\/2024\/06\/WhatsApp-Image-2024-02-15-at-11.02.07.jpeg\" data-link=\"http:\/\/aeaf.edu.pt\/?attachment_id=14073\" class=\"wp-image-14073\" srcset=\"https:\/\/aeaf.edu.pt\/wp-content\/uploads\/2024\/06\/WhatsApp-Image-2024-02-15-at-11.02.07-773x1030.jpeg 773w, https:\/\/aeaf.edu.pt\/wp-content\/uploads\/2024\/06\/WhatsApp-Image-2024-02-15-at-11.02.07-225x300.jpeg 225w, https:\/\/aeaf.edu.pt\/wp-content\/uploads\/2024\/06\/WhatsApp-Image-2024-02-15-at-11.02.07-768x1024.jpeg 768w, https:\/\/aeaf.edu.pt\/wp-content\/uploads\/2024\/06\/WhatsApp-Image-2024-02-15-at-11.02.07-1152x1536.jpeg 1152w, https:\/\/aeaf.edu.pt\/wp-content\/uploads\/2024\/06\/WhatsApp-Image-2024-02-15-at-11.02.07-1125x1500.jpeg 1125w, https:\/\/aeaf.edu.pt\/wp-content\/uploads\/2024\/06\/WhatsApp-Image-2024-02-15-at-11.02.07-529x705.jpeg 529w, https:\/\/aeaf.edu.pt\/wp-content\/uploads\/2024\/06\/WhatsApp-Image-2024-02-15-at-11.02.07-450x600.jpeg 450w, https:\/\/aeaf.edu.pt\/wp-content\/uploads\/2024\/06\/WhatsApp-Image-2024-02-15-at-11.02.07.jpeg 1536w\" sizes=\"(max-width: 773px) 100vw, 773px\" \/><\/a><\/figure><\/li><li class=\"blocks-gallery-item\"><figure><a href=\"http:\/\/aeaf.edu.pt\/wp-content\/uploads\/2024\/06\/WhatsApp-Image-2024-02-15-at-11.02.08-1.jpeg\"><img loading=\"lazy\" width=\"773\" height=\"1030\" src=\"http:\/\/aeaf.edu.pt\/wp-content\/uploads\/2024\/06\/WhatsApp-Image-2024-02-15-at-11.02.08-1-773x1030.jpeg\" alt=\"\" data-id=\"14074\" data-full-url=\"http:\/\/aeaf.edu.pt\/wp-content\/uploads\/2024\/06\/WhatsApp-Image-2024-02-15-at-11.02.08-1.jpeg\" data-link=\"http:\/\/aeaf.edu.pt\/?attachment_id=14074\" class=\"wp-image-14074\" srcset=\"https:\/\/aeaf.edu.pt\/wp-content\/uploads\/2024\/06\/WhatsApp-Image-2024-02-15-at-11.02.08-1-773x1030.jpeg 773w, https:\/\/aeaf.edu.pt\/wp-content\/uploads\/2024\/06\/WhatsApp-Image-2024-02-15-at-11.02.08-1-225x300.jpeg 225w, https:\/\/aeaf.edu.pt\/wp-content\/uploads\/2024\/06\/WhatsApp-Image-2024-02-15-at-11.02.08-1-768x1024.jpeg 768w, https:\/\/aeaf.edu.pt\/wp-content\/uploads\/2024\/06\/WhatsApp-Image-2024-02-15-at-11.02.08-1-1152x1536.jpeg 1152w, https:\/\/aeaf.edu.pt\/wp-content\/uploads\/2024\/06\/WhatsApp-Image-2024-02-15-at-11.02.08-1-1125x1500.jpeg 1125w, https:\/\/aeaf.edu.pt\/wp-content\/uploads\/2024\/06\/WhatsApp-Image-2024-02-15-at-11.02.08-1-529x705.jpeg 529w, https:\/\/aeaf.edu.pt\/wp-content\/uploads\/2024\/06\/WhatsApp-Image-2024-02-15-at-11.02.08-1-450x600.jpeg 450w, https:\/\/aeaf.edu.pt\/wp-content\/uploads\/2024\/06\/WhatsApp-Image-2024-02-15-at-11.02.08-1.jpeg 1536w\" sizes=\"(max-width: 773px) 100vw, 773px\" \/><\/a><\/figure><\/li><li class=\"blocks-gallery-item\"><figure><a href=\"http:\/\/aeaf.edu.pt\/wp-content\/uploads\/2024\/06\/WhatsApp-Image-2024-02-15-at-11.02.08.jpeg\"><img loading=\"lazy\" width=\"773\" height=\"1030\" src=\"http:\/\/aeaf.edu.pt\/wp-content\/uploads\/2024\/06\/WhatsApp-Image-2024-02-15-at-11.02.08-773x1030.jpeg\" alt=\"\" data-id=\"14075\" data-full-url=\"http:\/\/aeaf.edu.pt\/wp-content\/uploads\/2024\/06\/WhatsApp-Image-2024-02-15-at-11.02.08.jpeg\" data-link=\"http:\/\/aeaf.edu.pt\/?attachment_id=14075\" class=\"wp-image-14075\" srcset=\"https:\/\/aeaf.edu.pt\/wp-content\/uploads\/2024\/06\/WhatsApp-Image-2024-02-15-at-11.02.08-773x1030.jpeg 773w, https:\/\/aeaf.edu.pt\/wp-content\/uploads\/2024\/06\/WhatsApp-Image-2024-02-15-at-11.02.08-225x300.jpeg 225w, https:\/\/aeaf.edu.pt\/wp-content\/uploads\/2024\/06\/WhatsApp-Image-2024-02-15-at-11.02.08-768x1024.jpeg 768w, https:\/\/aeaf.edu.pt\/wp-content\/uploads\/2024\/06\/WhatsApp-Image-2024-02-15-at-11.02.08-1152x1536.jpeg 1152w, https:\/\/aeaf.edu.pt\/wp-content\/uploads\/2024\/06\/WhatsApp-Image-2024-02-15-at-11.02.08-1125x1500.jpeg 1125w, https:\/\/aeaf.edu.pt\/wp-content\/uploads\/2024\/06\/WhatsApp-Image-2024-02-15-at-11.02.08-529x705.jpeg 529w, https:\/\/aeaf.edu.pt\/wp-content\/uploads\/2024\/06\/WhatsApp-Image-2024-02-15-at-11.02.08-450x600.jpeg 450w, https:\/\/aeaf.edu.pt\/wp-content\/uploads\/2024\/06\/WhatsApp-Image-2024-02-15-at-11.02.08.jpeg 1536w\" sizes=\"(max-width: 773px) 100vw, 773px\" \/><\/a><\/figure><\/li><li class=\"blocks-gallery-item\"><figure><a href=\"http:\/\/aeaf.edu.pt\/wp-content\/uploads\/2024\/06\/WhatsApp-Image-2024-02-15-at-11.02.09-1.jpeg\"><img loading=\"lazy\" width=\"773\" height=\"1030\" src=\"http:\/\/aeaf.edu.pt\/wp-content\/uploads\/2024\/06\/WhatsApp-Image-2024-02-15-at-11.02.09-1-773x1030.jpeg\" alt=\"\" data-id=\"14076\" data-full-url=\"http:\/\/aeaf.edu.pt\/wp-content\/uploads\/2024\/06\/WhatsApp-Image-2024-02-15-at-11.02.09-1.jpeg\" data-link=\"http:\/\/aeaf.edu.pt\/?attachment_id=14076\" class=\"wp-image-14076\" srcset=\"https:\/\/aeaf.edu.pt\/wp-content\/uploads\/2024\/06\/WhatsApp-Image-2024-02-15-at-11.02.09-1-773x1030.jpeg 773w, https:\/\/aeaf.edu.pt\/wp-content\/uploads\/2024\/06\/WhatsApp-Image-2024-02-15-at-11.02.09-1-225x300.jpeg 225w, https:\/\/aeaf.edu.pt\/wp-content\/uploads\/2024\/06\/WhatsApp-Image-2024-02-15-at-11.02.09-1-768x1024.jpeg 768w, https:\/\/aeaf.edu.pt\/wp-content\/uploads\/2024\/06\/WhatsApp-Image-2024-02-15-at-11.02.09-1-1152x1536.jpeg 1152w, https:\/\/aeaf.edu.pt\/wp-content\/uploads\/2024\/06\/WhatsApp-Image-2024-02-15-at-11.02.09-1-1125x1500.jpeg 1125w, https:\/\/aeaf.edu.pt\/wp-content\/uploads\/2024\/06\/WhatsApp-Image-2024-02-15-at-11.02.09-1-529x705.jpeg 529w, https:\/\/aeaf.edu.pt\/wp-content\/uploads\/2024\/06\/WhatsApp-Image-2024-02-15-at-11.02.09-1-450x600.jpeg 450w, https:\/\/aeaf.edu.pt\/wp-content\/uploads\/2024\/06\/WhatsApp-Image-2024-02-15-at-11.02.09-1.jpeg 1536w\" sizes=\"(max-width: 773px) 100vw, 773px\" \/><\/a><\/figure><\/li><li class=\"blocks-gallery-item\"><figure><a href=\"http:\/\/aeaf.edu.pt\/wp-content\/uploads\/2024\/06\/WhatsApp-Image-2024-02-15-at-11.02.09.jpeg\"><img loading=\"lazy\" width=\"773\" height=\"1030\" src=\"http:\/\/aeaf.edu.pt\/wp-content\/uploads\/2024\/06\/WhatsApp-Image-2024-02-15-at-11.02.09-773x1030.jpeg\" alt=\"\" data-id=\"14077\" data-full-url=\"http:\/\/aeaf.edu.pt\/wp-content\/uploads\/2024\/06\/WhatsApp-Image-2024-02-15-at-11.02.09.jpeg\" data-link=\"http:\/\/aeaf.edu.pt\/?attachment_id=14077\" class=\"wp-image-14077\" srcset=\"https:\/\/aeaf.edu.pt\/wp-content\/uploads\/2024\/06\/WhatsApp-Image-2024-02-15-at-11.02.09-773x1030.jpeg 773w, https:\/\/aeaf.edu.pt\/wp-content\/uploads\/2024\/06\/WhatsApp-Image-2024-02-15-at-11.02.09-225x300.jpeg 225w, https:\/\/aeaf.edu.pt\/wp-content\/uploads\/2024\/06\/WhatsApp-Image-2024-02-15-at-11.02.09-768x1024.jpeg 768w, https:\/\/aeaf.edu.pt\/wp-content\/uploads\/2024\/06\/WhatsApp-Image-2024-02-15-at-11.02.09-1152x1536.jpeg 1152w, https:\/\/aeaf.edu.pt\/wp-content\/uploads\/2024\/06\/WhatsApp-Image-2024-02-15-at-11.02.09-1125x1500.jpeg 1125w, https:\/\/aeaf.edu.pt\/wp-content\/uploads\/2024\/06\/WhatsApp-Image-2024-02-15-at-11.02.09-529x705.jpeg 529w, https:\/\/aeaf.edu.pt\/wp-content\/uploads\/2024\/06\/WhatsApp-Image-2024-02-15-at-11.02.09-450x600.jpeg 450w, https:\/\/aeaf.edu.pt\/wp-content\/uploads\/2024\/06\/WhatsApp-Image-2024-02-15-at-11.02.09.jpeg 1536w\" sizes=\"(max-width: 773px) 100vw, 773px\" \/><\/a><\/figure><\/li><li class=\"blocks-gallery-item\"><figure><a href=\"http:\/\/aeaf.edu.pt\/wp-content\/uploads\/2024\/06\/WhatsApp-Image-2024-02-15-at-11.02.10.jpeg\"><img loading=\"lazy\" width=\"773\" height=\"1030\" src=\"http:\/\/aeaf.edu.pt\/wp-content\/uploads\/2024\/06\/WhatsApp-Image-2024-02-15-at-11.02.10-773x1030.jpeg\" alt=\"\" data-id=\"14078\" data-full-url=\"http:\/\/aeaf.edu.pt\/wp-content\/uploads\/2024\/06\/WhatsApp-Image-2024-02-15-at-11.02.10.jpeg\" data-link=\"http:\/\/aeaf.edu.pt\/?attachment_id=14078\" class=\"wp-image-14078\" srcset=\"https:\/\/aeaf.edu.pt\/wp-content\/uploads\/2024\/06\/WhatsApp-Image-2024-02-15-at-11.02.10-773x1030.jpeg 773w, https:\/\/aeaf.edu.pt\/wp-content\/uploads\/2024\/06\/WhatsApp-Image-2024-02-15-at-11.02.10-225x300.jpeg 225w, https:\/\/aeaf.edu.pt\/wp-content\/uploads\/2024\/06\/WhatsApp-Image-2024-02-15-at-11.02.10-768x1024.jpeg 768w, https:\/\/aeaf.edu.pt\/wp-content\/uploads\/2024\/06\/WhatsApp-Image-2024-02-15-at-11.02.10-1152x1536.jpeg 1152w, https:\/\/aeaf.edu.pt\/wp-content\/uploads\/2024\/06\/WhatsApp-Image-2024-02-15-at-11.02.10-1125x1500.jpeg 1125w, https:\/\/aeaf.edu.pt\/wp-content\/uploads\/2024\/06\/WhatsApp-Image-2024-02-15-at-11.02.10-529x705.jpeg 529w, https:\/\/aeaf.edu.pt\/wp-content\/uploads\/2024\/06\/WhatsApp-Image-2024-02-15-at-11.02.10-450x600.jpeg 450w, https:\/\/aeaf.edu.pt\/wp-content\/uploads\/2024\/06\/WhatsApp-Image-2024-02-15-at-11.02.10.jpeg 1536w\" sizes=\"(max-width: 773px) 100vw, 773px\" \/><\/a><\/figure><\/li><\/ul><\/figure>\n\n\n\n<hr class=\"wp-block-separator\"\/>\n\n\n\n<hr class=\"wp-block-separator\"\/>\n\n\n\n<div class=\"wp-block-media-text alignwide has-media-on-the-right is-stacked-on-mobile\" style=\"grid-template-columns:auto 35%\"><figure class=\"wp-block-media-text__media\"><img loading=\"lazy\" width=\"400\" height=\"559\" src=\"http:\/\/aeaf.edu.pt\/wp-content\/uploads\/2023\/02\/BarroParede.png\" alt=\"\" class=\"wp-image-12922 size-full\" srcset=\"https:\/\/aeaf.edu.pt\/wp-content\/uploads\/2023\/02\/BarroParede.png 400w, https:\/\/aeaf.edu.pt\/wp-content\/uploads\/2023\/02\/BarroParede-215x300.png 215w\" sizes=\"(max-width: 400px) 100vw, 400px\" \/><\/figure><div class=\"wp-block-media-text__content\">\n<p class=\"has-text-align-center has-medium-font-size\"><strong>Festival BARRO \u00c0 PAREDE<\/strong><\/p>\n\n\n\n<p class=\"has-text-align-center has-medium-font-size\"><strong>01\/03 a 30\/06<\/strong><\/p>\n\n\n\n<p class=\"has-text-align-center has-medium-font-size\">Agrupamento de Escolas Alcaides de Faria.<\/p>\n\n\n\n<p class=\"has-text-align-center\"><a href=\"http:\/\/aeaf.edu.pt\/?p=12921\" target=\"_blank\" rel=\"noreferrer noopener\"><u><strong><em>Mais Informa\u00e7\u00e3o<\/em><\/strong><\/u><\/a><\/p>\n<\/div><\/div>\n\n\n\n<hr class=\"wp-block-separator\"\/>\n\n\n\n<hr class=\"wp-block-separator\"\/>\n\n\n\n<div class=\"wp-block-media-text alignwide is-stacked-on-mobile\"><figure class=\"wp-block-media-text__media\"><a href=\"https:\/\/cinarts.eu\/\" target=\"_blank\" rel=\"noopener\"><img loading=\"lazy\" width=\"900\" height=\"478\" src=\"http:\/\/aeaf.edu.pt\/wp-content\/uploads\/2022\/04\/DIA-5-DE-MAIO-DIA-MUNDIAL-DA-LINGUA-PORTUGUESA_1.png\" alt=\"\" class=\"wp-image-12094 size-full\" srcset=\"https:\/\/aeaf.edu.pt\/wp-content\/uploads\/2022\/04\/DIA-5-DE-MAIO-DIA-MUNDIAL-DA-LINGUA-PORTUGUESA_1.png 900w, https:\/\/aeaf.edu.pt\/wp-content\/uploads\/2022\/04\/DIA-5-DE-MAIO-DIA-MUNDIAL-DA-LINGUA-PORTUGUESA_1-300x159.png 300w, https:\/\/aeaf.edu.pt\/wp-content\/uploads\/2022\/04\/DIA-5-DE-MAIO-DIA-MUNDIAL-DA-LINGUA-PORTUGUESA_1-768x408.png 768w, https:\/\/aeaf.edu.pt\/wp-content\/uploads\/2022\/04\/DIA-5-DE-MAIO-DIA-MUNDIAL-DA-LINGUA-PORTUGUESA_1-705x374.png 705w, https:\/\/aeaf.edu.pt\/wp-content\/uploads\/2022\/04\/DIA-5-DE-MAIO-DIA-MUNDIAL-DA-LINGUA-PORTUGUESA_1-450x239.png 450w\" sizes=\"(max-width: 900px) 100vw, 900px\" \/><\/a><\/figure><div class=\"wp-block-media-text__content\">\n<p class=\"has-medium-font-size\"><strong><u><span style=\"color:#0d0ae7\" class=\"has-inline-color\">DIA 5 DE MAIO &#8211; DIA MUNDIAL DA L\u00cdNGUA PORTUGUESA &#8211; DESAFIOS<\/span><\/u><\/strong> <\/p>\n\n\n\n<p>Em 2019, a Unesco proclamou o dia 5 de maio como o &#8220;Dia Mundial da L\u00edngua Portuguesa&#8221;. A nossa L\u00edngua, para al\u00e9m de ser uma das mais difundidas no mundo, com mais de 265 milh\u00f5es de falantes, \u00e9 tamb\u00e9m a mais falada no hemisf\u00e9rio sul.<br><\/p>\n<\/div><\/div>\n\n\n\n<p>Para assinalar esta data, o Plano Nacional das Artes prop\u00f5e o seguinte desafio \u00e0s crian\u00e7as e aos jovens:<\/p>\n\n\n\n<p>Cria\u00e7\u00e3o e envio para o PNA de trabalhos em v\u00eddeo e outros suportes, que fa\u00e7am a explora\u00e7\u00e3o criativa da l\u00edngua portuguesa, tendo em conta a sua dimens\u00e3o polif\u00f3nica (os v\u00e1rios sotaques, as diferen\u00e7as, a riqueza de uma l\u00edngua falada de formas diferentes em todo o mundo) e\/ou o portugu\u00eas nas diversas formas de express\u00e3o art\u00edstica.<\/p>\n\n\n\n<p>Os trabalhos dever\u00e3o ter a dura\u00e7\u00e3o m\u00e1xima de um minuto e seguir as indica\u00e7\u00f5es t\u00e9cnicas anexas, bem como respeitar as normas da Lei no que diz respeito aos Direitos de Autor.<\/p>\n\n\n\n<p>O prazo limite para envio dos trabalhos \u00e9 at\u00e9 \u00e0s 12 horas do dia 2 de maio.<\/p>\n\n\n\n<p>Os trabalhos que respeitarem as condi\u00e7\u00f5es acima descritas ser\u00e3o depois divulgados nas redes sociais PNA.<\/p>\n\n\n\n<p>Apresentamos, em anexo, algumas sugest\u00f5es\/inspira\u00e7\u00f5es de formatos para os trabalhos, que n\u00e3o invalidam quaisquer outros que pretendam explorar.<\/p>\n\n\n\n<div class=\"wp-block-file aligncenter\"><a href=\"http:\/\/aeaf.edu.pt\/wp-content\/uploads\/2022\/04\/Dia-Mundial-da-Lingua-Portuguesa-Desafio-2022.pdf\" target=\"_blank\" rel=\"noreferrer noopener\"><strong><u><span class=\"has-inline-color has-black-color\">Dia Mundial da L\u00edngua Portuguesa &#8211; Desafio 2022<\/span><\/u><\/strong><\/a><a href=\"http:\/\/aeaf.edu.pt\/wp-content\/uploads\/2022\/04\/Dia-Mundial-da-Lingua-Portuguesa-Desafio-2022.pdf\" class=\"wp-block-file__button\" download>Descarregar<\/a><\/div>\n\n\n\n<div class=\"wp-block-file aligncenter\"><a href=\"http:\/\/aeaf.edu.pt\/wp-content\/uploads\/2022\/04\/PNA_REGISTOS_Multimedia.pdf\" target=\"_blank\" rel=\"noreferrer noopener\"><span class=\"has-inline-color has-black-color\"><strong>PNA REGISTOS &#8211; Multim\u00e9dia<\/strong><\/span><\/a><a href=\"http:\/\/aeaf.edu.pt\/wp-content\/uploads\/2022\/04\/PNA_REGISTOS_Multimedia.pdf\" class=\"wp-block-file__button\" download>Descarregar<\/a><\/div>\n\n\n\n<hr class=\"wp-block-separator\"\/>\n\n\n\n<hr class=\"wp-block-separator\"\/>\n\n\n\n<div class=\"wp-block-media-text alignwide has-media-on-the-right is-stacked-on-mobile\" style=\"grid-template-columns:auto 30%\"><figure class=\"wp-block-media-text__media\"><a href=\"https:\/\/www.anilupa.pt\/pt\/\" target=\"_blank\" rel=\"noopener\"><img loading=\"lazy\" width=\"636\" height=\"900\" src=\"http:\/\/aeaf.edu.pt\/wp-content\/uploads\/2022\/01\/PNA-Mochila-Cultural-_12-de-maio-_-Bemposta_1.png\" alt=\"\" class=\"wp-image-12095 size-full\" srcset=\"https:\/\/aeaf.edu.pt\/wp-content\/uploads\/2022\/01\/PNA-Mochila-Cultural-_12-de-maio-_-Bemposta_1.png 636w, https:\/\/aeaf.edu.pt\/wp-content\/uploads\/2022\/01\/PNA-Mochila-Cultural-_12-de-maio-_-Bemposta_1-212x300.png 212w, https:\/\/aeaf.edu.pt\/wp-content\/uploads\/2022\/01\/PNA-Mochila-Cultural-_12-de-maio-_-Bemposta_1-498x705.png 498w, https:\/\/aeaf.edu.pt\/wp-content\/uploads\/2022\/01\/PNA-Mochila-Cultural-_12-de-maio-_-Bemposta_1-450x637.png 450w\" sizes=\"(max-width: 636px) 100vw, 636px\" \/><\/a><\/figure><div class=\"wp-block-media-text__content\">\n<p style=\"font-size:18px\"><strong><span style=\"color:#0d0ae7\" class=\"has-inline-color\"><u>Atividade do PNA &#8211; Mochila Cultural Digital PNA: &#8220;Musical Clean Water Act&#8221; &#8211; 12 de maio<\/u><\/span><\/strong>  <\/p>\n\n\n\n<p>O Plano Nacional das Artes, em parceria com o Agrupamento de Escolas (AE) da Bemposta, em Portim\u00e3o, tem o prazer de convidar os vossos alunos do 3\u00ba Ciclo do Ensino do B\u00e1sico e do Ensino secund\u00e1rio a assistirem \u00e0 transmiss\u00e3o em direto do espet\u00e1culo teatral &#8220;MUSICAL CLEAN WATER ACT&#8221;, apresentado no TEMPO, Teatro Municipal de Portim\u00e3o, com encena\u00e7\u00e3o de Jenny O. Jacobsson e interpreta\u00e7\u00e3o dos alunos do Ensino Integrado de M\u00fasica e dos Cursos Profissionais de Instrumentista de Jazz, de Cordas e Tecla e de Int\u00e9rprete Ator\/Atriz, do AE da Bemposta.<\/p>\n<\/div><\/div>\n\n\n\n<p>Trata-se de um Musical, que inclui m\u00fasica cl\u00e1ssica, jazz e dan\u00e7a, com um novo olhar sobre o cl\u00e1ssico Romeu e Julieta de William Shakespeare, adaptado ao contexto algarvio. As fam\u00edlias Mont\u00e9quio e Capuleto transformam-se em locais e estrangeiros cuja rivalidade antiga \u00e9 inflamada por um concurso, &#8220;The Clean Water Act&#8221;. A competi\u00e7\u00e3o \u00e9 iniciada com boa inten\u00e7\u00e3o, mas d\u00e1 origem \u00e0 gan\u00e2ncia no cora\u00e7\u00e3o da popula\u00e7\u00e3o, gerando divis\u00e3o, desconfian\u00e7a, antagonismo. Aborda-se a tem\u00e1tica da diversidade atrav\u00e9s do choque cultural, fundamentado no territ\u00f3rio.<\/p>\n\n\n\n<p>Acontecer\u00e1 no dia 12 de maio, 5.\u00aa feira, pelas 10h30 e 9h30 nos A\u00e7ores, e ter\u00e1 a dura\u00e7\u00e3o de, aproximadamente, 70 minutos.<\/p>\n\n\n\n<p>Temos tamb\u00e9m o prazer de vos convidar a participar na conversa Arte e Cultura &#8211; agentes promotores da cidadania, com o Comiss\u00e1rio do PNA, a Diretora Regional de Cultura do Algarve, o Delegado Regional de Educa\u00e7\u00e3o do Algarve e a Vereadora da Educa\u00e7\u00e3o e da Cultura de Portim\u00e3o e os int\u00e9rpretes, estando previsto o t\u00e9rmino da Mochila Cultural para as 12h30.<\/p>\n\n\n\n<p>A transmiss\u00e3o ser\u00e1 feita por streaming e em direto, atrav\u00e9s do canal Youtube da DGEstE:<\/p>\n\n\n\n<p class=\"has-text-align-center\"><a href=\"https:\/\/www.youtube.com\/c\/DGEstEMinisteriodaEducacao\"><strong><span class=\"has-inline-color has-vivid-red-color\">https:\/\/www.youtube.com\/c\/DGEstEMinisteriodaEducacao<\/span><\/strong><\/a><\/p>\n\n\n\n<p>Esta iniciativa integra a nossa iniciativa Mochila Cultural Digital, no \u00e2mbito do Plano de Recupera\u00e7\u00e3o de Aprendizagens Escola + 21\/23.<\/p>\n\n\n\n<hr class=\"wp-block-separator\"\/>\n\n\n\n<hr class=\"wp-block-separator\"\/>\n\n\n\n<div class=\"wp-block-media-text alignwide is-stacked-on-mobile\"><figure class=\"wp-block-media-text__media\"><a href=\"https:\/\/cinarts.eu\/\" target=\"_blank\" rel=\"noopener\"><img loading=\"lazy\" width=\"1030\" height=\"560\" src=\"http:\/\/aeaf.edu.pt\/wp-content\/uploads\/2022\/01\/CINARTS-1030x560.png\" alt=\"\" class=\"wp-image-11785 size-full\" srcset=\"https:\/\/aeaf.edu.pt\/wp-content\/uploads\/2022\/01\/CINARTS-1030x560.png 1030w, https:\/\/aeaf.edu.pt\/wp-content\/uploads\/2022\/01\/CINARTS-300x163.png 300w, https:\/\/aeaf.edu.pt\/wp-content\/uploads\/2022\/01\/CINARTS-768x418.png 768w, https:\/\/aeaf.edu.pt\/wp-content\/uploads\/2022\/01\/CINARTS-1536x836.png 1536w, https:\/\/aeaf.edu.pt\/wp-content\/uploads\/2022\/01\/CINARTS-2048x1114.png 2048w, https:\/\/aeaf.edu.pt\/wp-content\/uploads\/2022\/01\/CINARTS-1500x816.png 1500w, https:\/\/aeaf.edu.pt\/wp-content\/uploads\/2022\/01\/CINARTS-705x384.png 705w, https:\/\/aeaf.edu.pt\/wp-content\/uploads\/2022\/01\/CINARTS-450x245.png 450w\" sizes=\"(max-width: 1030px) 100vw, 1030px\" \/><\/a><\/figure><div class=\"wp-block-media-text__content\">\n<p class=\"has-medium-font-size\"><strong><a href=\"https:\/\/cinarts.eu\/\" target=\"_blank\" rel=\"noreferrer noopener\"><u><span style=\"color:#0d0ae7\" class=\"has-inline-color\">Projeto CINARTS (ENTRAR)<\/span><\/u><\/a><\/strong> <\/p>\n\n\n\n<p class=\"has-text-align-left\">Projeto para mediadores, professores e alunos que cruza as artes visuais e o cinema na perspetiva arte&amp;educa\u00e7\u00e3o, com materiais e propostas para sala de aula<\/p>\n<\/div><\/div>\n\n\n\n<hr class=\"wp-block-separator\"\/>\n\n\n\n<hr class=\"wp-block-separator\"\/>\n\n\n\n<div class=\"wp-block-media-text alignwide has-media-on-the-right is-stacked-on-mobile\" style=\"grid-template-columns:auto 30%\"><figure class=\"wp-block-media-text__media\"><a href=\"https:\/\/www.anilupa.pt\/pt\/\" target=\"_blank\" rel=\"noopener\"><img loading=\"lazy\" width=\"728\" height=\"1030\" src=\"http:\/\/aeaf.edu.pt\/wp-content\/uploads\/2022\/01\/Anilupa-728x1030.jpg\" alt=\"\" class=\"wp-image-11789 size-full\" srcset=\"https:\/\/aeaf.edu.pt\/wp-content\/uploads\/2022\/01\/Anilupa-728x1030.jpg 728w, https:\/\/aeaf.edu.pt\/wp-content\/uploads\/2022\/01\/Anilupa-212x300.jpg 212w, https:\/\/aeaf.edu.pt\/wp-content\/uploads\/2022\/01\/Anilupa-768x1086.jpg 768w, https:\/\/aeaf.edu.pt\/wp-content\/uploads\/2022\/01\/Anilupa-499x705.jpg 499w, https:\/\/aeaf.edu.pt\/wp-content\/uploads\/2022\/01\/Anilupa-450x636.jpg 450w, https:\/\/aeaf.edu.pt\/wp-content\/uploads\/2022\/01\/Anilupa.jpg 877w\" sizes=\"(max-width: 728px) 100vw, 728px\" \/><\/a><\/figure><div class=\"wp-block-media-text__content\">\n<p style=\"font-size:18px\"><strong><a href=\"https:\/\/www.anilupa.pt\/pt\/\" target=\"_blank\" rel=\"noreferrer noopener\"><span style=\"color:#0d0ae7\" class=\"has-inline-color\"><u>Mais de 200 filmes dispon\u00edveis para institui\u00e7\u00f5es e coletividades (ENTRAR)<\/u><\/span><\/a><\/strong>  <\/p>\n\n\n\n<p>Cinemateca Digital Anilupa \u00e9 uma plataforma online, que re\u00fane mais de 200 filmes de anima\u00e7\u00e3o organizados por v\u00e1rias categorias e tem\u00e1ticas, que foram realizados pelos grupos de crian\u00e7as, jovens e adultos. Com o intuito de promover a utiliza\u00e7\u00e3o deste patrim\u00f3nio cinematogr\u00e1fico para fins educativos e culturais, a plataforma proporciona acesso gratuito \u00e0s escolas e outras institui\u00e7\u00f5es do \u00e2mbito educativo, cultural ou social. O desenvolvimento da plataforma online da Cinemateca Digital foi realizado com apoio do Fundo Municipal de Apoio ao Associativismo Portuense.<\/p>\n<\/div><\/div>\n\n\n\n<p class=\"has-text-align-center\"><strong>Apresenta\u00e7\u00e3o da Cinemateca Digital Anilupa<\/strong><\/p>\n\n\n\n<p>Evento de apresenta\u00e7\u00e3o da Cinemateca Digital Anilupa do Centro L\u00fadico da Imagem Animada ANILUPA, val\u00eancia da Associa\u00e7\u00e3o de Ludotecas do Porto, que ir\u00e1 acontecer em formato online, no pr\u00f3ximo dia 19 de janeiro, quarta-feira, \u00e0s 16h30.<\/p>\n\n\n\n<p class=\"has-text-align-center\" style=\"font-size:18px\"><strong>Acesso ao evento: <a href=\"https:\/\/videoconf-colibri.zoom.us\/j\/84817609905\" target=\"_blank\" rel=\"noreferrer noopener\"><u><span style=\"color:#0d0ae7\" class=\"has-inline-color\">https:\/\/videoconf-colibri.zoom.us\/j\/84817609905<\/span><\/u><\/a><\/strong><\/p>\n\n\n\n<p><\/p>\n\n\n\n<p class=\"has-text-align-center\"><strong>Evento online | 19 JAN 2022 | 16h30<\/strong><\/p>\n\n\n\n<p><span class=\"has-inline-color has-black-color\">O evento do lan\u00e7amento da plataforma \u201cCinemateca Digital Anilupa\u201d \u00e9 dirigido a professores, educadores, animadores e outros agentes educativos e culturais. Para al\u00e9m da apresenta\u00e7\u00e3o das potencialidades e do funcionamento da Cinemateca Digital, pretende-se neste evento criar um espa\u00e7o da reflex\u00e3o e partilha sobre cinema enquanto arte e recurso pedag\u00f3gico em diversos contextos educativos. Deixamos o convite a todos os participantes para intervir na discuss\u00e3o e na partilha das experi\u00eancias no debate que ter\u00e1 os contributos do Jos\u00e9 Manuel Silva, docente licenciado em Ci\u00eancias de Educa\u00e7\u00e3o, Guilherme Rodrigues, docente do 1\u00ba Ciclo do Ensino B\u00e1sico e Munic\u00edpio do Porto.<\/span><\/p>\n\n\n\n<p class=\"has-text-align-right\">Equipa do CLIA Anilupa<\/p>\n\n\n\n<p class=\"has-text-align-right\"><a href=\"http:\/\/www.anilupa.pt\/\" target=\"_blank\" rel=\"noreferrer noopener\">www.anilupa.pt<\/a> | tel. 222081213 | <a href=\"mailto:info@anilupa.pt\" target=\"_blank\" rel=\"noreferrer noopener\">info@anilupa.pt<\/a><\/p>\n\n\n\n<hr class=\"wp-block-separator\"\/>\n\n\n\n<hr class=\"wp-block-separator\"\/>\n\n\n\n<div class=\"wp-block-media-text alignwide is-stacked-on-mobile\" style=\"grid-template-columns:48% auto\"><figure class=\"wp-block-media-text__media\"><a href=\"https:\/\/www.culturalkids.pt\/onde-esta-o-gil\/\" target=\"_blank\" rel=\"noopener\"><img loading=\"lazy\" width=\"550\" height=\"309\" src=\"http:\/\/aeaf.edu.pt\/wp-content\/uploads\/2022\/01\/GIL.jpg\" alt=\"\" class=\"wp-image-11787 size-full\" srcset=\"https:\/\/aeaf.edu.pt\/wp-content\/uploads\/2022\/01\/GIL.jpg 550w, https:\/\/aeaf.edu.pt\/wp-content\/uploads\/2022\/01\/GIL-300x169.jpg 300w, https:\/\/aeaf.edu.pt\/wp-content\/uploads\/2022\/01\/GIL-450x253.jpg 450w\" sizes=\"(max-width: 550px) 100vw, 550px\" \/><\/a><\/figure><div class=\"wp-block-media-text__content\">\n<p class=\"has-medium-font-size\"><strong><a href=\"https:\/\/www.culturalkids.pt\/onde-esta-o-gil\/\" target=\"_blank\" rel=\"noreferrer noopener\"><u><span style=\"color:#0d0ae7\" class=\"has-inline-color\">&#8220;Onde Est\u00e1 o Gil?&#8221;(ENTRAR)<\/span><\/u><\/a><\/strong> <\/p>\n\n\n\n<p>A atividade <strong>\u201cOnde Est\u00e1 o Gil?\u201d <\/strong>\u2013 Visita Virtual ao Mundo do Teatro conduzida por Gil Vicente j\u00e1 se encontra dispon\u00edvel . <\/p>\n<\/div><\/div>\n\n\n\n<p class=\"has-text-align-center\"><strong>\u201cVisita Virtual ao Mundo do Teatro\u201d<\/strong><\/p>\n\n\n\n<p>Visita em v\u00eddeo, conduzida por Gil Vicente, \u00e9 o n\u00facleo central de um projeto que pretende dar a conhecer o teatro visto desde dentro porque o teatro n\u00e3o \u00e9 apenas os atores que representam a cada dia o espet\u00e1culo que o p\u00fablico pode ver. O teatro \u00e9 tamb\u00e9m o resultado do trabalho de uma enorme equipa de fazedores: artistas, t\u00e9cnicos, atores, produtores, etc. normalmente invis\u00edvel para o p\u00fablico em geral.<\/p>\n\n\n\n<p class=\"has-text-align-center\"><strong>\u201cEntrevistas &amp; Testemunhos\u201d<\/strong><\/p>\n\n\n\n<p>D\u00e1 a conhecer atrav\u00e9s de dezenas de entrevistas e centenas de perguntas a variedade das profiss\u00f5es associadas \u00e0 cria\u00e7\u00e3o de um espet\u00e1culo.<\/p>\n\n\n\n<p class=\"has-text-align-center\"><strong>\u201cFichas de Atividades Pedag\u00f3gicas\u201d<\/strong><\/p>\n\n\n\n<p>Organizadas por ciclos de ensino procuram consolidar e alargar o interesse dos alunos sobre a tem\u00e1tica das profiss\u00f5es ligadas \u00e0 cria\u00e7\u00e3o de um espet\u00e1culo.<\/p>\n","protected":false},"excerpt":{"rendered":"<p>A Escola, a Arte e os 50 anos do 25 de Abril REVOLUCIONA-TE, foi o modus operandi do PCE para este ano letivo. A nossa reflex\u00e3o centrou-se em sensibilizar os alunos para que percebessem que a revolu\u00e7\u00e3o deve partir de dentro deles, algo que os transforma profundamente. Ao longo do ano foram muitas as atividades [&hellip;]<\/p>\n","protected":false},"author":5,"featured_media":11499,"comment_status":"closed","ping_status":"closed","sticky":false,"template":"","format":"standard","meta":[],"categories":[1],"tags":[],"_links":{"self":[{"href":"https:\/\/aeaf.edu.pt\/index.php?rest_route=\/wp\/v2\/posts\/11784"}],"collection":[{"href":"https:\/\/aeaf.edu.pt\/index.php?rest_route=\/wp\/v2\/posts"}],"about":[{"href":"https:\/\/aeaf.edu.pt\/index.php?rest_route=\/wp\/v2\/types\/post"}],"author":[{"embeddable":true,"href":"https:\/\/aeaf.edu.pt\/index.php?rest_route=\/wp\/v2\/users\/5"}],"replies":[{"embeddable":true,"href":"https:\/\/aeaf.edu.pt\/index.php?rest_route=%2Fwp%2Fv2%2Fcomments&post=11784"}],"version-history":[{"count":30,"href":"https:\/\/aeaf.edu.pt\/index.php?rest_route=\/wp\/v2\/posts\/11784\/revisions"}],"predecessor-version":[{"id":14151,"href":"https:\/\/aeaf.edu.pt\/index.php?rest_route=\/wp\/v2\/posts\/11784\/revisions\/14151"}],"wp:featuredmedia":[{"embeddable":true,"href":"https:\/\/aeaf.edu.pt\/index.php?rest_route=\/wp\/v2\/media\/11499"}],"wp:attachment":[{"href":"https:\/\/aeaf.edu.pt\/index.php?rest_route=%2Fwp%2Fv2%2Fmedia&parent=11784"}],"wp:term":[{"taxonomy":"category","embeddable":true,"href":"https:\/\/aeaf.edu.pt\/index.php?rest_route=%2Fwp%2Fv2%2Fcategories&post=11784"},{"taxonomy":"post_tag","embeddable":true,"href":"https:\/\/aeaf.edu.pt\/index.php?rest_route=%2Fwp%2Fv2%2Ftags&post=11784"}],"curies":[{"name":"wp","href":"https:\/\/api.w.org\/{rel}","templated":true}]}}